{"id":860,"date":"2020-12-18T00:00:00","date_gmt":"2020-12-18T00:00:00","guid":{"rendered":"https:\/\/iatse.net\/2020\/12\/18\/iatse-local-834-vp-and-dei-member-at-large-jessica-gavin-talks-activism-participation-in-biden-panel\/"},"modified":"2020-12-18T00:00:00","modified_gmt":"2020-12-18T00:00:00","slug":"iatse-local-834-vp-and-dei-member-at-large-jessica-gavin-talks-activism-participation-in-biden-panel","status":"publish","type":"post","link":"https:\/\/iatse.net\/fr\/iatse-local-834-vp-and-dei-member-at-large-jessica-gavin-talks-activism-participation-in-biden-panel\/","title":{"rendered":"Jessica Gavin, vice-pr\u00e9sidente de la section 834 de l'IATSE et membre \u00e0 part enti\u00e8re de l'IED, parle de militantisme et de sa participation au panel Biden."},"content":{"rendered":"<p>En juin 2020, la vice-pr\u00e9sidente de la section 834, machiniste et gr\u00e9euse, Jessica Gavin s'est assise avec le d\u00e9partement des communications de l'IATSE pour partager son exp\u00e9rience en tant que gr\u00e9euse dans l'industrie du spectacle et discuter de la diversit\u00e9, du militantisme et de l'unit\u00e9 au sein de sa section. Six mois plus tard, Jessica Gavin utilise plus que jamais sa plateforme pour faire entendre la voix des travailleurs du spectacle et des membres de sa section locale.<\/p>\n<p>En tant que pilier de sa communaut\u00e9, Gavin est la coordinatrice politique de la section 834, membre du comit\u00e9 des jeunes travailleurs (YWC) de l'IATSE et membre \u00e0 part enti\u00e8re du nouveau comit\u00e9 ex\u00e9cutif de l'IATSE sur la diversit\u00e9, l'\u00e9quit\u00e9 et l'inclusion (DEI).  \"Actuellement, je me concentre sur l'activit\u00e9 politique dans ma communaut\u00e9 afin d'aider \u00e0 rendre la G\u00e9orgie bleue au S\u00e9nat\", d\u00e9clare Gavin. \"Pendant ce temps, ma section locale a \u00e9galement cr\u00e9\u00e9 un comit\u00e9 d'intervention d'urgence pour s'assurer que nos membres obtiennent toute l'aide dont ils ont besoin, que ce soit une aide financi\u00e8re ou alimentaire. \u00c0 ce jour, nous avons aid\u00e9 plus de 250 membres de la section locale 834.\"<\/p>\n<p>Comme si cela ne suffisait pas, Gavin allait bient\u00f4t utiliser \u00e0 nouveau sa plateforme pour repr\u00e9senter et donner du pouvoir \u00e0 ses cons\u0153urs, confr\u00e8res et cons\u0153urs de l'IATSE, cette fois \u00e0 plus grande \u00e9chelle. <\/p>\n<p>Le 2 d\u00e9cembre 2020, Gavin a \u00e9t\u00e9 invit\u00e9 \u00e0 s'adresser au pr\u00e9sident \u00e9lu Joe Biden lors d'une table ronde virtuelle pour discuter des pr\u00e9occupations des membres de l'IATSE, de l'impact de COVID-19 sur l'\u00e9conomie et des travailleurs du spectacle. \"Je suis habituellement nerveux, mais cette fois-ci, je ne l'\u00e9tais pas du tout. J'\u00e9tais confiant de parler \u00e0 quelqu'un qui peut nous aider et obtenir l'attention dont les travailleurs du spectacle ont besoin\", a d\u00e9clar\u00e9 Gavin. \"Nous sommes confront\u00e9s \u00e0 tant de jours troublants. Nous avons tous contact\u00e9 les s\u00e9nateurs, les gouverneurs et les l\u00e9gislateurs chaque jour, c'est donc avec humilit\u00e9 que j'ai parl\u00e9 en notre nom. J'esp\u00e8re que le fait de prendre la parole apportera une certaine forme d'aide aux travailleurs de notre industrie.\"<\/p>\n<p>Lorsqu'il s'est adress\u00e9 au pr\u00e9sident \u00e9lu Joe Biden, M. Gavin a exprim\u00e9 l'immense impact que le COVID-19 a eu sur les membres de l'IATSE et a exhort\u00e9 le pr\u00e9sident \u00e9lu Biden et son administration \u00e0 adopter des mesures d'aide pour les travailleurs du spectacle. \"Nous avons \u00e9t\u00e9 les premiers \u00e0 \u00eatre licenci\u00e9s et nous serons probablement les derniers \u00e0 revenir. Les travailleurs du secteur du spectacle sont actuellement rel\u00e9gu\u00e9s au second plan. Nous sommes dans une situation d\u00e9licate. Nous avons tout essay\u00e9, nous faisons tout ce que nous pouvons. Nous avons besoin d'aide, nous avons besoin de beaucoup d'aide\".<\/p>\n<p>Gavin dit qu'en tant que jeune femme de couleur, ce moment et l'opportunit\u00e9 de parler au pr\u00e9sident \u00e9lu Joe Biden au nom de sa famille syndicale \u00e9taient incroyables. \"Savoir que Kamala Harris sera la premi\u00e8re femme vice-pr\u00e9sidente et parler au pr\u00e9sident \u00e9lu Joe Biden, en tant que jeune femme de couleur, c'\u00e9tait litt\u00e9ralement inexplicable\", a-t-elle ajout\u00e9.<\/p>\n<p>\"C'est un honneur. Je fais partie d'une triple minorit\u00e9. Personne, l\u00e0 d'o\u00f9 je viens, n'est impliqu\u00e9 dans la politique, alors avoir cette opportunit\u00e9, je n'arrive toujours pas \u00e0 y croire.\"<\/p>\n<p>Mme Gavin affirme que depuis la discussion avec le pr\u00e9sident \u00e9lu Joe Biden, de nombreuses personnalit\u00e9s du monde du spectacle et du journalisme l'ont f\u00e9licit\u00e9e pour avoir pris la parole et fait entendre la voix des travailleurs du spectacle. Mme Gavin a \u00e9galement re\u00e7u une avalanche d'amour et de soutien de la part de ses cons\u0153urs et confr\u00e8res de l'IATSE partout dans le monde.<\/p>\n<p>\"C'est une sensation extraordinaire. Cela fait chaud au c\u0153ur de savoir que je peux parler des probl\u00e8mes auxquels nous sommes confront\u00e9s en tant qu'industrie. Ce que nous faisons en tant que travailleurs du spectacle, c'est ce qui gu\u00e9rit notre pays pendant la pand\u00e9mie\", a ajout\u00e9 M. Gavin.<br \/>\n\"Tout le monde regarde la t\u00e9l\u00e9vision pendant cette p\u00e9riode, mais personne ne prend le temps de r\u00e9fl\u00e9chir aux personnes qui mettent en place ces \u00e9missions.\" <\/p>\n<p>Mme Gavin attribue en partie \u00e0 ses fonctions de vice-pr\u00e9sidente de la section 834 et de membre du comit\u00e9 YWC et DEI de l'IATSE la raison pour laquelle elle est si active et d\u00e9fend les probl\u00e8mes de sa communaut\u00e9 et des membres de l'IATSE. \"Occuper ces postes m'a permis de rencontrer plus de gens que je n'aurais jamais pu imaginer. Quand vous \u00eates dans le leadership, vous l'\u00eates pour aider.<\/p>\n<p>J'ai beaucoup de gens qui comptent sur moi dans ma section locale et ma famille. J'ai maintenant la possibilit\u00e9 de m'aider et d'aider ma communaut\u00e9. Je suis entour\u00e9e d'organisateurs aux vues similaires et j'ai le soutien du mouvement syndical \", a-t-elle exprim\u00e9.<br \/>\nMme Gavin affirme qu'elle continuera \u00e0 se battre pour les travailleurs de premi\u00e8re ligne et qu'elle ne s'arr\u00eatera pas tant qu'elle n'aura pas ramen\u00e9 l'industrie du divertissement.<\/p>\n<p>\"Je ne peux me concentrer sur rien tant que je n'ai pas ramen\u00e9 notre industrie, m\u00eame si je dois le faire seule, je dois ramener toute l'IATSE\", dit-elle. <\/p>\n<p>\"Dans dix ans, j'envisage de me pr\u00e9senter au Congr\u00e8s en tant que candidat syndical. Je veux parler au nom des travailleurs et continuer \u00e0 \u00eatre \u00e0 l'avant-garde du c\u00f4t\u00e9 syndical de l'IATSE.\"<\/p>","protected":false},"excerpt":{"rendered":"<p>En juin 2020, la vice-pr\u00e9sidente de la section 834, machiniste et gr\u00e9euse, Jessica Gavin, a rencontr\u00e9 le d\u00e9partement des communications de l'IATSE pour partager son exp\u00e9rience en tant que gr\u00e9euse dans l'industrie de l'exposition et discuter [...].<\/p>","protected":false},"author":1,"featured_media":817,"comment_status":"closed","ping_status":"open","sticky":false,"template":"","format":"standard","meta":{"_acf_changed":false,"_monsterinsights_skip_tracking":false,"_monsterinsights_sitenote_active":false,"_monsterinsights_sitenote_note":"","_monsterinsights_sitenote_category":0,"footnotes":""},"categories":[9],"tags":[33,36,23],"yoast_head":"<!-- This site is optimized with the Yoast SEO plugin v23.5 - https:\/\/yoast.com\/wordpress\/plugins\/seo\/ -->\n<title>IATSE Local 834 VP and DEI Member-At-Large Jessica Gavin Talks Activism, Participation in Biden Panel - IATSE<\/title>\n<meta name=\"robots\" content=\"index, follow, max-snippet:-1, max-image-preview:large, max-video-preview:-1\" \/>\n<link rel=\"canonical\" href=\"https:\/\/iatse.net\/fr\/iatse-local-834-vp-and-dei-member-at-large-jessica-gavin-talks-activism-participation-in-biden-panel\/\" \/>\n<meta property=\"og:locale\" content=\"fr_CA\" \/>\n<meta property=\"og:type\" content=\"article\" \/>\n<meta property=\"og:title\" content=\"IATSE Local 834 VP and DEI Member-At-Large Jessica Gavin Talks Activism, Participation in Biden Panel - IATSE\" \/>\n<meta property=\"og:description\" content=\"In June 2020, Local 834 Vice President, Stagehand and Rigger, Jessica Gavin sat with IATSE\u2019s Communications Department to share her experience as a Rigger in the exhibition industry and discuss [&hellip;]\" \/>\n<meta property=\"og:url\" content=\"https:\/\/iatse.net\/fr\/iatse-local-834-vp-and-dei-member-at-large-jessica-gavin-talks-activism-participation-in-biden-panel\/\" \/>\n<meta property=\"og:site_name\" content=\"IATSE\" \/>\n<meta property=\"article:published_time\" content=\"2020-12-18T00:00:00+00:00\" \/>\n<meta property=\"og:image\" content=\"https:\/\/iatse.net\/wp-content\/uploads\/2021\/06\/JessG-e1608134404670-1024x560-1.png\" \/>\n\t<meta property=\"og:image:width\" content=\"1024\" \/>\n\t<meta property=\"og:image:height\" content=\"560\" \/>\n\t<meta property=\"og:image:type\" content=\"image\/png\" \/>\n<meta name=\"author\" content=\"IATSE Communications\" \/>\n<meta name=\"twitter:card\" content=\"summary_large_image\" \/>\n<meta name=\"twitter:label1\" content=\"\u00c9crit par\" \/>\n\t<meta name=\"twitter:data1\" content=\"IATSE Communications\" \/>\n\t<meta name=\"twitter:label2\" content=\"Estimation du temps de lecture\" \/>\n\t<meta name=\"twitter:data2\" content=\"4 minutes\" \/>\n<script type=\"application\/ld+json\" class=\"yoast-schema-graph\">{\"@context\":\"https:\/\/schema.org\",\"@graph\":[{\"@type\":\"Article\",\"@id\":\"https:\/\/iatse.net\/iatse-local-834-vp-and-dei-member-at-large-jessica-gavin-talks-activism-participation-in-biden-panel\/#article\",\"isPartOf\":{\"@id\":\"https:\/\/iatse.net\/iatse-local-834-vp-and-dei-member-at-large-jessica-gavin-talks-activism-participation-in-biden-panel\/\"},\"author\":{\"name\":\"IATSE Communications\",\"@id\":\"https:\/\/iatse.net\/#\/schema\/person\/0f70e66471ace00026b129e85eb44df0\"},\"headline\":\"IATSE Local 834 VP and DEI Member-At-Large Jessica Gavin Talks Activism, Participation in Biden Panel\",\"datePublished\":\"2020-12-18T00:00:00+00:00\",\"dateModified\":\"2020-12-18T00:00:00+00:00\",\"mainEntityOfPage\":{\"@id\":\"https:\/\/iatse.net\/iatse-local-834-vp-and-dei-member-at-large-jessica-gavin-talks-activism-participation-in-biden-panel\/\"},\"wordCount\":797,\"publisher\":{\"@id\":\"https:\/\/iatse.net\/#organization\"},\"image\":{\"@id\":\"https:\/\/iatse.net\/iatse-local-834-vp-and-dei-member-at-large-jessica-gavin-talks-activism-participation-in-biden-panel\/#primaryimage\"},\"thumbnailUrl\":\"https:\/\/iatse.net\/wp-content\/uploads\/2021\/06\/JessG-e1608134404670-1024x560-1.png\",\"keywords\":[\"Coronavirus Active Response and Engagement Service (C.A.R.E.S.)\",\"Diversity Equity Inclusion Committee\",\"Political and Legislative\"],\"articleSection\":[\"Member Story\"],\"inLanguage\":\"fr-CA\"},{\"@type\":\"WebPage\",\"@id\":\"https:\/\/iatse.net\/iatse-local-834-vp-and-dei-member-at-large-jessica-gavin-talks-activism-participation-in-biden-panel\/\",\"url\":\"https:\/\/iatse.net\/iatse-local-834-vp-and-dei-member-at-large-jessica-gavin-talks-activism-participation-in-biden-panel\/\",\"name\":\"IATSE Local 834 VP and DEI Member-At-Large Jessica Gavin Talks Activism, Participation in Biden Panel - IATSE\",\"isPartOf\":{\"@id\":\"https:\/\/iatse.net\/#website\"},\"primaryImageOfPage\":{\"@id\":\"https:\/\/iatse.net\/iatse-local-834-vp-and-dei-member-at-large-jessica-gavin-talks-activism-participation-in-biden-panel\/#primaryimage\"},\"image\":{\"@id\":\"https:\/\/iatse.net\/iatse-local-834-vp-and-dei-member-at-large-jessica-gavin-talks-activism-participation-in-biden-panel\/#primaryimage\"},\"thumbnailUrl\":\"https:\/\/iatse.net\/wp-content\/uploads\/2021\/06\/JessG-e1608134404670-1024x560-1.png\",\"datePublished\":\"2020-12-18T00:00:00+00:00\",\"dateModified\":\"2020-12-18T00:00:00+00:00\",\"breadcrumb\":{\"@id\":\"https:\/\/iatse.net\/iatse-local-834-vp-and-dei-member-at-large-jessica-gavin-talks-activism-participation-in-biden-panel\/#breadcrumb\"},\"inLanguage\":\"fr-CA\",\"potentialAction\":[{\"@type\":\"ReadAction\",\"target\":[\"https:\/\/iatse.net\/iatse-local-834-vp-and-dei-member-at-large-jessica-gavin-talks-activism-participation-in-biden-panel\/\"]}]},{\"@type\":\"ImageObject\",\"inLanguage\":\"fr-CA\",\"@id\":\"https:\/\/iatse.net\/iatse-local-834-vp-and-dei-member-at-large-jessica-gavin-talks-activism-participation-in-biden-panel\/#primaryimage\",\"url\":\"https:\/\/iatse.net\/wp-content\/uploads\/2021\/06\/JessG-e1608134404670-1024x560-1.png\",\"contentUrl\":\"https:\/\/iatse.net\/wp-content\/uploads\/2021\/06\/JessG-e1608134404670-1024x560-1.png\",\"width\":1024,\"height\":560,\"caption\":\"Jessica Gavin of Local 834 Talks with President Biden\"},{\"@type\":\"BreadcrumbList\",\"@id\":\"https:\/\/iatse.net\/iatse-local-834-vp-and-dei-member-at-large-jessica-gavin-talks-activism-participation-in-biden-panel\/#breadcrumb\",\"itemListElement\":[{\"@type\":\"ListItem\",\"position\":1,\"name\":\"Home\",\"item\":\"https:\/\/iatse.net\/\"},{\"@type\":\"ListItem\",\"position\":2,\"name\":\"IATSE Local 834 VP and DEI Member-At-Large Jessica Gavin Talks Activism, Participation in Biden Panel\"}]},{\"@type\":\"WebSite\",\"@id\":\"https:\/\/iatse.net\/#website\",\"url\":\"https:\/\/iatse.net\/\",\"name\":\"IATSE\",\"description\":\"The Union Behind Entertainment\",\"publisher\":{\"@id\":\"https:\/\/iatse.net\/#organization\"},\"potentialAction\":[{\"@type\":\"SearchAction\",\"target\":{\"@type\":\"EntryPoint\",\"urlTemplate\":\"https:\/\/iatse.net\/?s={search_term_string}\"},\"query-input\":{\"@type\":\"PropertyValueSpecification\",\"valueRequired\":true,\"valueName\":\"search_term_string\"}}],\"inLanguage\":\"fr-CA\"},{\"@type\":\"Organization\",\"@id\":\"https:\/\/iatse.net\/#organization\",\"name\":\"IATSE\",\"url\":\"https:\/\/iatse.net\/\",\"logo\":{\"@type\":\"ImageObject\",\"inLanguage\":\"fr-CA\",\"@id\":\"https:\/\/iatse.net\/#\/schema\/logo\/image\/\",\"url\":\"https:\/\/iatse.net\/wp-content\/uploads\/2021\/03\/IATSE_Logo_White.png\",\"contentUrl\":\"https:\/\/iatse.net\/wp-content\/uploads\/2021\/03\/IATSE_Logo_White.png\",\"width\":2100,\"height\":1987,\"caption\":\"IATSE\"},\"image\":{\"@id\":\"https:\/\/iatse.net\/#\/schema\/logo\/image\/\"}},{\"@type\":\"Person\",\"@id\":\"https:\/\/iatse.net\/#\/schema\/person\/0f70e66471ace00026b129e85eb44df0\",\"name\":\"IATSE Communications\",\"image\":{\"@type\":\"ImageObject\",\"inLanguage\":\"fr-CA\",\"@id\":\"https:\/\/iatse.net\/#\/schema\/person\/image\/\",\"url\":\"https:\/\/secure.gravatar.com\/avatar\/35aecdeea9e9584c91ca1675b0997004?s=96&d=mm&r=g\",\"contentUrl\":\"https:\/\/secure.gravatar.com\/avatar\/35aecdeea9e9584c91ca1675b0997004?s=96&d=mm&r=g\",\"caption\":\"IATSE Communications\"},\"sameAs\":[\"https:\/\/iatse.net\"],\"url\":\"https:\/\/iatse.net\/fr\/author\/communications\/\"}]}<\/script>\n<!-- \/ Yoast SEO plugin. -->","yoast_head_json":{"title":"IATSE Local 834 VP and DEI Member-At-Large Jessica Gavin Talks Activism, Participation in Biden Panel - IATSE","robots":{"index":"index","follow":"follow","max-snippet":"max-snippet:-1","max-image-preview":"max-image-preview:large","max-video-preview":"max-video-preview:-1"},"canonical":"https:\/\/iatse.net\/fr\/iatse-local-834-vp-and-dei-member-at-large-jessica-gavin-talks-activism-participation-in-biden-panel\/","og_locale":"fr_CA","og_type":"article","og_title":"IATSE Local 834 VP and DEI Member-At-Large Jessica Gavin Talks Activism, Participation in Biden Panel - IATSE","og_description":"In June 2020, Local 834 Vice President, Stagehand and Rigger, Jessica Gavin sat with IATSE\u2019s Communications Department to share her experience as a Rigger in the exhibition industry and discuss [&hellip;]","og_url":"https:\/\/iatse.net\/fr\/iatse-local-834-vp-and-dei-member-at-large-jessica-gavin-talks-activism-participation-in-biden-panel\/","og_site_name":"IATSE","article_published_time":"2020-12-18T00:00:00+00:00","og_image":[{"width":1024,"height":560,"url":"https:\/\/iatse.net\/wp-content\/uploads\/2021\/06\/JessG-e1608134404670-1024x560-1.png","type":"image\/png"}],"author":"IATSE Communications","twitter_card":"summary_large_image","twitter_misc":{"\u00c9crit par":"IATSE Communications","Estimation du temps de lecture":"4 minutes"},"schema":{"@context":"https:\/\/schema.org","@graph":[{"@type":"Article","@id":"https:\/\/iatse.net\/iatse-local-834-vp-and-dei-member-at-large-jessica-gavin-talks-activism-participation-in-biden-panel\/#article","isPartOf":{"@id":"https:\/\/iatse.net\/iatse-local-834-vp-and-dei-member-at-large-jessica-gavin-talks-activism-participation-in-biden-panel\/"},"author":{"name":"IATSE Communications","@id":"https:\/\/iatse.net\/#\/schema\/person\/0f70e66471ace00026b129e85eb44df0"},"headline":"IATSE Local 834 VP and DEI Member-At-Large Jessica Gavin Talks Activism, Participation in Biden Panel","datePublished":"2020-12-18T00:00:00+00:00","dateModified":"2020-12-18T00:00:00+00:00","mainEntityOfPage":{"@id":"https:\/\/iatse.net\/iatse-local-834-vp-and-dei-member-at-large-jessica-gavin-talks-activism-participation-in-biden-panel\/"},"wordCount":797,"publisher":{"@id":"https:\/\/iatse.net\/#organization"},"image":{"@id":"https:\/\/iatse.net\/iatse-local-834-vp-and-dei-member-at-large-jessica-gavin-talks-activism-participation-in-biden-panel\/#primaryimage"},"thumbnailUrl":"https:\/\/iatse.net\/wp-content\/uploads\/2021\/06\/JessG-e1608134404670-1024x560-1.png","keywords":["Coronavirus Active Response and Engagement Service (C.A.R.E.S.)","Diversity Equity Inclusion Committee","Political and Legislative"],"articleSection":["Member Story"],"inLanguage":"fr-CA"},{"@type":"WebPage","@id":"https:\/\/iatse.net\/iatse-local-834-vp-and-dei-member-at-large-jessica-gavin-talks-activism-participation-in-biden-panel\/","url":"https:\/\/iatse.net\/iatse-local-834-vp-and-dei-member-at-large-jessica-gavin-talks-activism-participation-in-biden-panel\/","name":"IATSE Local 834 VP and DEI Member-At-Large Jessica Gavin Talks Activism, Participation in Biden Panel - IATSE","isPartOf":{"@id":"https:\/\/iatse.net\/#website"},"primaryImageOfPage":{"@id":"https:\/\/iatse.net\/iatse-local-834-vp-and-dei-member-at-large-jessica-gavin-talks-activism-participation-in-biden-panel\/#primaryimage"},"image":{"@id":"https:\/\/iatse.net\/iatse-local-834-vp-and-dei-member-at-large-jessica-gavin-talks-activism-participation-in-biden-panel\/#primaryimage"},"thumbnailUrl":"https:\/\/iatse.net\/wp-content\/uploads\/2021\/06\/JessG-e1608134404670-1024x560-1.png","datePublished":"2020-12-18T00:00:00+00:00","dateModified":"2020-12-18T00:00:00+00:00","breadcrumb":{"@id":"https:\/\/iatse.net\/iatse-local-834-vp-and-dei-member-at-large-jessica-gavin-talks-activism-participation-in-biden-panel\/#breadcrumb"},"inLanguage":"fr-CA","potentialAction":[{"@type":"ReadAction","target":["https:\/\/iatse.net\/iatse-local-834-vp-and-dei-member-at-large-jessica-gavin-talks-activism-participation-in-biden-panel\/"]}]},{"@type":"ImageObject","inLanguage":"fr-CA","@id":"https:\/\/iatse.net\/iatse-local-834-vp-and-dei-member-at-large-jessica-gavin-talks-activism-participation-in-biden-panel\/#primaryimage","url":"https:\/\/iatse.net\/wp-content\/uploads\/2021\/06\/JessG-e1608134404670-1024x560-1.png","contentUrl":"https:\/\/iatse.net\/wp-content\/uploads\/2021\/06\/JessG-e1608134404670-1024x560-1.png","width":1024,"height":560,"caption":"Jessica Gavin of Local 834 Talks with President Biden"},{"@type":"BreadcrumbList","@id":"https:\/\/iatse.net\/iatse-local-834-vp-and-dei-member-at-large-jessica-gavin-talks-activism-participation-in-biden-panel\/#breadcrumb","itemListElement":[{"@type":"ListItem","position":1,"name":"Home","item":"https:\/\/iatse.net\/"},{"@type":"ListItem","position":2,"name":"IATSE Local 834 VP and DEI Member-At-Large Jessica Gavin Talks Activism, Participation in Biden Panel"}]},{"@type":"WebSite","@id":"https:\/\/iatse.net\/#website","url":"https:\/\/iatse.net\/","name":"IATSE","description":"The Union Behind Entertainment","publisher":{"@id":"https:\/\/iatse.net\/#organization"},"potentialAction":[{"@type":"SearchAction","target":{"@type":"EntryPoint","urlTemplate":"https:\/\/iatse.net\/?s={search_term_string}"},"query-input":{"@type":"PropertyValueSpecification","valueRequired":true,"valueName":"search_term_string"}}],"inLanguage":"fr-CA"},{"@type":"Organization","@id":"https:\/\/iatse.net\/#organization","name":"IATSE","url":"https:\/\/iatse.net\/","logo":{"@type":"ImageObject","inLanguage":"fr-CA","@id":"https:\/\/iatse.net\/#\/schema\/logo\/image\/","url":"https:\/\/iatse.net\/wp-content\/uploads\/2021\/03\/IATSE_Logo_White.png","contentUrl":"https:\/\/iatse.net\/wp-content\/uploads\/2021\/03\/IATSE_Logo_White.png","width":2100,"height":1987,"caption":"IATSE"},"image":{"@id":"https:\/\/iatse.net\/#\/schema\/logo\/image\/"}},{"@type":"Person","@id":"https:\/\/iatse.net\/#\/schema\/person\/0f70e66471ace00026b129e85eb44df0","name":"IATSE Communications","image":{"@type":"ImageObject","inLanguage":"fr-CA","@id":"https:\/\/iatse.net\/#\/schema\/person\/image\/","url":"https:\/\/secure.gravatar.com\/avatar\/35aecdeea9e9584c91ca1675b0997004?s=96&d=mm&r=g","contentUrl":"https:\/\/secure.gravatar.com\/avatar\/35aecdeea9e9584c91ca1675b0997004?s=96&d=mm&r=g","caption":"IATSE Communications"},"sameAs":["https:\/\/iatse.net"],"url":"https:\/\/iatse.net\/fr\/author\/communications\/"}]}},"acf":[],"_links":{"self":[{"href":"https:\/\/iatse.net\/fr\/wp-json\/wp\/v2\/posts\/860"}],"collection":[{"href":"https:\/\/iatse.net\/fr\/wp-json\/wp\/v2\/posts"}],"about":[{"href":"https:\/\/iatse.net\/fr\/wp-json\/wp\/v2\/types\/post"}],"author":[{"embeddable":true,"href":"https:\/\/iatse.net\/fr\/wp-json\/wp\/v2\/users\/1"}],"replies":[{"embeddable":true,"href":"https:\/\/iatse.net\/fr\/wp-json\/wp\/v2\/comments?post=860"}],"version-history":[{"count":0,"href":"https:\/\/iatse.net\/fr\/wp-json\/wp\/v2\/posts\/860\/revisions"}],"wp:featuredmedia":[{"embeddable":true,"href":"https:\/\/iatse.net\/fr\/wp-json\/wp\/v2\/media\/817"}],"wp:attachment":[{"href":"https:\/\/iatse.net\/fr\/wp-json\/wp\/v2\/media?parent=860"}],"wp:term":[{"taxonomy":"category","embeddable":true,"href":"https:\/\/iatse.net\/fr\/wp-json\/wp\/v2\/categories?post=860"},{"taxonomy":"post_tag","embeddable":true,"href":"https:\/\/iatse.net\/fr\/wp-json\/wp\/v2\/tags?post=860"}],"curies":[{"name":"wp","href":"https:\/\/api.w.org\/{rel}","templated":true}]}}