{"id":847,"date":"2020-05-21T00:00:00","date_gmt":"2020-05-21T00:00:00","guid":{"rendered":"https:\/\/iatse.net\/2020\/05\/21\/local-28-activism-chair-rose-etta-venetucci-shares-what-her-local-is-doing-in-the-fight-against-covid-19\/"},"modified":"2020-05-21T00:00:00","modified_gmt":"2020-05-21T00:00:00","slug":"local-28-activism-chair-rose-etta-venetucci-shares-what-her-local-is-doing-in-the-fight-against-covid-19","status":"publish","type":"post","link":"https:\/\/iatse.net\/fr\/local-28-activism-chair-rose-etta-venetucci-shares-what-her-local-is-doing-in-the-fight-against-covid-19\/","title":{"rendered":"Rose Etta Venetucci, pr\u00e9sidente du comit\u00e9 d'activisme de la section 28, partage les actions de sa section dans la lutte contre le Covid-19."},"content":{"rendered":"<p>J'ai \u00e9t\u00e9 d\u00e9vast\u00e9 quand tout a commenc\u00e9 \u00e0 s'\u00e9crouler. Nous allions bien, nous allions de l'avant, nous nous d\u00e9veloppions et nous r\u00e9glions certains probl\u00e8mes \u00e0 long terme. Je venais de commencer mon deuxi\u00e8me mandat de repr\u00e9sentant commercial en janvier.<\/p>\n<p>Rose Etta Venetucci est la repr\u00e9sentante des entreprises pour la section 28 de l'IATSE, pr\u00e9sidente du comit\u00e9 d'activisme de la section 28 de l'IATSE et du comit\u00e9 de la f\u00eate du 125e anniversaire, membre du comit\u00e9 des femmes de l'IATSE, pr\u00e9sidente du comit\u00e9 l\u00e9gislatif du district 1, membre du conseil ex\u00e9cutif de l'AFL-CIO de l'Oregon, membre du conseil ex\u00e9cutif du NWOLC et d\u00e9l\u00e9gu\u00e9e du SWWLC.<\/p>\n<p>La syndicaliste, qui compte 30 ans d'anciennet\u00e9, se f\u00e9licite d'avoir d\u00e9j\u00e0 un mandat \u00e0 son actif lorsque la pand\u00e9mie a frapp\u00e9.<\/p>\n<p>\"Je suis reconnaissant au d\u00e9partement de l'\u00e9ducation de l'IA et \u00e0 l'actuel pr\u00e9sident, aux officiers et aux repr\u00e9sentants de l'IA de nous avoir donn\u00e9 une formation pr\u00e9alable\", d\u00e9clare Venetucci. \"Ils nous ont vraiment pr\u00e9par\u00e9s \u00e0 la r\u00e9ussite. Je n'ai peut-\u00eatre pas \u00e9t\u00e9 form\u00e9 sp\u00e9cifiquement pour une pand\u00e9mie, mais la bo\u00eete \u00e0 outils dont je dispose ne m'a pas encore fait d\u00e9faut. Cependant, ce qui me manque, c'est d'\u00eatre cr\u00e9atif avec ma famille IA.\"<\/p>\n<p>Avant la pand\u00e9mie, le quotidien de Mme Venetucci consistait \u00e0 s'occuper des travailleurs de la section 28, des femmes de l'IA, \u00e0 faire entendre la voix des travailleurs de l'industrie du divertissement \u00e0 tous les niveaux de gouvernement, \u00e0 d\u00e9fendre les travailleurs dans tous les endroits o\u00f9 cela \u00e9tait n\u00e9cessaire, \u00e0 obtenir des emplois avec de bons salaires et de bons avantages sociaux pour les travailleurs et \u00e0 soutenir tous les travailleurs, sans exception.<\/p>\n<p>Mme Venetucci indique qu'au cours de la pand\u00e9mie, sa section locale a fait don de 1500 masques faits \u00e0 la main, de quelques blouses et de bonnets.<\/p>\n<p>\"Nous sommes tellement connect\u00e9s. Nous avons parl\u00e9 \u00e0 une organisation \u00e0 Porto Rico et \u00e0 certains membres en Floride. Nous essayons tous de nous entraider\", a-t-elle ajout\u00e9. \"Nous appelons et prenons des nouvelles des membres qui vivent seuls, des retrait\u00e9s et des membres qui ont des enfants.\"<\/p>\n<p>\"Nous avons distribu\u00e9 50 bo\u00eetes de nourriture et des masques \u00e0 des voisins ou \u00e0 toute personne ayant besoin d'un masque\", explique Mme Venetucci. \"Nous avons m\u00eame envoy\u00e9 des masques par courrier \u00e0 ceux qui en avaient besoin\".<\/p>\n<p>Mme Venetucci indique que sa section locale t\u00e9l\u00e9charge \u00e9galement sur son site Web des lettres d'information hebdomadaires \u00e0 l'intention de ses membres sur les derni\u00e8res mises \u00e0 jour et ressources.<\/p>\n<p>\"Prendre soin les uns des autres, c'est ce que nous faisons en tant que famille IA\", dit Venetucci. \"Nous sommes des membres de l'IA, c'est ce que nous faisons !\"<\/p>\n<p>Mme Venetucci esp\u00e8re que cette crise permettra aux gens de comprendre pourquoi il est important pour nous tous et pour notre plan\u00e8te d'\u00e9lire des dirigeants qui soutiennent les humains.<\/p>\n<p>\"J'esp\u00e8re que l'industrie du divertissement aura l'occasion de faire ce qu'elle fait le mieux, c'est-\u00e0-dire divertir les gens\", a d\u00e9clar\u00e9 M. Venetucci.<\/p>","protected":false},"excerpt":{"rendered":"<p>J'ai \u00e9t\u00e9 d\u00e9vast\u00e9 quand tout a commenc\u00e9 \u00e0 s'\u00e9crouler. Nous allions bien, nous allions de l'avant, nous nous d\u00e9veloppions et nous r\u00e9solvions certains probl\u00e8mes \u00e0 long terme. Je venais de commencer mon deuxi\u00e8me mandat en tant que [...]<\/p>","protected":false},"author":1,"featured_media":804,"comment_status":"closed","ping_status":"open","sticky":false,"template":"","format":"standard","meta":{"_acf_changed":false,"_monsterinsights_skip_tracking":false,"_monsterinsights_sitenote_active":false,"_monsterinsights_sitenote_note":"","_monsterinsights_sitenote_category":0,"footnotes":""},"categories":[9],"tags":[33],"yoast_head":"<!-- This site is optimized with the Yoast SEO plugin v23.5 - https:\/\/yoast.com\/wordpress\/plugins\/seo\/ -->\n<title>Local 28 Activism Chair Rose Etta Venetucci Shares What Her Local Is Doing In The Fight Against Covid-19 - IATSE<\/title>\n<meta name=\"robots\" content=\"index, follow, max-snippet:-1, max-image-preview:large, max-video-preview:-1\" \/>\n<link rel=\"canonical\" href=\"https:\/\/iatse.net\/fr\/local-28-activism-chair-rose-etta-venetucci-shares-what-her-local-is-doing-in-the-fight-against-covid-19\/\" \/>\n<meta property=\"og:locale\" content=\"fr_CA\" \/>\n<meta property=\"og:type\" content=\"article\" \/>\n<meta property=\"og:title\" content=\"Local 28 Activism Chair Rose Etta Venetucci Shares What Her Local Is Doing In The Fight Against Covid-19 - IATSE\" \/>\n<meta property=\"og:description\" content=\"I was devastated when everything began to shut down. We were doing well, moving forward, growing and working out some long-term issues. I had just started my second term as [&hellip;]\" \/>\n<meta property=\"og:url\" content=\"https:\/\/iatse.net\/fr\/local-28-activism-chair-rose-etta-venetucci-shares-what-her-local-is-doing-in-the-fight-against-covid-19\/\" \/>\n<meta property=\"og:site_name\" content=\"IATSE\" \/>\n<meta property=\"article:published_time\" content=\"2020-05-21T00:00:00+00:00\" \/>\n<meta property=\"og:image\" content=\"https:\/\/iatse.net\/wp-content\/uploads\/2021\/06\/PAC-Mask-on-D1-Legislative-Chair-and-Local-28-Activism-Chair-Sister-Rose-Etta-Venetucci-scaled-e1590075905101-768x686-1.jpg\" \/>\n\t<meta property=\"og:image:width\" content=\"768\" \/>\n\t<meta property=\"og:image:height\" content=\"686\" \/>\n\t<meta property=\"og:image:type\" content=\"image\/jpeg\" \/>\n<meta name=\"author\" content=\"IATSE Communications\" \/>\n<meta name=\"twitter:card\" content=\"summary_large_image\" \/>\n<meta name=\"twitter:label1\" content=\"\u00c9crit par\" \/>\n\t<meta name=\"twitter:data1\" content=\"IATSE Communications\" \/>\n\t<meta name=\"twitter:label2\" content=\"Estimation du temps de lecture\" \/>\n\t<meta name=\"twitter:data2\" content=\"2 minutes\" \/>\n<script type=\"application\/ld+json\" class=\"yoast-schema-graph\">{\"@context\":\"https:\/\/schema.org\",\"@graph\":[{\"@type\":\"Article\",\"@id\":\"https:\/\/iatse.net\/local-28-activism-chair-rose-etta-venetucci-shares-what-her-local-is-doing-in-the-fight-against-covid-19\/#article\",\"isPartOf\":{\"@id\":\"https:\/\/iatse.net\/local-28-activism-chair-rose-etta-venetucci-shares-what-her-local-is-doing-in-the-fight-against-covid-19\/\"},\"author\":{\"name\":\"IATSE Communications\",\"@id\":\"https:\/\/iatse.net\/#\/schema\/person\/0f70e66471ace00026b129e85eb44df0\"},\"headline\":\"Local 28 Activism Chair Rose Etta Venetucci Shares What Her Local Is Doing In The Fight Against Covid-19\",\"datePublished\":\"2020-05-21T00:00:00+00:00\",\"dateModified\":\"2020-05-21T00:00:00+00:00\",\"mainEntityOfPage\":{\"@id\":\"https:\/\/iatse.net\/local-28-activism-chair-rose-etta-venetucci-shares-what-her-local-is-doing-in-the-fight-against-covid-19\/\"},\"wordCount\":413,\"publisher\":{\"@id\":\"https:\/\/iatse.net\/#organization\"},\"image\":{\"@id\":\"https:\/\/iatse.net\/local-28-activism-chair-rose-etta-venetucci-shares-what-her-local-is-doing-in-the-fight-against-covid-19\/#primaryimage\"},\"thumbnailUrl\":\"https:\/\/iatse.net\/wp-content\/uploads\/2021\/06\/PAC-Mask-on-D1-Legislative-Chair-and-Local-28-Activism-Chair-Sister-Rose-Etta-Venetucci-scaled-e1590075905101-768x686-1.jpg\",\"keywords\":[\"Coronavirus Active Response and Engagement Service (C.A.R.E.S.)\"],\"articleSection\":[\"Member Story\"],\"inLanguage\":\"fr-CA\"},{\"@type\":\"WebPage\",\"@id\":\"https:\/\/iatse.net\/local-28-activism-chair-rose-etta-venetucci-shares-what-her-local-is-doing-in-the-fight-against-covid-19\/\",\"url\":\"https:\/\/iatse.net\/local-28-activism-chair-rose-etta-venetucci-shares-what-her-local-is-doing-in-the-fight-against-covid-19\/\",\"name\":\"Local 28 Activism Chair Rose Etta Venetucci Shares What Her Local Is Doing In The Fight Against Covid-19 - IATSE\",\"isPartOf\":{\"@id\":\"https:\/\/iatse.net\/#website\"},\"primaryImageOfPage\":{\"@id\":\"https:\/\/iatse.net\/local-28-activism-chair-rose-etta-venetucci-shares-what-her-local-is-doing-in-the-fight-against-covid-19\/#primaryimage\"},\"image\":{\"@id\":\"https:\/\/iatse.net\/local-28-activism-chair-rose-etta-venetucci-shares-what-her-local-is-doing-in-the-fight-against-covid-19\/#primaryimage\"},\"thumbnailUrl\":\"https:\/\/iatse.net\/wp-content\/uploads\/2021\/06\/PAC-Mask-on-D1-Legislative-Chair-and-Local-28-Activism-Chair-Sister-Rose-Etta-Venetucci-scaled-e1590075905101-768x686-1.jpg\",\"datePublished\":\"2020-05-21T00:00:00+00:00\",\"dateModified\":\"2020-05-21T00:00:00+00:00\",\"breadcrumb\":{\"@id\":\"https:\/\/iatse.net\/local-28-activism-chair-rose-etta-venetucci-shares-what-her-local-is-doing-in-the-fight-against-covid-19\/#breadcrumb\"},\"inLanguage\":\"fr-CA\",\"potentialAction\":[{\"@type\":\"ReadAction\",\"target\":[\"https:\/\/iatse.net\/local-28-activism-chair-rose-etta-venetucci-shares-what-her-local-is-doing-in-the-fight-against-covid-19\/\"]}]},{\"@type\":\"ImageObject\",\"inLanguage\":\"fr-CA\",\"@id\":\"https:\/\/iatse.net\/local-28-activism-chair-rose-etta-venetucci-shares-what-her-local-is-doing-in-the-fight-against-covid-19\/#primaryimage\",\"url\":\"https:\/\/iatse.net\/wp-content\/uploads\/2021\/06\/PAC-Mask-on-D1-Legislative-Chair-and-Local-28-Activism-Chair-Sister-Rose-Etta-Venetucci-scaled-e1590075905101-768x686-1.jpg\",\"contentUrl\":\"https:\/\/iatse.net\/wp-content\/uploads\/2021\/06\/PAC-Mask-on-D1-Legislative-Chair-and-Local-28-Activism-Chair-Sister-Rose-Etta-Venetucci-scaled-e1590075905101-768x686-1.jpg\",\"width\":768,\"height\":686,\"caption\":\"Local 28 Activism Chair, Rose Etta Venetucci Shares Local's Efforts Against Covid\"},{\"@type\":\"BreadcrumbList\",\"@id\":\"https:\/\/iatse.net\/local-28-activism-chair-rose-etta-venetucci-shares-what-her-local-is-doing-in-the-fight-against-covid-19\/#breadcrumb\",\"itemListElement\":[{\"@type\":\"ListItem\",\"position\":1,\"name\":\"Home\",\"item\":\"https:\/\/iatse.net\/\"},{\"@type\":\"ListItem\",\"position\":2,\"name\":\"Local 28 Activism Chair Rose Etta Venetucci Shares What Her Local Is Doing In The Fight Against Covid-19\"}]},{\"@type\":\"WebSite\",\"@id\":\"https:\/\/iatse.net\/#website\",\"url\":\"https:\/\/iatse.net\/\",\"name\":\"IATSE\",\"description\":\"The Union Behind Entertainment\",\"publisher\":{\"@id\":\"https:\/\/iatse.net\/#organization\"},\"potentialAction\":[{\"@type\":\"SearchAction\",\"target\":{\"@type\":\"EntryPoint\",\"urlTemplate\":\"https:\/\/iatse.net\/?s={search_term_string}\"},\"query-input\":{\"@type\":\"PropertyValueSpecification\",\"valueRequired\":true,\"valueName\":\"search_term_string\"}}],\"inLanguage\":\"fr-CA\"},{\"@type\":\"Organization\",\"@id\":\"https:\/\/iatse.net\/#organization\",\"name\":\"IATSE\",\"url\":\"https:\/\/iatse.net\/\",\"logo\":{\"@type\":\"ImageObject\",\"inLanguage\":\"fr-CA\",\"@id\":\"https:\/\/iatse.net\/#\/schema\/logo\/image\/\",\"url\":\"https:\/\/iatse.net\/wp-content\/uploads\/2021\/03\/IATSE_Logo_White.png\",\"contentUrl\":\"https:\/\/iatse.net\/wp-content\/uploads\/2021\/03\/IATSE_Logo_White.png\",\"width\":2100,\"height\":1987,\"caption\":\"IATSE\"},\"image\":{\"@id\":\"https:\/\/iatse.net\/#\/schema\/logo\/image\/\"}},{\"@type\":\"Person\",\"@id\":\"https:\/\/iatse.net\/#\/schema\/person\/0f70e66471ace00026b129e85eb44df0\",\"name\":\"IATSE Communications\",\"image\":{\"@type\":\"ImageObject\",\"inLanguage\":\"fr-CA\",\"@id\":\"https:\/\/iatse.net\/#\/schema\/person\/image\/\",\"url\":\"https:\/\/secure.gravatar.com\/avatar\/35aecdeea9e9584c91ca1675b0997004?s=96&d=mm&r=g\",\"contentUrl\":\"https:\/\/secure.gravatar.com\/avatar\/35aecdeea9e9584c91ca1675b0997004?s=96&d=mm&r=g\",\"caption\":\"IATSE Communications\"},\"sameAs\":[\"https:\/\/iatse.net\"],\"url\":\"https:\/\/iatse.net\/fr\/author\/communications\/\"}]}<\/script>\n<!-- \/ Yoast SEO plugin. -->","yoast_head_json":{"title":"Local 28 Activism Chair Rose Etta Venetucci Shares What Her Local Is Doing In The Fight Against Covid-19 - IATSE","robots":{"index":"index","follow":"follow","max-snippet":"max-snippet:-1","max-image-preview":"max-image-preview:large","max-video-preview":"max-video-preview:-1"},"canonical":"https:\/\/iatse.net\/fr\/local-28-activism-chair-rose-etta-venetucci-shares-what-her-local-is-doing-in-the-fight-against-covid-19\/","og_locale":"fr_CA","og_type":"article","og_title":"Local 28 Activism Chair Rose Etta Venetucci Shares What Her Local Is Doing In The Fight Against Covid-19 - IATSE","og_description":"I was devastated when everything began to shut down. We were doing well, moving forward, growing and working out some long-term issues. I had just started my second term as [&hellip;]","og_url":"https:\/\/iatse.net\/fr\/local-28-activism-chair-rose-etta-venetucci-shares-what-her-local-is-doing-in-the-fight-against-covid-19\/","og_site_name":"IATSE","article_published_time":"2020-05-21T00:00:00+00:00","og_image":[{"width":768,"height":686,"url":"https:\/\/iatse.net\/wp-content\/uploads\/2021\/06\/PAC-Mask-on-D1-Legislative-Chair-and-Local-28-Activism-Chair-Sister-Rose-Etta-Venetucci-scaled-e1590075905101-768x686-1.jpg","type":"image\/jpeg"}],"author":"IATSE Communications","twitter_card":"summary_large_image","twitter_misc":{"\u00c9crit par":"IATSE Communications","Estimation du temps de lecture":"2 minutes"},"schema":{"@context":"https:\/\/schema.org","@graph":[{"@type":"Article","@id":"https:\/\/iatse.net\/local-28-activism-chair-rose-etta-venetucci-shares-what-her-local-is-doing-in-the-fight-against-covid-19\/#article","isPartOf":{"@id":"https:\/\/iatse.net\/local-28-activism-chair-rose-etta-venetucci-shares-what-her-local-is-doing-in-the-fight-against-covid-19\/"},"author":{"name":"IATSE Communications","@id":"https:\/\/iatse.net\/#\/schema\/person\/0f70e66471ace00026b129e85eb44df0"},"headline":"Local 28 Activism Chair Rose Etta Venetucci Shares What Her Local Is Doing In The Fight Against Covid-19","datePublished":"2020-05-21T00:00:00+00:00","dateModified":"2020-05-21T00:00:00+00:00","mainEntityOfPage":{"@id":"https:\/\/iatse.net\/local-28-activism-chair-rose-etta-venetucci-shares-what-her-local-is-doing-in-the-fight-against-covid-19\/"},"wordCount":413,"publisher":{"@id":"https:\/\/iatse.net\/#organization"},"image":{"@id":"https:\/\/iatse.net\/local-28-activism-chair-rose-etta-venetucci-shares-what-her-local-is-doing-in-the-fight-against-covid-19\/#primaryimage"},"thumbnailUrl":"https:\/\/iatse.net\/wp-content\/uploads\/2021\/06\/PAC-Mask-on-D1-Legislative-Chair-and-Local-28-Activism-Chair-Sister-Rose-Etta-Venetucci-scaled-e1590075905101-768x686-1.jpg","keywords":["Coronavirus Active Response and Engagement Service (C.A.R.E.S.)"],"articleSection":["Member Story"],"inLanguage":"fr-CA"},{"@type":"WebPage","@id":"https:\/\/iatse.net\/local-28-activism-chair-rose-etta-venetucci-shares-what-her-local-is-doing-in-the-fight-against-covid-19\/","url":"https:\/\/iatse.net\/local-28-activism-chair-rose-etta-venetucci-shares-what-her-local-is-doing-in-the-fight-against-covid-19\/","name":"Local 28 Activism Chair Rose Etta Venetucci Shares What Her Local Is Doing In The Fight Against Covid-19 - IATSE","isPartOf":{"@id":"https:\/\/iatse.net\/#website"},"primaryImageOfPage":{"@id":"https:\/\/iatse.net\/local-28-activism-chair-rose-etta-venetucci-shares-what-her-local-is-doing-in-the-fight-against-covid-19\/#primaryimage"},"image":{"@id":"https:\/\/iatse.net\/local-28-activism-chair-rose-etta-venetucci-shares-what-her-local-is-doing-in-the-fight-against-covid-19\/#primaryimage"},"thumbnailUrl":"https:\/\/iatse.net\/wp-content\/uploads\/2021\/06\/PAC-Mask-on-D1-Legislative-Chair-and-Local-28-Activism-Chair-Sister-Rose-Etta-Venetucci-scaled-e1590075905101-768x686-1.jpg","datePublished":"2020-05-21T00:00:00+00:00","dateModified":"2020-05-21T00:00:00+00:00","breadcrumb":{"@id":"https:\/\/iatse.net\/local-28-activism-chair-rose-etta-venetucci-shares-what-her-local-is-doing-in-the-fight-against-covid-19\/#breadcrumb"},"inLanguage":"fr-CA","potentialAction":[{"@type":"ReadAction","target":["https:\/\/iatse.net\/local-28-activism-chair-rose-etta-venetucci-shares-what-her-local-is-doing-in-the-fight-against-covid-19\/"]}]},{"@type":"ImageObject","inLanguage":"fr-CA","@id":"https:\/\/iatse.net\/local-28-activism-chair-rose-etta-venetucci-shares-what-her-local-is-doing-in-the-fight-against-covid-19\/#primaryimage","url":"https:\/\/iatse.net\/wp-content\/uploads\/2021\/06\/PAC-Mask-on-D1-Legislative-Chair-and-Local-28-Activism-Chair-Sister-Rose-Etta-Venetucci-scaled-e1590075905101-768x686-1.jpg","contentUrl":"https:\/\/iatse.net\/wp-content\/uploads\/2021\/06\/PAC-Mask-on-D1-Legislative-Chair-and-Local-28-Activism-Chair-Sister-Rose-Etta-Venetucci-scaled-e1590075905101-768x686-1.jpg","width":768,"height":686,"caption":"Local 28 Activism Chair, Rose Etta Venetucci Shares Local's Efforts Against Covid"},{"@type":"BreadcrumbList","@id":"https:\/\/iatse.net\/local-28-activism-chair-rose-etta-venetucci-shares-what-her-local-is-doing-in-the-fight-against-covid-19\/#breadcrumb","itemListElement":[{"@type":"ListItem","position":1,"name":"Home","item":"https:\/\/iatse.net\/"},{"@type":"ListItem","position":2,"name":"Local 28 Activism Chair Rose Etta Venetucci Shares What Her Local Is Doing In The Fight Against Covid-19"}]},{"@type":"WebSite","@id":"https:\/\/iatse.net\/#website","url":"https:\/\/iatse.net\/","name":"IATSE","description":"The Union Behind Entertainment","publisher":{"@id":"https:\/\/iatse.net\/#organization"},"potentialAction":[{"@type":"SearchAction","target":{"@type":"EntryPoint","urlTemplate":"https:\/\/iatse.net\/?s={search_term_string}"},"query-input":{"@type":"PropertyValueSpecification","valueRequired":true,"valueName":"search_term_string"}}],"inLanguage":"fr-CA"},{"@type":"Organization","@id":"https:\/\/iatse.net\/#organization","name":"IATSE","url":"https:\/\/iatse.net\/","logo":{"@type":"ImageObject","inLanguage":"fr-CA","@id":"https:\/\/iatse.net\/#\/schema\/logo\/image\/","url":"https:\/\/iatse.net\/wp-content\/uploads\/2021\/03\/IATSE_Logo_White.png","contentUrl":"https:\/\/iatse.net\/wp-content\/uploads\/2021\/03\/IATSE_Logo_White.png","width":2100,"height":1987,"caption":"IATSE"},"image":{"@id":"https:\/\/iatse.net\/#\/schema\/logo\/image\/"}},{"@type":"Person","@id":"https:\/\/iatse.net\/#\/schema\/person\/0f70e66471ace00026b129e85eb44df0","name":"IATSE Communications","image":{"@type":"ImageObject","inLanguage":"fr-CA","@id":"https:\/\/iatse.net\/#\/schema\/person\/image\/","url":"https:\/\/secure.gravatar.com\/avatar\/35aecdeea9e9584c91ca1675b0997004?s=96&d=mm&r=g","contentUrl":"https:\/\/secure.gravatar.com\/avatar\/35aecdeea9e9584c91ca1675b0997004?s=96&d=mm&r=g","caption":"IATSE Communications"},"sameAs":["https:\/\/iatse.net"],"url":"https:\/\/iatse.net\/fr\/author\/communications\/"}]}},"acf":[],"_links":{"self":[{"href":"https:\/\/iatse.net\/fr\/wp-json\/wp\/v2\/posts\/847"}],"collection":[{"href":"https:\/\/iatse.net\/fr\/wp-json\/wp\/v2\/posts"}],"about":[{"href":"https:\/\/iatse.net\/fr\/wp-json\/wp\/v2\/types\/post"}],"author":[{"embeddable":true,"href":"https:\/\/iatse.net\/fr\/wp-json\/wp\/v2\/users\/1"}],"replies":[{"embeddable":true,"href":"https:\/\/iatse.net\/fr\/wp-json\/wp\/v2\/comments?post=847"}],"version-history":[{"count":0,"href":"https:\/\/iatse.net\/fr\/wp-json\/wp\/v2\/posts\/847\/revisions"}],"wp:featuredmedia":[{"embeddable":true,"href":"https:\/\/iatse.net\/fr\/wp-json\/wp\/v2\/media\/804"}],"wp:attachment":[{"href":"https:\/\/iatse.net\/fr\/wp-json\/wp\/v2\/media?parent=847"}],"wp:term":[{"taxonomy":"category","embeddable":true,"href":"https:\/\/iatse.net\/fr\/wp-json\/wp\/v2\/categories?post=847"},{"taxonomy":"post_tag","embeddable":true,"href":"https:\/\/iatse.net\/fr\/wp-json\/wp\/v2\/tags?post=847"}],"curies":[{"name":"wp","href":"https:\/\/api.w.org\/{rel}","templated":true}]}}