{"id":2298,"date":"2020-05-19T00:00:00","date_gmt":"2020-05-19T00:00:00","guid":{"rendered":"https:\/\/iatse.net\/2020\/05\/19\/iatse-endorses-joe-biden-for-president-of-the-united-states\/"},"modified":"2021-06-21T16:59:30","modified_gmt":"2021-06-21T20:59:30","slug":"iatse-endorses-joe-biden-for-president-of-the-united-states","status":"publish","type":"post","link":"https:\/\/iatse.net\/fr\/iatse-endorses-joe-biden-for-president-of-the-united-states\/","title":{"rendered":"L'IATSE soutient Joe Biden pour la pr\u00e9sidence des \u00c9tats-Unis"},"content":{"rendered":"<p>Le bureau ex\u00e9cutif g\u00e9n\u00e9ral de l'IATSE a vot\u00e9 lundi \u00e0 l'unanimit\u00e9 en faveur de la candidature de l'ancien vice-pr\u00e9sident Joe Biden \u00e0 la pr\u00e9sidence des \u00c9tats-Unis.<\/p>\n<p>L'ancien vice-pr\u00e9sident Biden a une longue exp\u00e9rience de la lutte pour les droits des travailleurs et des familles ouvri\u00e8res, mais il est aussi v\u00e9ritablement pr\u00e9occup\u00e9, sur le plan humain, par le bien-\u00eatre des travailleurs des coulisses du spectacle.<\/p>\n<p>R\u00e9cemment, la campagne de Joe Biden a organis\u00e9 une r\u00e9union publique sur le ch\u00f4mage, consacr\u00e9e \u00e0 la mani\u00e8re dont le COVID-19 affecte sp\u00e9cifiquement les travailleurs du spectacle. Les membres de la section 764 et de la section 1 ont \u00e9t\u00e9 invit\u00e9s \u00e0 partager leurs exp\u00e9riences au cours de cette pand\u00e9mie et \u00e0 poser des questions sur la mani\u00e8re dont Joe Biden abordera les d\u00e9fis uniques auxquels les travailleurs de l'industrie du spectacle continueront d'\u00eatre confront\u00e9s alors que nous cherchons \u00e0 nous remettre de cette crise sanitaire sans pr\u00e9c\u00e9dent.<\/p>\n<p>Les syndicats sont pris d'assaut, les politiques men\u00e9es par l'administration actuelle et dans tout le pays sapant les droits de n\u00e9gociation collective des travailleurs et privant les travailleurs syndiqu\u00e9s des salaires, des avantages sociaux et de la s\u00e9curit\u00e9 de la retraite qu'ils m\u00e9ritent.<\/p>\n<p>Joe Biden a constamment soulev\u00e9 et prioris\u00e9 les questions qui touchent les membres de l'IATSE et leurs familles - de la protection des droits des travailleurs \u00e0 se syndiquer et \u00e0 n\u00e9gocier des salaires plus \u00e9lev\u00e9s et de meilleurs avantages, \u00e0 la d\u00e9fense de nos pensions de retraite et de nos soins de sant\u00e9. Sa campagne a \u00e9galement fait participer l'IATSE et les travailleurs \u00e0 l'\u00e9laboration du plan Biden pour le renforcement de l'organisation des travailleurs, des n\u00e9gociations collectives et des syndicats - le seul candidat restant \u00e0 s'engager dans un tel effort.<\/p>\n<p>S'il est \u00e9lu, M. Biden s'est engag\u00e9 \u00e0 signer la loi sur la protection du droit d'organisation, \u00e0 d\u00e9fendre une l\u00e9gislation interdisant les lois dites de \"droit au travail\", \u00e0 nommer des membres au Conseil national des relations du travail qui prot\u00e9geront les travailleurs, \u00e0 am\u00e9liorer la s\u00e9curit\u00e9 et la sant\u00e9 sur le lieu de travail et \u00e0 veiller \u00e0 ce que les travailleurs ind\u00e9pendants du secteur du spectacle b\u00e9n\u00e9ficient des avantages et des protections juridiques qu'ils m\u00e9ritent en rendant plus difficile pour les employeurs de classer les travailleurs comme des entrepreneurs ind\u00e9pendants.<\/p>\n<p>Joe Biden pr\u00e9sente un contraste frappant et ind\u00e9niable avec l'administration actuelle en mati\u00e8re de leadership et de soutien aux travailleurs.<\/p>","protected":false},"excerpt":{"rendered":"<p>Le Conseil ex\u00e9cutif g\u00e9n\u00e9ral de l'IATSE a vot\u00e9 lundi \u00e0 l'unanimit\u00e9 en faveur de la candidature de l'ancien vice-pr\u00e9sident Joe Biden \u00e0 la pr\u00e9sidence des \u00c9tats-Unis. L'ancien vice-pr\u00e9sident Biden a une longue [...]<\/p>","protected":false},"author":1,"featured_media":1729,"comment_status":"open","ping_status":"open","sticky":false,"template":"","format":"standard","meta":{"_acf_changed":false,"_monsterinsights_skip_tracking":false,"_monsterinsights_sitenote_active":false,"_monsterinsights_sitenote_note":"","_monsterinsights_sitenote_category":0,"footnotes":""},"categories":[8],"tags":[23],"yoast_head":"<!-- This site is optimized with the Yoast SEO plugin v23.5 - https:\/\/yoast.com\/wordpress\/plugins\/seo\/ -->\n<title>IATSE Endorses Joe Biden for President of the United States - IATSE<\/title>\n<meta name=\"robots\" content=\"index, follow, max-snippet:-1, max-image-preview:large, max-video-preview:-1\" \/>\n<link rel=\"canonical\" href=\"https:\/\/iatse.net\/fr\/iatse-endorses-joe-biden-for-president-of-the-united-states\/\" \/>\n<meta property=\"og:locale\" content=\"fr_CA\" \/>\n<meta property=\"og:type\" content=\"article\" \/>\n<meta property=\"og:title\" content=\"IATSE Endorses Joe Biden for President of the United States - IATSE\" \/>\n<meta property=\"og:description\" content=\"IATSE\u2019s General Executive Board voted unanimously Monday to extend its endorsement to Former Vice President Joe Biden for President of the United States. Former Vice President Biden has an extensive [&hellip;]\" \/>\n<meta property=\"og:url\" content=\"https:\/\/iatse.net\/fr\/iatse-endorses-joe-biden-for-president-of-the-united-states\/\" \/>\n<meta property=\"og:site_name\" content=\"IATSE\" \/>\n<meta property=\"article:published_time\" content=\"2020-05-19T00:00:00+00:00\" \/>\n<meta property=\"article:modified_time\" content=\"2021-06-21T20:59:30+00:00\" \/>\n<meta property=\"og:image\" content=\"https:\/\/iatse.net\/wp-content\/uploads\/2021\/06\/2020-09-29-CleDebate-Union-And-Constitution-Forever-1.jpg\" \/>\n\t<meta property=\"og:image:width\" content=\"787\" \/>\n\t<meta property=\"og:image:height\" content=\"549\" \/>\n\t<meta property=\"og:image:type\" content=\"image\/jpeg\" \/>\n<meta name=\"author\" content=\"IATSE Communications\" \/>\n<meta name=\"twitter:card\" content=\"summary_large_image\" \/>\n<meta name=\"twitter:label1\" content=\"\u00c9crit par\" \/>\n\t<meta name=\"twitter:data1\" content=\"IATSE Communications\" \/>\n\t<meta name=\"twitter:label2\" content=\"Estimation du temps de lecture\" \/>\n\t<meta name=\"twitter:data2\" content=\"2 minutes\" \/>\n<script type=\"application\/ld+json\" class=\"yoast-schema-graph\">{\"@context\":\"https:\/\/schema.org\",\"@graph\":[{\"@type\":\"Article\",\"@id\":\"https:\/\/iatse.net\/iatse-endorses-joe-biden-for-president-of-the-united-states\/#article\",\"isPartOf\":{\"@id\":\"https:\/\/iatse.net\/iatse-endorses-joe-biden-for-president-of-the-united-states\/\"},\"author\":{\"name\":\"IATSE Communications\",\"@id\":\"https:\/\/iatse.net\/#\/schema\/person\/0f70e66471ace00026b129e85eb44df0\"},\"headline\":\"IATSE Endorses Joe Biden for President of the United States\",\"datePublished\":\"2020-05-19T00:00:00+00:00\",\"dateModified\":\"2021-06-21T20:59:30+00:00\",\"mainEntityOfPage\":{\"@id\":\"https:\/\/iatse.net\/iatse-endorses-joe-biden-for-president-of-the-united-states\/\"},\"wordCount\":328,\"commentCount\":0,\"publisher\":{\"@id\":\"https:\/\/iatse.net\/#organization\"},\"image\":{\"@id\":\"https:\/\/iatse.net\/iatse-endorses-joe-biden-for-president-of-the-united-states\/#primaryimage\"},\"thumbnailUrl\":\"https:\/\/iatse.net\/wp-content\/uploads\/2021\/06\/2020-09-29-CleDebate-Union-And-Constitution-Forever-1.jpg\",\"keywords\":[\"Political and Legislative\"],\"articleSection\":[\"News\"],\"inLanguage\":\"fr-CA\"},{\"@type\":\"WebPage\",\"@id\":\"https:\/\/iatse.net\/iatse-endorses-joe-biden-for-president-of-the-united-states\/\",\"url\":\"https:\/\/iatse.net\/iatse-endorses-joe-biden-for-president-of-the-united-states\/\",\"name\":\"IATSE Endorses Joe Biden for President of the United States - IATSE\",\"isPartOf\":{\"@id\":\"https:\/\/iatse.net\/#website\"},\"primaryImageOfPage\":{\"@id\":\"https:\/\/iatse.net\/iatse-endorses-joe-biden-for-president-of-the-united-states\/#primaryimage\"},\"image\":{\"@id\":\"https:\/\/iatse.net\/iatse-endorses-joe-biden-for-president-of-the-united-states\/#primaryimage\"},\"thumbnailUrl\":\"https:\/\/iatse.net\/wp-content\/uploads\/2021\/06\/2020-09-29-CleDebate-Union-And-Constitution-Forever-1.jpg\",\"datePublished\":\"2020-05-19T00:00:00+00:00\",\"dateModified\":\"2021-06-21T20:59:30+00:00\",\"breadcrumb\":{\"@id\":\"https:\/\/iatse.net\/iatse-endorses-joe-biden-for-president-of-the-united-states\/#breadcrumb\"},\"inLanguage\":\"fr-CA\",\"potentialAction\":[{\"@type\":\"ReadAction\",\"target\":[\"https:\/\/iatse.net\/iatse-endorses-joe-biden-for-president-of-the-united-states\/\"]}]},{\"@type\":\"ImageObject\",\"inLanguage\":\"fr-CA\",\"@id\":\"https:\/\/iatse.net\/iatse-endorses-joe-biden-for-president-of-the-united-states\/#primaryimage\",\"url\":\"https:\/\/iatse.net\/wp-content\/uploads\/2021\/06\/2020-09-29-CleDebate-Union-And-Constitution-Forever-1.jpg\",\"contentUrl\":\"https:\/\/iatse.net\/wp-content\/uploads\/2021\/06\/2020-09-29-CleDebate-Union-And-Constitution-Forever-1.jpg\",\"width\":787,\"height\":549,\"caption\":\"IATSE General Board Endorses Obama 2nd Term\"},{\"@type\":\"BreadcrumbList\",\"@id\":\"https:\/\/iatse.net\/iatse-endorses-joe-biden-for-president-of-the-united-states\/#breadcrumb\",\"itemListElement\":[{\"@type\":\"ListItem\",\"position\":1,\"name\":\"Home\",\"item\":\"https:\/\/iatse.net\/\"},{\"@type\":\"ListItem\",\"position\":2,\"name\":\"IATSE Endorses Joe Biden for President of the United States\"}]},{\"@type\":\"WebSite\",\"@id\":\"https:\/\/iatse.net\/#website\",\"url\":\"https:\/\/iatse.net\/\",\"name\":\"IATSE\",\"description\":\"The Union Behind Entertainment\",\"publisher\":{\"@id\":\"https:\/\/iatse.net\/#organization\"},\"potentialAction\":[{\"@type\":\"SearchAction\",\"target\":{\"@type\":\"EntryPoint\",\"urlTemplate\":\"https:\/\/iatse.net\/?s={search_term_string}\"},\"query-input\":{\"@type\":\"PropertyValueSpecification\",\"valueRequired\":true,\"valueName\":\"search_term_string\"}}],\"inLanguage\":\"fr-CA\"},{\"@type\":\"Organization\",\"@id\":\"https:\/\/iatse.net\/#organization\",\"name\":\"IATSE\",\"url\":\"https:\/\/iatse.net\/\",\"logo\":{\"@type\":\"ImageObject\",\"inLanguage\":\"fr-CA\",\"@id\":\"https:\/\/iatse.net\/#\/schema\/logo\/image\/\",\"url\":\"https:\/\/iatse.net\/wp-content\/uploads\/2021\/03\/IATSE_Logo_White.png\",\"contentUrl\":\"https:\/\/iatse.net\/wp-content\/uploads\/2021\/03\/IATSE_Logo_White.png\",\"width\":2100,\"height\":1987,\"caption\":\"IATSE\"},\"image\":{\"@id\":\"https:\/\/iatse.net\/#\/schema\/logo\/image\/\"}},{\"@type\":\"Person\",\"@id\":\"https:\/\/iatse.net\/#\/schema\/person\/0f70e66471ace00026b129e85eb44df0\",\"name\":\"IATSE Communications\",\"image\":{\"@type\":\"ImageObject\",\"inLanguage\":\"fr-CA\",\"@id\":\"https:\/\/iatse.net\/#\/schema\/person\/image\/\",\"url\":\"https:\/\/secure.gravatar.com\/avatar\/35aecdeea9e9584c91ca1675b0997004?s=96&d=mm&r=g\",\"contentUrl\":\"https:\/\/secure.gravatar.com\/avatar\/35aecdeea9e9584c91ca1675b0997004?s=96&d=mm&r=g\",\"caption\":\"IATSE Communications\"},\"sameAs\":[\"https:\/\/iatse.net\"],\"url\":\"https:\/\/iatse.net\/fr\/author\/communications\/\"}]}<\/script>\n<!-- \/ Yoast SEO plugin. -->","yoast_head_json":{"title":"IATSE Endorses Joe Biden for President of the United States - IATSE","robots":{"index":"index","follow":"follow","max-snippet":"max-snippet:-1","max-image-preview":"max-image-preview:large","max-video-preview":"max-video-preview:-1"},"canonical":"https:\/\/iatse.net\/fr\/iatse-endorses-joe-biden-for-president-of-the-united-states\/","og_locale":"fr_CA","og_type":"article","og_title":"IATSE Endorses Joe Biden for President of the United States - IATSE","og_description":"IATSE\u2019s General Executive Board voted unanimously Monday to extend its endorsement to Former Vice President Joe Biden for President of the United States. Former Vice President Biden has an extensive [&hellip;]","og_url":"https:\/\/iatse.net\/fr\/iatse-endorses-joe-biden-for-president-of-the-united-states\/","og_site_name":"IATSE","article_published_time":"2020-05-19T00:00:00+00:00","article_modified_time":"2021-06-21T20:59:30+00:00","og_image":[{"width":787,"height":549,"url":"https:\/\/iatse.net\/wp-content\/uploads\/2021\/06\/2020-09-29-CleDebate-Union-And-Constitution-Forever-1.jpg","type":"image\/jpeg"}],"author":"IATSE Communications","twitter_card":"summary_large_image","twitter_misc":{"\u00c9crit par":"IATSE Communications","Estimation du temps de lecture":"2 minutes"},"schema":{"@context":"https:\/\/schema.org","@graph":[{"@type":"Article","@id":"https:\/\/iatse.net\/iatse-endorses-joe-biden-for-president-of-the-united-states\/#article","isPartOf":{"@id":"https:\/\/iatse.net\/iatse-endorses-joe-biden-for-president-of-the-united-states\/"},"author":{"name":"IATSE Communications","@id":"https:\/\/iatse.net\/#\/schema\/person\/0f70e66471ace00026b129e85eb44df0"},"headline":"IATSE Endorses Joe Biden for President of the United States","datePublished":"2020-05-19T00:00:00+00:00","dateModified":"2021-06-21T20:59:30+00:00","mainEntityOfPage":{"@id":"https:\/\/iatse.net\/iatse-endorses-joe-biden-for-president-of-the-united-states\/"},"wordCount":328,"commentCount":0,"publisher":{"@id":"https:\/\/iatse.net\/#organization"},"image":{"@id":"https:\/\/iatse.net\/iatse-endorses-joe-biden-for-president-of-the-united-states\/#primaryimage"},"thumbnailUrl":"https:\/\/iatse.net\/wp-content\/uploads\/2021\/06\/2020-09-29-CleDebate-Union-And-Constitution-Forever-1.jpg","keywords":["Political and Legislative"],"articleSection":["News"],"inLanguage":"fr-CA"},{"@type":"WebPage","@id":"https:\/\/iatse.net\/iatse-endorses-joe-biden-for-president-of-the-united-states\/","url":"https:\/\/iatse.net\/iatse-endorses-joe-biden-for-president-of-the-united-states\/","name":"IATSE Endorses Joe Biden for President of the United States - IATSE","isPartOf":{"@id":"https:\/\/iatse.net\/#website"},"primaryImageOfPage":{"@id":"https:\/\/iatse.net\/iatse-endorses-joe-biden-for-president-of-the-united-states\/#primaryimage"},"image":{"@id":"https:\/\/iatse.net\/iatse-endorses-joe-biden-for-president-of-the-united-states\/#primaryimage"},"thumbnailUrl":"https:\/\/iatse.net\/wp-content\/uploads\/2021\/06\/2020-09-29-CleDebate-Union-And-Constitution-Forever-1.jpg","datePublished":"2020-05-19T00:00:00+00:00","dateModified":"2021-06-21T20:59:30+00:00","breadcrumb":{"@id":"https:\/\/iatse.net\/iatse-endorses-joe-biden-for-president-of-the-united-states\/#breadcrumb"},"inLanguage":"fr-CA","potentialAction":[{"@type":"ReadAction","target":["https:\/\/iatse.net\/iatse-endorses-joe-biden-for-president-of-the-united-states\/"]}]},{"@type":"ImageObject","inLanguage":"fr-CA","@id":"https:\/\/iatse.net\/iatse-endorses-joe-biden-for-president-of-the-united-states\/#primaryimage","url":"https:\/\/iatse.net\/wp-content\/uploads\/2021\/06\/2020-09-29-CleDebate-Union-And-Constitution-Forever-1.jpg","contentUrl":"https:\/\/iatse.net\/wp-content\/uploads\/2021\/06\/2020-09-29-CleDebate-Union-And-Constitution-Forever-1.jpg","width":787,"height":549,"caption":"IATSE General Board Endorses Obama 2nd Term"},{"@type":"BreadcrumbList","@id":"https:\/\/iatse.net\/iatse-endorses-joe-biden-for-president-of-the-united-states\/#breadcrumb","itemListElement":[{"@type":"ListItem","position":1,"name":"Home","item":"https:\/\/iatse.net\/"},{"@type":"ListItem","position":2,"name":"IATSE Endorses Joe Biden for President of the United States"}]},{"@type":"WebSite","@id":"https:\/\/iatse.net\/#website","url":"https:\/\/iatse.net\/","name":"IATSE","description":"The Union Behind Entertainment","publisher":{"@id":"https:\/\/iatse.net\/#organization"},"potentialAction":[{"@type":"SearchAction","target":{"@type":"EntryPoint","urlTemplate":"https:\/\/iatse.net\/?s={search_term_string}"},"query-input":{"@type":"PropertyValueSpecification","valueRequired":true,"valueName":"search_term_string"}}],"inLanguage":"fr-CA"},{"@type":"Organization","@id":"https:\/\/iatse.net\/#organization","name":"IATSE","url":"https:\/\/iatse.net\/","logo":{"@type":"ImageObject","inLanguage":"fr-CA","@id":"https:\/\/iatse.net\/#\/schema\/logo\/image\/","url":"https:\/\/iatse.net\/wp-content\/uploads\/2021\/03\/IATSE_Logo_White.png","contentUrl":"https:\/\/iatse.net\/wp-content\/uploads\/2021\/03\/IATSE_Logo_White.png","width":2100,"height":1987,"caption":"IATSE"},"image":{"@id":"https:\/\/iatse.net\/#\/schema\/logo\/image\/"}},{"@type":"Person","@id":"https:\/\/iatse.net\/#\/schema\/person\/0f70e66471ace00026b129e85eb44df0","name":"IATSE Communications","image":{"@type":"ImageObject","inLanguage":"fr-CA","@id":"https:\/\/iatse.net\/#\/schema\/person\/image\/","url":"https:\/\/secure.gravatar.com\/avatar\/35aecdeea9e9584c91ca1675b0997004?s=96&d=mm&r=g","contentUrl":"https:\/\/secure.gravatar.com\/avatar\/35aecdeea9e9584c91ca1675b0997004?s=96&d=mm&r=g","caption":"IATSE Communications"},"sameAs":["https:\/\/iatse.net"],"url":"https:\/\/iatse.net\/fr\/author\/communications\/"}]}},"acf":[],"_links":{"self":[{"href":"https:\/\/iatse.net\/fr\/wp-json\/wp\/v2\/posts\/2298"}],"collection":[{"href":"https:\/\/iatse.net\/fr\/wp-json\/wp\/v2\/posts"}],"about":[{"href":"https:\/\/iatse.net\/fr\/wp-json\/wp\/v2\/types\/post"}],"author":[{"embeddable":true,"href":"https:\/\/iatse.net\/fr\/wp-json\/wp\/v2\/users\/1"}],"replies":[{"embeddable":true,"href":"https:\/\/iatse.net\/fr\/wp-json\/wp\/v2\/comments?post=2298"}],"version-history":[{"count":1,"href":"https:\/\/iatse.net\/fr\/wp-json\/wp\/v2\/posts\/2298\/revisions"}],"predecessor-version":[{"id":3512,"href":"https:\/\/iatse.net\/fr\/wp-json\/wp\/v2\/posts\/2298\/revisions\/3512"}],"wp:featuredmedia":[{"embeddable":true,"href":"https:\/\/iatse.net\/fr\/wp-json\/wp\/v2\/media\/1729"}],"wp:attachment":[{"href":"https:\/\/iatse.net\/fr\/wp-json\/wp\/v2\/media?parent=2298"}],"wp:term":[{"taxonomy":"category","embeddable":true,"href":"https:\/\/iatse.net\/fr\/wp-json\/wp\/v2\/categories?post=2298"},{"taxonomy":"post_tag","embeddable":true,"href":"https:\/\/iatse.net\/fr\/wp-json\/wp\/v2\/tags?post=2298"}],"curies":[{"name":"wp","href":"https:\/\/api.w.org\/{rel}","templated":true}]}}