{"id":2292,"date":"2020-04-03T00:00:00","date_gmt":"2020-04-03T00:00:00","guid":{"rendered":"https:\/\/iatse.net\/2020\/04\/03\/iatse-strongly-condemns-coronavirus-related-racism\/"},"modified":"2021-06-21T16:53:45","modified_gmt":"2021-06-21T20:53:45","slug":"iatse-strongly-condemns-coronavirus-related-racism","status":"publish","type":"post","link":"https:\/\/iatse.net\/fr\/iatse-strongly-condemns-coronavirus-related-racism\/","title":{"rendered":"L'IATSE condamne fermement le racisme li\u00e9 au coronavirus"},"content":{"rendered":"<p><em>Matthew D. Loeb, pr\u00e9sident international de l'IATSE, a publi\u00e9 la d\u00e9claration suivante :<\/em><\/p>\n<p>\"L'un des impacts les plus d\u00e9vastateurs de la crise sanitaire sans pr\u00e9c\u00e9dent du coronavirus a \u00e9t\u00e9 la mont\u00e9e de la rh\u00e9torique et du racisme anti-asiatiques en raison de l'origine g\u00e9ographique du virus. Les Asiatiques, quelle que soit leur origine, ne sont pas seulement confront\u00e9s au virus lui-m\u00eame, mais ils ont \u00e9t\u00e9 largement d\u00e9sign\u00e9s comme boucs \u00e9missaires par le harc\u00e8lement verbal et la violence physique d'individus x\u00e9nophobes.<\/p>\n<p>L'Alliance internationale des employ\u00e9s de sc\u00e8ne de th\u00e9\u00e2tre (IATSE) condamne, dans le sens le plus fort possible, le racisme li\u00e9 au coronavirus observ\u00e9 depuis le d\u00e9but de cette crise de sant\u00e9 publique. Nous sommes solidaires de nos membres et de toutes les personnes d'origine asiatique qui sont injustement victimis\u00e9es.<\/p>\n<p>Nous soutenons \u00e9nergiquement la r\u00e9solution introduite par la d\u00e9put\u00e9e Grace Meng d\u00e9non\u00e7ant le racisme li\u00e9 au coronavirus, et nous invitons tous les membres du Congr\u00e8s \u00e0 faire de m\u00eame.<\/p>\n<p>Comme le refl\u00e8te la d\u00e9claration d'\u00e9galit\u00e9 de l'IATSE, nous nous engageons \u00e0 assurer l'\u00e9galit\u00e9 des chances et \u00e0 \u00e9liminer toute forme de discrimination. Nous croyons que l'\u00e9galit\u00e9 pour tous est un droit humain fondamental. L'IATSE c\u00e9l\u00e8bre la diversit\u00e9 de la soci\u00e9t\u00e9 et s'efforce de promouvoir et de refl\u00e9ter cette diversit\u00e9 au sein de cette organisation.\"<\/p>\n<p>La repr\u00e9sentante Grace Meng (D-NY) a pr\u00e9sent\u00e9 une r\u00e9solution (H.Res.908) appelant tous les responsables publics \u00e0 condamner et d\u00e9noncer le sentiment anti-asiatique, le racisme, la discrimination et l'intol\u00e9rance religieuse li\u00e9s \u00e0 COVID-19. Si elle est adopt\u00e9e, la condamnation officielle du Congr\u00e8s demandera aux fonctionnaires f\u00e9d\u00e9raux d'enqu\u00eater rapidement et de documenter tous les rapports cr\u00e9dibles de crimes haineux, d'incidents et de menaces contre la communaut\u00e9 asiatique am\u00e9ricaine et de poursuivre les auteurs.<\/p>\n<p>La repr\u00e9sentante Meng a d\u00e9clar\u00e9 : \" Les Am\u00e9ricains d'origine asiatique, comme des millions d'autres personnes \u00e0 travers le pays, sont pr\u00e9occup\u00e9s par le coronavirus ; cependant, de nombreux Am\u00e9ricains d'origine asiatique vivent \u00e9galement dans la peur suite \u00e0 l'augmentation spectaculaire des menaces et des attaques contre les personnes d'origine asiatique. En cette p\u00e9riode d'anxi\u00e9t\u00e9 et de peur accrues autour du COVID-19, nous ne pouvons pas perdre de vue la protection de la sant\u00e9 et de la s\u00e9curit\u00e9 de chaque personne - quelle que soit sa race, son ethnie ou son origine.\"<\/p>\n<p>L'IATSE s'engage \u00e0 cr\u00e9er un environnement de travail et un monde inclusifs, o\u00f9 les diff\u00e9rences sont valoris\u00e9es et o\u00f9 l'\u00e9galit\u00e9 est c\u00e9l\u00e9br\u00e9e.<\/p>","protected":false},"excerpt":{"rendered":"<p>Matthew D. Loeb, pr\u00e9sident international de l'IATSE, a publi\u00e9 la d\u00e9claration suivante : \"L'un des impacts les plus d\u00e9vastateurs de la crise sanitaire sans pr\u00e9c\u00e9dent du coronavirus a \u00e9t\u00e9 la mont\u00e9e [...]<\/p>","protected":false},"author":1,"featured_media":1707,"comment_status":"open","ping_status":"open","sticky":false,"template":"","format":"standard","meta":{"_acf_changed":false,"_monsterinsights_skip_tracking":false,"_monsterinsights_sitenote_active":false,"_monsterinsights_sitenote_note":"","_monsterinsights_sitenote_category":0,"footnotes":""},"categories":[8],"tags":[33],"yoast_head":"<!-- This site is optimized with the Yoast SEO plugin v23.5 - https:\/\/yoast.com\/wordpress\/plugins\/seo\/ -->\n<title>IATSE Strongly Condemns Coronavirus Related Racism - IATSE<\/title>\n<meta name=\"robots\" content=\"index, follow, max-snippet:-1, max-image-preview:large, max-video-preview:-1\" \/>\n<link rel=\"canonical\" href=\"https:\/\/iatse.net\/fr\/iatse-strongly-condemns-coronavirus-related-racism\/\" \/>\n<meta property=\"og:locale\" content=\"fr_CA\" \/>\n<meta property=\"og:type\" content=\"article\" \/>\n<meta property=\"og:title\" content=\"IATSE Strongly Condemns Coronavirus Related Racism - IATSE\" \/>\n<meta property=\"og:description\" content=\"Matthew D. Loeb, International President of the IATSE, has released the following statement: \u201cOne of the most devastating impacts of the unprecedented coronavirus health crisis has been the rise of [&hellip;]\" \/>\n<meta property=\"og:url\" content=\"https:\/\/iatse.net\/fr\/iatse-strongly-condemns-coronavirus-related-racism\/\" \/>\n<meta property=\"og:site_name\" content=\"IATSE\" \/>\n<meta property=\"article:published_time\" content=\"2020-04-03T00:00:00+00:00\" \/>\n<meta property=\"article:modified_time\" content=\"2021-06-21T20:53:45+00:00\" \/>\n<meta property=\"og:image\" content=\"https:\/\/iatse.net\/wp-content\/uploads\/2021\/06\/Copy-of-Copy-Tell-Congress-to-include-displaced-entertainment-workers-in-relief-package-1.png\" \/>\n\t<meta property=\"og:image:width\" content=\"1200\" \/>\n\t<meta property=\"og:image:height\" content=\"628\" \/>\n\t<meta property=\"og:image:type\" content=\"image\/png\" \/>\n<meta name=\"author\" content=\"IATSE Communications\" \/>\n<meta name=\"twitter:card\" content=\"summary_large_image\" \/>\n<meta name=\"twitter:label1\" content=\"\u00c9crit par\" \/>\n\t<meta name=\"twitter:data1\" content=\"IATSE Communications\" \/>\n\t<meta name=\"twitter:label2\" content=\"Estimation du temps de lecture\" \/>\n\t<meta name=\"twitter:data2\" content=\"2 minutes\" \/>\n<script type=\"application\/ld+json\" class=\"yoast-schema-graph\">{\"@context\":\"https:\/\/schema.org\",\"@graph\":[{\"@type\":\"Article\",\"@id\":\"https:\/\/iatse.net\/iatse-strongly-condemns-coronavirus-related-racism\/#article\",\"isPartOf\":{\"@id\":\"https:\/\/iatse.net\/iatse-strongly-condemns-coronavirus-related-racism\/\"},\"author\":{\"name\":\"IATSE Communications\",\"@id\":\"https:\/\/iatse.net\/#\/schema\/person\/0f70e66471ace00026b129e85eb44df0\"},\"headline\":\"IATSE Strongly Condemns Coronavirus Related Racism\",\"datePublished\":\"2020-04-03T00:00:00+00:00\",\"dateModified\":\"2021-06-21T20:53:45+00:00\",\"mainEntityOfPage\":{\"@id\":\"https:\/\/iatse.net\/iatse-strongly-condemns-coronavirus-related-racism\/\"},\"wordCount\":349,\"commentCount\":0,\"publisher\":{\"@id\":\"https:\/\/iatse.net\/#organization\"},\"image\":{\"@id\":\"https:\/\/iatse.net\/iatse-strongly-condemns-coronavirus-related-racism\/#primaryimage\"},\"thumbnailUrl\":\"https:\/\/iatse.net\/wp-content\/uploads\/2021\/06\/Copy-of-Copy-Tell-Congress-to-include-displaced-entertainment-workers-in-relief-package-1.png\",\"keywords\":[\"Coronavirus Active Response and Engagement Service (C.A.R.E.S.)\"],\"articleSection\":[\"News\"],\"inLanguage\":\"fr-CA\"},{\"@type\":\"WebPage\",\"@id\":\"https:\/\/iatse.net\/iatse-strongly-condemns-coronavirus-related-racism\/\",\"url\":\"https:\/\/iatse.net\/iatse-strongly-condemns-coronavirus-related-racism\/\",\"name\":\"IATSE Strongly Condemns Coronavirus Related Racism - IATSE\",\"isPartOf\":{\"@id\":\"https:\/\/iatse.net\/#website\"},\"primaryImageOfPage\":{\"@id\":\"https:\/\/iatse.net\/iatse-strongly-condemns-coronavirus-related-racism\/#primaryimage\"},\"image\":{\"@id\":\"https:\/\/iatse.net\/iatse-strongly-condemns-coronavirus-related-racism\/#primaryimage\"},\"thumbnailUrl\":\"https:\/\/iatse.net\/wp-content\/uploads\/2021\/06\/Copy-of-Copy-Tell-Congress-to-include-displaced-entertainment-workers-in-relief-package-1.png\",\"datePublished\":\"2020-04-03T00:00:00+00:00\",\"dateModified\":\"2021-06-21T20:53:45+00:00\",\"breadcrumb\":{\"@id\":\"https:\/\/iatse.net\/iatse-strongly-condemns-coronavirus-related-racism\/#breadcrumb\"},\"inLanguage\":\"fr-CA\",\"potentialAction\":[{\"@type\":\"ReadAction\",\"target\":[\"https:\/\/iatse.net\/iatse-strongly-condemns-coronavirus-related-racism\/\"]}]},{\"@type\":\"ImageObject\",\"inLanguage\":\"fr-CA\",\"@id\":\"https:\/\/iatse.net\/iatse-strongly-condemns-coronavirus-related-racism\/#primaryimage\",\"url\":\"https:\/\/iatse.net\/wp-content\/uploads\/2021\/06\/Copy-of-Copy-Tell-Congress-to-include-displaced-entertainment-workers-in-relief-package-1.png\",\"contentUrl\":\"https:\/\/iatse.net\/wp-content\/uploads\/2021\/06\/Copy-of-Copy-Tell-Congress-to-include-displaced-entertainment-workers-in-relief-package-1.png\",\"width\":1200,\"height\":628},{\"@type\":\"BreadcrumbList\",\"@id\":\"https:\/\/iatse.net\/iatse-strongly-condemns-coronavirus-related-racism\/#breadcrumb\",\"itemListElement\":[{\"@type\":\"ListItem\",\"position\":1,\"name\":\"Home\",\"item\":\"https:\/\/iatse.net\/\"},{\"@type\":\"ListItem\",\"position\":2,\"name\":\"IATSE Strongly Condemns Coronavirus Related Racism\"}]},{\"@type\":\"WebSite\",\"@id\":\"https:\/\/iatse.net\/#website\",\"url\":\"https:\/\/iatse.net\/\",\"name\":\"IATSE\",\"description\":\"The Union Behind Entertainment\",\"publisher\":{\"@id\":\"https:\/\/iatse.net\/#organization\"},\"potentialAction\":[{\"@type\":\"SearchAction\",\"target\":{\"@type\":\"EntryPoint\",\"urlTemplate\":\"https:\/\/iatse.net\/?s={search_term_string}\"},\"query-input\":{\"@type\":\"PropertyValueSpecification\",\"valueRequired\":true,\"valueName\":\"search_term_string\"}}],\"inLanguage\":\"fr-CA\"},{\"@type\":\"Organization\",\"@id\":\"https:\/\/iatse.net\/#organization\",\"name\":\"IATSE\",\"url\":\"https:\/\/iatse.net\/\",\"logo\":{\"@type\":\"ImageObject\",\"inLanguage\":\"fr-CA\",\"@id\":\"https:\/\/iatse.net\/#\/schema\/logo\/image\/\",\"url\":\"https:\/\/iatse.net\/wp-content\/uploads\/2021\/03\/IATSE_Logo_White.png\",\"contentUrl\":\"https:\/\/iatse.net\/wp-content\/uploads\/2021\/03\/IATSE_Logo_White.png\",\"width\":2100,\"height\":1987,\"caption\":\"IATSE\"},\"image\":{\"@id\":\"https:\/\/iatse.net\/#\/schema\/logo\/image\/\"}},{\"@type\":\"Person\",\"@id\":\"https:\/\/iatse.net\/#\/schema\/person\/0f70e66471ace00026b129e85eb44df0\",\"name\":\"IATSE Communications\",\"image\":{\"@type\":\"ImageObject\",\"inLanguage\":\"fr-CA\",\"@id\":\"https:\/\/iatse.net\/#\/schema\/person\/image\/\",\"url\":\"https:\/\/secure.gravatar.com\/avatar\/35aecdeea9e9584c91ca1675b0997004?s=96&d=mm&r=g\",\"contentUrl\":\"https:\/\/secure.gravatar.com\/avatar\/35aecdeea9e9584c91ca1675b0997004?s=96&d=mm&r=g\",\"caption\":\"IATSE Communications\"},\"sameAs\":[\"https:\/\/iatse.net\"],\"url\":\"https:\/\/iatse.net\/fr\/author\/communications\/\"}]}<\/script>\n<!-- \/ Yoast SEO plugin. -->","yoast_head_json":{"title":"IATSE Strongly Condemns Coronavirus Related Racism - IATSE","robots":{"index":"index","follow":"follow","max-snippet":"max-snippet:-1","max-image-preview":"max-image-preview:large","max-video-preview":"max-video-preview:-1"},"canonical":"https:\/\/iatse.net\/fr\/iatse-strongly-condemns-coronavirus-related-racism\/","og_locale":"fr_CA","og_type":"article","og_title":"IATSE Strongly Condemns Coronavirus Related Racism - IATSE","og_description":"Matthew D. Loeb, International President of the IATSE, has released the following statement: \u201cOne of the most devastating impacts of the unprecedented coronavirus health crisis has been the rise of [&hellip;]","og_url":"https:\/\/iatse.net\/fr\/iatse-strongly-condemns-coronavirus-related-racism\/","og_site_name":"IATSE","article_published_time":"2020-04-03T00:00:00+00:00","article_modified_time":"2021-06-21T20:53:45+00:00","og_image":[{"width":1200,"height":628,"url":"https:\/\/iatse.net\/wp-content\/uploads\/2021\/06\/Copy-of-Copy-Tell-Congress-to-include-displaced-entertainment-workers-in-relief-package-1.png","type":"image\/png"}],"author":"IATSE Communications","twitter_card":"summary_large_image","twitter_misc":{"\u00c9crit par":"IATSE Communications","Estimation du temps de lecture":"2 minutes"},"schema":{"@context":"https:\/\/schema.org","@graph":[{"@type":"Article","@id":"https:\/\/iatse.net\/iatse-strongly-condemns-coronavirus-related-racism\/#article","isPartOf":{"@id":"https:\/\/iatse.net\/iatse-strongly-condemns-coronavirus-related-racism\/"},"author":{"name":"IATSE Communications","@id":"https:\/\/iatse.net\/#\/schema\/person\/0f70e66471ace00026b129e85eb44df0"},"headline":"IATSE Strongly Condemns Coronavirus Related Racism","datePublished":"2020-04-03T00:00:00+00:00","dateModified":"2021-06-21T20:53:45+00:00","mainEntityOfPage":{"@id":"https:\/\/iatse.net\/iatse-strongly-condemns-coronavirus-related-racism\/"},"wordCount":349,"commentCount":0,"publisher":{"@id":"https:\/\/iatse.net\/#organization"},"image":{"@id":"https:\/\/iatse.net\/iatse-strongly-condemns-coronavirus-related-racism\/#primaryimage"},"thumbnailUrl":"https:\/\/iatse.net\/wp-content\/uploads\/2021\/06\/Copy-of-Copy-Tell-Congress-to-include-displaced-entertainment-workers-in-relief-package-1.png","keywords":["Coronavirus Active Response and Engagement Service (C.A.R.E.S.)"],"articleSection":["News"],"inLanguage":"fr-CA"},{"@type":"WebPage","@id":"https:\/\/iatse.net\/iatse-strongly-condemns-coronavirus-related-racism\/","url":"https:\/\/iatse.net\/iatse-strongly-condemns-coronavirus-related-racism\/","name":"IATSE Strongly Condemns Coronavirus Related Racism - IATSE","isPartOf":{"@id":"https:\/\/iatse.net\/#website"},"primaryImageOfPage":{"@id":"https:\/\/iatse.net\/iatse-strongly-condemns-coronavirus-related-racism\/#primaryimage"},"image":{"@id":"https:\/\/iatse.net\/iatse-strongly-condemns-coronavirus-related-racism\/#primaryimage"},"thumbnailUrl":"https:\/\/iatse.net\/wp-content\/uploads\/2021\/06\/Copy-of-Copy-Tell-Congress-to-include-displaced-entertainment-workers-in-relief-package-1.png","datePublished":"2020-04-03T00:00:00+00:00","dateModified":"2021-06-21T20:53:45+00:00","breadcrumb":{"@id":"https:\/\/iatse.net\/iatse-strongly-condemns-coronavirus-related-racism\/#breadcrumb"},"inLanguage":"fr-CA","potentialAction":[{"@type":"ReadAction","target":["https:\/\/iatse.net\/iatse-strongly-condemns-coronavirus-related-racism\/"]}]},{"@type":"ImageObject","inLanguage":"fr-CA","@id":"https:\/\/iatse.net\/iatse-strongly-condemns-coronavirus-related-racism\/#primaryimage","url":"https:\/\/iatse.net\/wp-content\/uploads\/2021\/06\/Copy-of-Copy-Tell-Congress-to-include-displaced-entertainment-workers-in-relief-package-1.png","contentUrl":"https:\/\/iatse.net\/wp-content\/uploads\/2021\/06\/Copy-of-Copy-Tell-Congress-to-include-displaced-entertainment-workers-in-relief-package-1.png","width":1200,"height":628},{"@type":"BreadcrumbList","@id":"https:\/\/iatse.net\/iatse-strongly-condemns-coronavirus-related-racism\/#breadcrumb","itemListElement":[{"@type":"ListItem","position":1,"name":"Home","item":"https:\/\/iatse.net\/"},{"@type":"ListItem","position":2,"name":"IATSE Strongly Condemns Coronavirus Related Racism"}]},{"@type":"WebSite","@id":"https:\/\/iatse.net\/#website","url":"https:\/\/iatse.net\/","name":"IATSE","description":"The Union Behind Entertainment","publisher":{"@id":"https:\/\/iatse.net\/#organization"},"potentialAction":[{"@type":"SearchAction","target":{"@type":"EntryPoint","urlTemplate":"https:\/\/iatse.net\/?s={search_term_string}"},"query-input":{"@type":"PropertyValueSpecification","valueRequired":true,"valueName":"search_term_string"}}],"inLanguage":"fr-CA"},{"@type":"Organization","@id":"https:\/\/iatse.net\/#organization","name":"IATSE","url":"https:\/\/iatse.net\/","logo":{"@type":"ImageObject","inLanguage":"fr-CA","@id":"https:\/\/iatse.net\/#\/schema\/logo\/image\/","url":"https:\/\/iatse.net\/wp-content\/uploads\/2021\/03\/IATSE_Logo_White.png","contentUrl":"https:\/\/iatse.net\/wp-content\/uploads\/2021\/03\/IATSE_Logo_White.png","width":2100,"height":1987,"caption":"IATSE"},"image":{"@id":"https:\/\/iatse.net\/#\/schema\/logo\/image\/"}},{"@type":"Person","@id":"https:\/\/iatse.net\/#\/schema\/person\/0f70e66471ace00026b129e85eb44df0","name":"IATSE Communications","image":{"@type":"ImageObject","inLanguage":"fr-CA","@id":"https:\/\/iatse.net\/#\/schema\/person\/image\/","url":"https:\/\/secure.gravatar.com\/avatar\/35aecdeea9e9584c91ca1675b0997004?s=96&d=mm&r=g","contentUrl":"https:\/\/secure.gravatar.com\/avatar\/35aecdeea9e9584c91ca1675b0997004?s=96&d=mm&r=g","caption":"IATSE Communications"},"sameAs":["https:\/\/iatse.net"],"url":"https:\/\/iatse.net\/fr\/author\/communications\/"}]}},"acf":[],"_links":{"self":[{"href":"https:\/\/iatse.net\/fr\/wp-json\/wp\/v2\/posts\/2292"}],"collection":[{"href":"https:\/\/iatse.net\/fr\/wp-json\/wp\/v2\/posts"}],"about":[{"href":"https:\/\/iatse.net\/fr\/wp-json\/wp\/v2\/types\/post"}],"author":[{"embeddable":true,"href":"https:\/\/iatse.net\/fr\/wp-json\/wp\/v2\/users\/1"}],"replies":[{"embeddable":true,"href":"https:\/\/iatse.net\/fr\/wp-json\/wp\/v2\/comments?post=2292"}],"version-history":[{"count":1,"href":"https:\/\/iatse.net\/fr\/wp-json\/wp\/v2\/posts\/2292\/revisions"}],"predecessor-version":[{"id":3502,"href":"https:\/\/iatse.net\/fr\/wp-json\/wp\/v2\/posts\/2292\/revisions\/3502"}],"wp:featuredmedia":[{"embeddable":true,"href":"https:\/\/iatse.net\/fr\/wp-json\/wp\/v2\/media\/1707"}],"wp:attachment":[{"href":"https:\/\/iatse.net\/fr\/wp-json\/wp\/v2\/media?parent=2292"}],"wp:term":[{"taxonomy":"category","embeddable":true,"href":"https:\/\/iatse.net\/fr\/wp-json\/wp\/v2\/categories?post=2292"},{"taxonomy":"post_tag","embeddable":true,"href":"https:\/\/iatse.net\/fr\/wp-json\/wp\/v2\/tags?post=2292"}],"curies":[{"name":"wp","href":"https:\/\/api.w.org\/{rel}","templated":true}]}}