{"id":2283,"date":"2020-02-18T00:00:00","date_gmt":"2020-02-18T00:00:00","guid":{"rendered":"https:\/\/iatse.net\/2020\/02\/18\/employees-at-the-young-turks-announce-unionization\/"},"modified":"2021-06-21T16:51:24","modified_gmt":"2021-06-21T20:51:24","slug":"employees-at-the-young-turks-announce-unionization","status":"publish","type":"post","link":"https:\/\/iatse.net\/fr\/employees-at-the-young-turks-announce-unionization\/","title":{"rendered":"Les employ\u00e9s de The Young Turks annoncent une syndicalisation"},"content":{"rendered":"<p>Culver City, Californie - Les travailleurs de la production et de la post-production de The Young Turks (TYT), le r\u00e9seau en ligne proposant des informations d'un point de vue progressiste et de gauche, se sont syndiqu\u00e9s par le biais de l'Alliance internationale des employ\u00e9s de sc\u00e8ne (IATSE).<\/p>\n<p>TYT, fond\u00e9 en 2002 par Cenk Uygur, personnalit\u00e9 en chef \u00e0 la cam\u00e9ra, produit une vari\u00e9t\u00e9 de programmes, dont son talk-show phare, The Young Turks. L'entreprise se d\u00e9crit comme \"le plus grand r\u00e9seau d'informations et de d\u00e9bats en ligne pour la g\u00e9n\u00e9ration connect\u00e9e\". Sa cha\u00eene YouTube compte plus de 4,6 millions d'abonn\u00e9s et, en 2017, l'entreprise a boucl\u00e9 un tour de table de $20 millions de fonds propres.<\/p>\n<p>M. Uygur a r\u00e9cemment fait les gros titres en se lan\u00e7ant dans la course au si\u00e8ge du Congr\u00e8s laiss\u00e9 vacant par l'ancien repr\u00e9sentant Katie Hill (CA-25).<\/p>\n<p>Les membres de l'\u00e9quipe de TYT ont annonc\u00e9 leur d\u00e9cision de se syndiquer dans une d\u00e9claration publi\u00e9e sur les m\u00e9dias sociaux mercredi. La d\u00e9claration est la suivante :<\/p>\n<p>\"Nous sommes fiers de travailler dans les coulisses de TYT pour cr\u00e9er un contenu en ligne audacieux, divertissant et r\u00e9solument progressiste. Il n'existe aucun autre r\u00e9seau d'information et de d\u00e9bats comme TYT, et la perspective que notre r\u00e9seau apporte \u00e0 sa couverture politique est r\u00e9solument en faveur de la justice et des travailleurs.<\/p>\n<p>\"Nous sommes fiers de notre contenu, et nous sommes fiers aussi de mettre en pratique sur notre lieu de travail les valeurs que notre travail contribue \u00e0 porter \u00e0 l'\u00e9cran chaque jour. En d\u00e9cidant de nous syndiquer, nous nous joignons \u00e0 la vague de syndicalisation r\u00e9cente dans les m\u00e9dias num\u00e9riques, et nous sommes solidaires de la renaissance du militantisme syndical que nous observons actuellement sur les lieux de travail de toutes sortes dans tout le pays.\"<\/p>\n<p>L'annonce de la semaine derni\u00e8re \u00e9tait accompagn\u00e9e d'une demande envoy\u00e9e \u00e0 la direction pour que TYT reconnaisse officiellement le syndicat de ses employ\u00e9s sur la base d'une majorit\u00e9 de travailleurs ayant sign\u00e9 des cartes syndicales. Le processus dit de \"v\u00e9rification des cartes\" est une voie de syndicalisation fr\u00e9quemment utilis\u00e9e par les syndicats dans les industries du divertissement et des m\u00e9dias, et il constitue une pierre angulaire du Protecting the Right to Organize Act of 2019 (H.R. 2474) adopt\u00e9 par la Chambre des repr\u00e9sentants par 224 voix contre 194 la semaine derni\u00e8re.<\/p>\n<p>Le syndicat attend avec impatience la r\u00e9ponse de la direction et l'ouverture de n\u00e9gociations pour un premier contrat.<\/p>","protected":false},"excerpt":{"rendered":"<p>Culver City, Californie - Les travailleurs de la production et de la post-production de The Young Turks (TYT), le r\u00e9seau en ligne qui propose des informations d'un point de vue progressiste et de gauche, ont cr\u00e9\u00e9 un syndicat par le biais de l'International [...].<\/p>","protected":false},"author":1,"featured_media":1522,"comment_status":"open","ping_status":"open","sticky":false,"template":"","format":"standard","meta":{"_acf_changed":false,"_monsterinsights_skip_tracking":false,"_monsterinsights_sitenote_active":false,"_monsterinsights_sitenote_note":"","_monsterinsights_sitenote_category":0,"footnotes":""},"categories":[8],"tags":[20],"yoast_head":"<!-- This site is optimized with the Yoast SEO plugin v23.5 - https:\/\/yoast.com\/wordpress\/plugins\/seo\/ -->\n<title>Employees at The Young Turks Announce Unionization - IATSE<\/title>\n<meta name=\"robots\" content=\"index, follow, max-snippet:-1, max-image-preview:large, max-video-preview:-1\" \/>\n<link rel=\"canonical\" href=\"https:\/\/iatse.net\/fr\/employees-at-the-young-turks-announce-unionization\/\" \/>\n<meta property=\"og:locale\" content=\"fr_CA\" \/>\n<meta property=\"og:type\" content=\"article\" \/>\n<meta property=\"og:title\" content=\"Employees at The Young Turks Announce Unionization - IATSE\" \/>\n<meta property=\"og:description\" content=\"Culver City, California \u2013 Production and post-production workers at The Young Turks (TYT), the online network offering news from a progressive, left-leaning perspective, have organized a union through the International [&hellip;]\" \/>\n<meta property=\"og:url\" content=\"https:\/\/iatse.net\/fr\/employees-at-the-young-turks-announce-unionization\/\" \/>\n<meta property=\"og:site_name\" content=\"IATSE\" \/>\n<meta property=\"article:published_time\" content=\"2020-02-18T00:00:00+00:00\" \/>\n<meta property=\"article:modified_time\" content=\"2021-06-21T20:51:24+00:00\" \/>\n<meta property=\"og:image\" content=\"https:\/\/iatse.net\/wp-content\/uploads\/2021\/06\/motionpicture695-1.jpg\" \/>\n\t<meta property=\"og:image:width\" content=\"640\" \/>\n\t<meta property=\"og:image:height\" content=\"377\" \/>\n\t<meta property=\"og:image:type\" content=\"image\/jpeg\" \/>\n<meta name=\"author\" content=\"IATSE Communications\" \/>\n<meta name=\"twitter:card\" content=\"summary_large_image\" \/>\n<meta name=\"twitter:label1\" content=\"\u00c9crit par\" \/>\n\t<meta name=\"twitter:data1\" content=\"IATSE Communications\" \/>\n\t<meta name=\"twitter:label2\" content=\"Estimation du temps de lecture\" \/>\n\t<meta name=\"twitter:data2\" content=\"2 minutes\" \/>\n<script type=\"application\/ld+json\" class=\"yoast-schema-graph\">{\"@context\":\"https:\/\/schema.org\",\"@graph\":[{\"@type\":\"Article\",\"@id\":\"https:\/\/iatse.net\/employees-at-the-young-turks-announce-unionization\/#article\",\"isPartOf\":{\"@id\":\"https:\/\/iatse.net\/employees-at-the-young-turks-announce-unionization\/\"},\"author\":{\"name\":\"IATSE Communications\",\"@id\":\"https:\/\/iatse.net\/#\/schema\/person\/0f70e66471ace00026b129e85eb44df0\"},\"headline\":\"Employees at The Young Turks Announce Unionization\",\"datePublished\":\"2020-02-18T00:00:00+00:00\",\"dateModified\":\"2021-06-21T20:51:24+00:00\",\"mainEntityOfPage\":{\"@id\":\"https:\/\/iatse.net\/employees-at-the-young-turks-announce-unionization\/\"},\"wordCount\":353,\"commentCount\":0,\"publisher\":{\"@id\":\"https:\/\/iatse.net\/#organization\"},\"image\":{\"@id\":\"https:\/\/iatse.net\/employees-at-the-young-turks-announce-unionization\/#primaryimage\"},\"thumbnailUrl\":\"https:\/\/iatse.net\/wp-content\/uploads\/2021\/06\/motionpicture695-1.jpg\",\"keywords\":[\"Motion Picture and Television\"],\"articleSection\":[\"News\"],\"inLanguage\":\"fr-CA\"},{\"@type\":\"WebPage\",\"@id\":\"https:\/\/iatse.net\/employees-at-the-young-turks-announce-unionization\/\",\"url\":\"https:\/\/iatse.net\/employees-at-the-young-turks-announce-unionization\/\",\"name\":\"Employees at The Young Turks Announce Unionization - IATSE\",\"isPartOf\":{\"@id\":\"https:\/\/iatse.net\/#website\"},\"primaryImageOfPage\":{\"@id\":\"https:\/\/iatse.net\/employees-at-the-young-turks-announce-unionization\/#primaryimage\"},\"image\":{\"@id\":\"https:\/\/iatse.net\/employees-at-the-young-turks-announce-unionization\/#primaryimage\"},\"thumbnailUrl\":\"https:\/\/iatse.net\/wp-content\/uploads\/2021\/06\/motionpicture695-1.jpg\",\"datePublished\":\"2020-02-18T00:00:00+00:00\",\"dateModified\":\"2021-06-21T20:51:24+00:00\",\"breadcrumb\":{\"@id\":\"https:\/\/iatse.net\/employees-at-the-young-turks-announce-unionization\/#breadcrumb\"},\"inLanguage\":\"fr-CA\",\"potentialAction\":[{\"@type\":\"ReadAction\",\"target\":[\"https:\/\/iatse.net\/employees-at-the-young-turks-announce-unionization\/\"]}]},{\"@type\":\"ImageObject\",\"inLanguage\":\"fr-CA\",\"@id\":\"https:\/\/iatse.net\/employees-at-the-young-turks-announce-unionization\/#primaryimage\",\"url\":\"https:\/\/iatse.net\/wp-content\/uploads\/2021\/06\/motionpicture695-1.jpg\",\"contentUrl\":\"https:\/\/iatse.net\/wp-content\/uploads\/2021\/06\/motionpicture695-1.jpg\",\"width\":640,\"height\":377,\"caption\":\"IA President Short Appoints Safety Chairman\"},{\"@type\":\"BreadcrumbList\",\"@id\":\"https:\/\/iatse.net\/employees-at-the-young-turks-announce-unionization\/#breadcrumb\",\"itemListElement\":[{\"@type\":\"ListItem\",\"position\":1,\"name\":\"Home\",\"item\":\"https:\/\/iatse.net\/\"},{\"@type\":\"ListItem\",\"position\":2,\"name\":\"Employees at The Young Turks Announce Unionization\"}]},{\"@type\":\"WebSite\",\"@id\":\"https:\/\/iatse.net\/#website\",\"url\":\"https:\/\/iatse.net\/\",\"name\":\"IATSE\",\"description\":\"The Union Behind Entertainment\",\"publisher\":{\"@id\":\"https:\/\/iatse.net\/#organization\"},\"potentialAction\":[{\"@type\":\"SearchAction\",\"target\":{\"@type\":\"EntryPoint\",\"urlTemplate\":\"https:\/\/iatse.net\/?s={search_term_string}\"},\"query-input\":{\"@type\":\"PropertyValueSpecification\",\"valueRequired\":true,\"valueName\":\"search_term_string\"}}],\"inLanguage\":\"fr-CA\"},{\"@type\":\"Organization\",\"@id\":\"https:\/\/iatse.net\/#organization\",\"name\":\"IATSE\",\"url\":\"https:\/\/iatse.net\/\",\"logo\":{\"@type\":\"ImageObject\",\"inLanguage\":\"fr-CA\",\"@id\":\"https:\/\/iatse.net\/#\/schema\/logo\/image\/\",\"url\":\"https:\/\/iatse.net\/wp-content\/uploads\/2021\/03\/IATSE_Logo_White.png\",\"contentUrl\":\"https:\/\/iatse.net\/wp-content\/uploads\/2021\/03\/IATSE_Logo_White.png\",\"width\":2100,\"height\":1987,\"caption\":\"IATSE\"},\"image\":{\"@id\":\"https:\/\/iatse.net\/#\/schema\/logo\/image\/\"}},{\"@type\":\"Person\",\"@id\":\"https:\/\/iatse.net\/#\/schema\/person\/0f70e66471ace00026b129e85eb44df0\",\"name\":\"IATSE Communications\",\"image\":{\"@type\":\"ImageObject\",\"inLanguage\":\"fr-CA\",\"@id\":\"https:\/\/iatse.net\/#\/schema\/person\/image\/\",\"url\":\"https:\/\/secure.gravatar.com\/avatar\/35aecdeea9e9584c91ca1675b0997004?s=96&d=mm&r=g\",\"contentUrl\":\"https:\/\/secure.gravatar.com\/avatar\/35aecdeea9e9584c91ca1675b0997004?s=96&d=mm&r=g\",\"caption\":\"IATSE Communications\"},\"sameAs\":[\"https:\/\/iatse.net\"],\"url\":\"https:\/\/iatse.net\/fr\/author\/communications\/\"}]}<\/script>\n<!-- \/ Yoast SEO plugin. -->","yoast_head_json":{"title":"Employees at The Young Turks Announce Unionization - IATSE","robots":{"index":"index","follow":"follow","max-snippet":"max-snippet:-1","max-image-preview":"max-image-preview:large","max-video-preview":"max-video-preview:-1"},"canonical":"https:\/\/iatse.net\/fr\/employees-at-the-young-turks-announce-unionization\/","og_locale":"fr_CA","og_type":"article","og_title":"Employees at The Young Turks Announce Unionization - IATSE","og_description":"Culver City, California \u2013 Production and post-production workers at The Young Turks (TYT), the online network offering news from a progressive, left-leaning perspective, have organized a union through the International [&hellip;]","og_url":"https:\/\/iatse.net\/fr\/employees-at-the-young-turks-announce-unionization\/","og_site_name":"IATSE","article_published_time":"2020-02-18T00:00:00+00:00","article_modified_time":"2021-06-21T20:51:24+00:00","og_image":[{"width":640,"height":377,"url":"https:\/\/iatse.net\/wp-content\/uploads\/2021\/06\/motionpicture695-1.jpg","type":"image\/jpeg"}],"author":"IATSE Communications","twitter_card":"summary_large_image","twitter_misc":{"\u00c9crit par":"IATSE Communications","Estimation du temps de lecture":"2 minutes"},"schema":{"@context":"https:\/\/schema.org","@graph":[{"@type":"Article","@id":"https:\/\/iatse.net\/employees-at-the-young-turks-announce-unionization\/#article","isPartOf":{"@id":"https:\/\/iatse.net\/employees-at-the-young-turks-announce-unionization\/"},"author":{"name":"IATSE Communications","@id":"https:\/\/iatse.net\/#\/schema\/person\/0f70e66471ace00026b129e85eb44df0"},"headline":"Employees at The Young Turks Announce Unionization","datePublished":"2020-02-18T00:00:00+00:00","dateModified":"2021-06-21T20:51:24+00:00","mainEntityOfPage":{"@id":"https:\/\/iatse.net\/employees-at-the-young-turks-announce-unionization\/"},"wordCount":353,"commentCount":0,"publisher":{"@id":"https:\/\/iatse.net\/#organization"},"image":{"@id":"https:\/\/iatse.net\/employees-at-the-young-turks-announce-unionization\/#primaryimage"},"thumbnailUrl":"https:\/\/iatse.net\/wp-content\/uploads\/2021\/06\/motionpicture695-1.jpg","keywords":["Motion Picture and Television"],"articleSection":["News"],"inLanguage":"fr-CA"},{"@type":"WebPage","@id":"https:\/\/iatse.net\/employees-at-the-young-turks-announce-unionization\/","url":"https:\/\/iatse.net\/employees-at-the-young-turks-announce-unionization\/","name":"Employees at The Young Turks Announce Unionization - IATSE","isPartOf":{"@id":"https:\/\/iatse.net\/#website"},"primaryImageOfPage":{"@id":"https:\/\/iatse.net\/employees-at-the-young-turks-announce-unionization\/#primaryimage"},"image":{"@id":"https:\/\/iatse.net\/employees-at-the-young-turks-announce-unionization\/#primaryimage"},"thumbnailUrl":"https:\/\/iatse.net\/wp-content\/uploads\/2021\/06\/motionpicture695-1.jpg","datePublished":"2020-02-18T00:00:00+00:00","dateModified":"2021-06-21T20:51:24+00:00","breadcrumb":{"@id":"https:\/\/iatse.net\/employees-at-the-young-turks-announce-unionization\/#breadcrumb"},"inLanguage":"fr-CA","potentialAction":[{"@type":"ReadAction","target":["https:\/\/iatse.net\/employees-at-the-young-turks-announce-unionization\/"]}]},{"@type":"ImageObject","inLanguage":"fr-CA","@id":"https:\/\/iatse.net\/employees-at-the-young-turks-announce-unionization\/#primaryimage","url":"https:\/\/iatse.net\/wp-content\/uploads\/2021\/06\/motionpicture695-1.jpg","contentUrl":"https:\/\/iatse.net\/wp-content\/uploads\/2021\/06\/motionpicture695-1.jpg","width":640,"height":377,"caption":"IA President Short Appoints Safety Chairman"},{"@type":"BreadcrumbList","@id":"https:\/\/iatse.net\/employees-at-the-young-turks-announce-unionization\/#breadcrumb","itemListElement":[{"@type":"ListItem","position":1,"name":"Home","item":"https:\/\/iatse.net\/"},{"@type":"ListItem","position":2,"name":"Employees at The Young Turks Announce Unionization"}]},{"@type":"WebSite","@id":"https:\/\/iatse.net\/#website","url":"https:\/\/iatse.net\/","name":"IATSE","description":"The Union Behind Entertainment","publisher":{"@id":"https:\/\/iatse.net\/#organization"},"potentialAction":[{"@type":"SearchAction","target":{"@type":"EntryPoint","urlTemplate":"https:\/\/iatse.net\/?s={search_term_string}"},"query-input":{"@type":"PropertyValueSpecification","valueRequired":true,"valueName":"search_term_string"}}],"inLanguage":"fr-CA"},{"@type":"Organization","@id":"https:\/\/iatse.net\/#organization","name":"IATSE","url":"https:\/\/iatse.net\/","logo":{"@type":"ImageObject","inLanguage":"fr-CA","@id":"https:\/\/iatse.net\/#\/schema\/logo\/image\/","url":"https:\/\/iatse.net\/wp-content\/uploads\/2021\/03\/IATSE_Logo_White.png","contentUrl":"https:\/\/iatse.net\/wp-content\/uploads\/2021\/03\/IATSE_Logo_White.png","width":2100,"height":1987,"caption":"IATSE"},"image":{"@id":"https:\/\/iatse.net\/#\/schema\/logo\/image\/"}},{"@type":"Person","@id":"https:\/\/iatse.net\/#\/schema\/person\/0f70e66471ace00026b129e85eb44df0","name":"IATSE Communications","image":{"@type":"ImageObject","inLanguage":"fr-CA","@id":"https:\/\/iatse.net\/#\/schema\/person\/image\/","url":"https:\/\/secure.gravatar.com\/avatar\/35aecdeea9e9584c91ca1675b0997004?s=96&d=mm&r=g","contentUrl":"https:\/\/secure.gravatar.com\/avatar\/35aecdeea9e9584c91ca1675b0997004?s=96&d=mm&r=g","caption":"IATSE Communications"},"sameAs":["https:\/\/iatse.net"],"url":"https:\/\/iatse.net\/fr\/author\/communications\/"}]}},"acf":[],"_links":{"self":[{"href":"https:\/\/iatse.net\/fr\/wp-json\/wp\/v2\/posts\/2283"}],"collection":[{"href":"https:\/\/iatse.net\/fr\/wp-json\/wp\/v2\/posts"}],"about":[{"href":"https:\/\/iatse.net\/fr\/wp-json\/wp\/v2\/types\/post"}],"author":[{"embeddable":true,"href":"https:\/\/iatse.net\/fr\/wp-json\/wp\/v2\/users\/1"}],"replies":[{"embeddable":true,"href":"https:\/\/iatse.net\/fr\/wp-json\/wp\/v2\/comments?post=2283"}],"version-history":[{"count":1,"href":"https:\/\/iatse.net\/fr\/wp-json\/wp\/v2\/posts\/2283\/revisions"}],"predecessor-version":[{"id":3498,"href":"https:\/\/iatse.net\/fr\/wp-json\/wp\/v2\/posts\/2283\/revisions\/3498"}],"wp:featuredmedia":[{"embeddable":true,"href":"https:\/\/iatse.net\/fr\/wp-json\/wp\/v2\/media\/1522"}],"wp:attachment":[{"href":"https:\/\/iatse.net\/fr\/wp-json\/wp\/v2\/media?parent=2283"}],"wp:term":[{"taxonomy":"category","embeddable":true,"href":"https:\/\/iatse.net\/fr\/wp-json\/wp\/v2\/categories?post=2283"},{"taxonomy":"post_tag","embeddable":true,"href":"https:\/\/iatse.net\/fr\/wp-json\/wp\/v2\/tags?post=2283"}],"curies":[{"name":"wp","href":"https:\/\/api.w.org\/{rel}","templated":true}]}}