{"id":2280,"date":"2020-02-04T00:00:00","date_gmt":"2020-02-04T00:00:00","guid":{"rendered":"https:\/\/iatse.net\/2020\/02\/04\/iatse-urges-congress-to-support-the-protecting-the-right-to-organize-act\/"},"modified":"2021-06-21T16:49:43","modified_gmt":"2021-06-21T20:49:43","slug":"iatse-urges-congress-to-support-the-protecting-the-right-to-organize-act","status":"publish","type":"post","link":"https:\/\/iatse.net\/fr\/iatse-urges-congress-to-support-the-protecting-the-right-to-organize-act\/","title":{"rendered":"L'IATSE exhorte le Congr\u00e8s \u00e0 soutenir la loi sur la protection du droit d'organisation (Protecting the Right to Organize Act)"},"content":{"rendered":"<p>Hier, Matthew D. Loeb, pr\u00e9sident international de l'IATSE, a envoy\u00e9 une lettre exhortant les membres du Congr\u00e8s \u00e0 soutenir la loi Protecting the Right to Organize (PRO), H.R. 2474, et \u00e0 s'opposer aux amendements affaiblissants et \u00e0 toute motion de renvoi lorsque la Chambre des repr\u00e9sentants examinera le projet de loi cette semaine. La lettre a \u00e9t\u00e9 envoy\u00e9e \u00e0 tous les membres de la Chambre des repr\u00e9sentants avant le vote attendu de la loi PRO le jeudi 6 f\u00e9vrier.<\/p>\n<p>Ses commentaires sont les suivants :<\/p>\n<p>Au nom des quelque 125 000 membres am\u00e9ricains de l'International Alliance of Theatrical Stage Employees (IATSE), je vous demande instamment de soutenir la loi Protecting the Right to Organize (PRO), H.R. 2474, et de vous opposer aux amendements affaiblissants et \u00e0 toute motion de renvoi lorsque la Chambre des repr\u00e9sentants examinera le projet de loi. La loi PRO r\u00e9tablira l'\u00e9quit\u00e9 dans l'\u00e9conomie en renfor\u00e7ant les lois f\u00e9d\u00e9rales qui donnent aux travailleurs une voix sur le lieu de travail afin qu'ils puissent n\u00e9gocier des salaires plus \u00e9lev\u00e9s, de meilleurs avantages, une retraite plus s\u00fbre et un lieu de travail plus s\u00fbr.<\/p>\n<p>Trop souvent, lorsque les travailleurs choisissent de se syndiquer, les employeurs retardent le processus de n\u00e9gociation pour \u00e9viter de conclure un accord - comme en t\u00e9moignent les gr\u00e9eurs du Pacifique Nord-Ouest employ\u00e9s par Rhino Staging Northwest qui ont vot\u00e9 en 2015 pour \u00eatre repr\u00e9sent\u00e9s par la section locale 15 de l'IATSE, mais qui aujourd'hui n'ont toujours pas de contrat.<\/p>\n<p>Ces monteurs - qui travaillent au-dessus des sc\u00e8nes, sur des \u00e9chafaudages ou des passerelles, pour installer des \u00e9quipements d'\u00e9clairage et de sonorisation complexes - se sont conform\u00e9s aux lois du travail de l'\u00c9tat et du gouvernement f\u00e9d\u00e9ral et se sont organis\u00e9s pendant de nombreuses ann\u00e9es. Lass\u00e9s des bas salaires, de l'absence de soins de sant\u00e9 financ\u00e9s par l'employeur et des conditions de travail dangereuses, ils ont vot\u00e9 en faveur de la syndicalisation.<\/p>\n<p>Pourtant, apr\u00e8s que ces travailleurs aient vot\u00e9 pour le syndicat, Rhino a refus\u00e9 de n\u00e9gocier de bonne foi comme l'exige le droit du travail f\u00e9d\u00e9ral. Rhino a contest\u00e9 le syndicat devant le National Labor Relations Board (NLRB) et devant un tribunal f\u00e9d\u00e9ral. Il a perdu. Elle a tergivers\u00e9 et retard\u00e9 les choses, et aujourd'hui encore, elle n'a pas conclu de contrat.<\/p>\n<p>Ce n'est qu'un exemple de la mani\u00e8re dont certains employeurs ont pu violer impun\u00e9ment la loi nationale sur les relations de travail (NLRA), en refusant r\u00e9guli\u00e8rement aux travailleurs leur droit fondamental de s'associer \u00e0 leurs coll\u00e8gues pour obtenir l'\u00e9quit\u00e9 sur le lieu de travail. Au fil du temps, les employeurs s'en tirent \u00e0 bon compte.<\/p>\n<p>La loi PRO \u00e9tablirait un processus de m\u00e9diation et d'arbitrage pour aider les parties \u00e0 conclure un premier contrat. Ce changement important ferait de la libert\u00e9 de n\u00e9gocier une r\u00e9alit\u00e9 pour d'innombrables travailleurs qui se sont syndiqu\u00e9s mais n'ont jamais pu profiter des avantages d'une convention collective.<\/p>\n<p>La loi PRO moderniserait la NLRA en alignant ses recours sur les autres lois relatives au lieu de travail. En plus d'imposer des sanctions financi\u00e8res aux entreprises et aux dirigeants individuels qui violent la loi, le projet de loi donnerait aux travailleurs la possibilit\u00e9 de porter leur affaire devant un tribunal f\u00e9d\u00e9ral.<\/p>\n<p>En vertu du projet de loi, d\u00e8s que les travailleurs votent pour former un syndicat, le National Labor Relations Board (NLRB) serait autoris\u00e9 \u00e0 ordonner \u00e0 l'employeur de commencer \u00e0 n\u00e9gocier un premier contrat. Ces ordonnances seraient ex\u00e9cut\u00e9es par les tribunaux de district afin de garantir une justice rapide.  En outre, le projet de loi garantirait que les employ\u00e9s ne soient pas priv\u00e9s de leur droit \u00e0 un syndicat parce que leur employeur se cache derri\u00e8re un sous-traitant ou un autre interm\u00e9diaire, ou les classe d\u00e9lib\u00e9r\u00e9ment \u00e0 tort comme superviseurs ou entrepreneurs ind\u00e9pendants.<br \/>\nLe projet de loi \u00e9liminerait \u00e9galement les lois sur le \"droit au travail\", interdirait les r\u00e9unions obligatoires en \"public captif\" et prot\u00e9gerait le droit de gr\u00e8ve, entre autres dispositions.<\/p>\n<p>La loi PRO est une priorit\u00e9 absolue pour l'IATSE, nous vous invitons \u00e0 soutenir ce projet de loi et \u00e0 nous aider \u00e0 construire une \u00e9conomie qui fonctionne pour toutes les familles de travailleurs.<\/p>","protected":false},"excerpt":{"rendered":"<p>Hier, Matthew D. Loeb, pr\u00e9sident international de l'IATSE, a envoy\u00e9 une lettre exhortant les membres du Congr\u00e8s \u00e0 soutenir la loi Protecting the Right to Organize (PRO) Act, H.R. 2474, et \u00e0 s'opposer \u00e0 l'affaiblissement [...]<\/p>","protected":false},"author":1,"featured_media":1729,"comment_status":"open","ping_status":"open","sticky":false,"template":"","format":"standard","meta":{"_acf_changed":false,"_monsterinsights_skip_tracking":false,"_monsterinsights_sitenote_active":false,"_monsterinsights_sitenote_note":"","_monsterinsights_sitenote_category":0,"footnotes":""},"categories":[8],"tags":[23],"yoast_head":"<!-- This site is optimized with the Yoast SEO plugin v23.5 - https:\/\/yoast.com\/wordpress\/plugins\/seo\/ -->\n<title>IATSE urges Congress to support the Protecting the Right to Organize Act - IATSE<\/title>\n<meta name=\"robots\" content=\"index, follow, max-snippet:-1, max-image-preview:large, max-video-preview:-1\" \/>\n<link rel=\"canonical\" href=\"https:\/\/iatse.net\/fr\/iatse-urges-congress-to-support-the-protecting-the-right-to-organize-act\/\" \/>\n<meta property=\"og:locale\" content=\"fr_CA\" \/>\n<meta property=\"og:type\" content=\"article\" \/>\n<meta property=\"og:title\" content=\"IATSE urges Congress to support the Protecting the Right to Organize Act - IATSE\" \/>\n<meta property=\"og:description\" content=\"Yesterday, Matthew D. Loeb, International President, IATSE sent a letter urging Members of Congress to support the Protecting the Right to Organize (PRO) Act, H.R. 2474, and to oppose weakening [&hellip;]\" \/>\n<meta property=\"og:url\" content=\"https:\/\/iatse.net\/fr\/iatse-urges-congress-to-support-the-protecting-the-right-to-organize-act\/\" \/>\n<meta property=\"og:site_name\" content=\"IATSE\" \/>\n<meta property=\"article:published_time\" content=\"2020-02-04T00:00:00+00:00\" \/>\n<meta property=\"article:modified_time\" content=\"2021-06-21T20:49:43+00:00\" \/>\n<meta property=\"og:image\" content=\"https:\/\/iatse.net\/wp-content\/uploads\/2021\/06\/2020-09-29-CleDebate-Union-And-Constitution-Forever-1.jpg\" \/>\n\t<meta property=\"og:image:width\" content=\"787\" \/>\n\t<meta property=\"og:image:height\" content=\"549\" \/>\n\t<meta property=\"og:image:type\" content=\"image\/jpeg\" \/>\n<meta name=\"author\" content=\"IATSE Communications\" \/>\n<meta name=\"twitter:card\" content=\"summary_large_image\" \/>\n<meta name=\"twitter:label1\" content=\"\u00c9crit par\" \/>\n\t<meta name=\"twitter:data1\" content=\"IATSE Communications\" \/>\n\t<meta name=\"twitter:label2\" content=\"Estimation du temps de lecture\" \/>\n\t<meta name=\"twitter:data2\" content=\"3 minutes\" \/>\n<script type=\"application\/ld+json\" class=\"yoast-schema-graph\">{\"@context\":\"https:\/\/schema.org\",\"@graph\":[{\"@type\":\"Article\",\"@id\":\"https:\/\/iatse.net\/iatse-urges-congress-to-support-the-protecting-the-right-to-organize-act\/#article\",\"isPartOf\":{\"@id\":\"https:\/\/iatse.net\/iatse-urges-congress-to-support-the-protecting-the-right-to-organize-act\/\"},\"author\":{\"name\":\"IATSE Communications\",\"@id\":\"https:\/\/iatse.net\/#\/schema\/person\/0f70e66471ace00026b129e85eb44df0\"},\"headline\":\"IATSE urges Congress to support the Protecting the Right to Organize Act\",\"datePublished\":\"2020-02-04T00:00:00+00:00\",\"dateModified\":\"2021-06-21T20:49:43+00:00\",\"mainEntityOfPage\":{\"@id\":\"https:\/\/iatse.net\/iatse-urges-congress-to-support-the-protecting-the-right-to-organize-act\/\"},\"wordCount\":591,\"commentCount\":0,\"publisher\":{\"@id\":\"https:\/\/iatse.net\/#organization\"},\"image\":{\"@id\":\"https:\/\/iatse.net\/iatse-urges-congress-to-support-the-protecting-the-right-to-organize-act\/#primaryimage\"},\"thumbnailUrl\":\"https:\/\/iatse.net\/wp-content\/uploads\/2021\/06\/2020-09-29-CleDebate-Union-And-Constitution-Forever-1.jpg\",\"keywords\":[\"Political and Legislative\"],\"articleSection\":[\"News\"],\"inLanguage\":\"fr-CA\"},{\"@type\":\"WebPage\",\"@id\":\"https:\/\/iatse.net\/iatse-urges-congress-to-support-the-protecting-the-right-to-organize-act\/\",\"url\":\"https:\/\/iatse.net\/iatse-urges-congress-to-support-the-protecting-the-right-to-organize-act\/\",\"name\":\"IATSE urges Congress to support the Protecting the Right to Organize Act - IATSE\",\"isPartOf\":{\"@id\":\"https:\/\/iatse.net\/#website\"},\"primaryImageOfPage\":{\"@id\":\"https:\/\/iatse.net\/iatse-urges-congress-to-support-the-protecting-the-right-to-organize-act\/#primaryimage\"},\"image\":{\"@id\":\"https:\/\/iatse.net\/iatse-urges-congress-to-support-the-protecting-the-right-to-organize-act\/#primaryimage\"},\"thumbnailUrl\":\"https:\/\/iatse.net\/wp-content\/uploads\/2021\/06\/2020-09-29-CleDebate-Union-And-Constitution-Forever-1.jpg\",\"datePublished\":\"2020-02-04T00:00:00+00:00\",\"dateModified\":\"2021-06-21T20:49:43+00:00\",\"breadcrumb\":{\"@id\":\"https:\/\/iatse.net\/iatse-urges-congress-to-support-the-protecting-the-right-to-organize-act\/#breadcrumb\"},\"inLanguage\":\"fr-CA\",\"potentialAction\":[{\"@type\":\"ReadAction\",\"target\":[\"https:\/\/iatse.net\/iatse-urges-congress-to-support-the-protecting-the-right-to-organize-act\/\"]}]},{\"@type\":\"ImageObject\",\"inLanguage\":\"fr-CA\",\"@id\":\"https:\/\/iatse.net\/iatse-urges-congress-to-support-the-protecting-the-right-to-organize-act\/#primaryimage\",\"url\":\"https:\/\/iatse.net\/wp-content\/uploads\/2021\/06\/2020-09-29-CleDebate-Union-And-Constitution-Forever-1.jpg\",\"contentUrl\":\"https:\/\/iatse.net\/wp-content\/uploads\/2021\/06\/2020-09-29-CleDebate-Union-And-Constitution-Forever-1.jpg\",\"width\":787,\"height\":549,\"caption\":\"IATSE General Board Endorses Obama 2nd Term\"},{\"@type\":\"BreadcrumbList\",\"@id\":\"https:\/\/iatse.net\/iatse-urges-congress-to-support-the-protecting-the-right-to-organize-act\/#breadcrumb\",\"itemListElement\":[{\"@type\":\"ListItem\",\"position\":1,\"name\":\"Home\",\"item\":\"https:\/\/iatse.net\/\"},{\"@type\":\"ListItem\",\"position\":2,\"name\":\"IATSE urges Congress to support the Protecting the Right to Organize Act\"}]},{\"@type\":\"WebSite\",\"@id\":\"https:\/\/iatse.net\/#website\",\"url\":\"https:\/\/iatse.net\/\",\"name\":\"IATSE\",\"description\":\"The Union Behind Entertainment\",\"publisher\":{\"@id\":\"https:\/\/iatse.net\/#organization\"},\"potentialAction\":[{\"@type\":\"SearchAction\",\"target\":{\"@type\":\"EntryPoint\",\"urlTemplate\":\"https:\/\/iatse.net\/?s={search_term_string}\"},\"query-input\":{\"@type\":\"PropertyValueSpecification\",\"valueRequired\":true,\"valueName\":\"search_term_string\"}}],\"inLanguage\":\"fr-CA\"},{\"@type\":\"Organization\",\"@id\":\"https:\/\/iatse.net\/#organization\",\"name\":\"IATSE\",\"url\":\"https:\/\/iatse.net\/\",\"logo\":{\"@type\":\"ImageObject\",\"inLanguage\":\"fr-CA\",\"@id\":\"https:\/\/iatse.net\/#\/schema\/logo\/image\/\",\"url\":\"https:\/\/iatse.net\/wp-content\/uploads\/2021\/03\/IATSE_Logo_White.png\",\"contentUrl\":\"https:\/\/iatse.net\/wp-content\/uploads\/2021\/03\/IATSE_Logo_White.png\",\"width\":2100,\"height\":1987,\"caption\":\"IATSE\"},\"image\":{\"@id\":\"https:\/\/iatse.net\/#\/schema\/logo\/image\/\"}},{\"@type\":\"Person\",\"@id\":\"https:\/\/iatse.net\/#\/schema\/person\/0f70e66471ace00026b129e85eb44df0\",\"name\":\"IATSE Communications\",\"image\":{\"@type\":\"ImageObject\",\"inLanguage\":\"fr-CA\",\"@id\":\"https:\/\/iatse.net\/#\/schema\/person\/image\/\",\"url\":\"https:\/\/secure.gravatar.com\/avatar\/35aecdeea9e9584c91ca1675b0997004?s=96&d=mm&r=g\",\"contentUrl\":\"https:\/\/secure.gravatar.com\/avatar\/35aecdeea9e9584c91ca1675b0997004?s=96&d=mm&r=g\",\"caption\":\"IATSE Communications\"},\"sameAs\":[\"https:\/\/iatse.net\"],\"url\":\"https:\/\/iatse.net\/fr\/author\/communications\/\"}]}<\/script>\n<!-- \/ Yoast SEO plugin. -->","yoast_head_json":{"title":"IATSE urges Congress to support the Protecting the Right to Organize Act - IATSE","robots":{"index":"index","follow":"follow","max-snippet":"max-snippet:-1","max-image-preview":"max-image-preview:large","max-video-preview":"max-video-preview:-1"},"canonical":"https:\/\/iatse.net\/fr\/iatse-urges-congress-to-support-the-protecting-the-right-to-organize-act\/","og_locale":"fr_CA","og_type":"article","og_title":"IATSE urges Congress to support the Protecting the Right to Organize Act - IATSE","og_description":"Yesterday, Matthew D. Loeb, International President, IATSE sent a letter urging Members of Congress to support the Protecting the Right to Organize (PRO) Act, H.R. 2474, and to oppose weakening [&hellip;]","og_url":"https:\/\/iatse.net\/fr\/iatse-urges-congress-to-support-the-protecting-the-right-to-organize-act\/","og_site_name":"IATSE","article_published_time":"2020-02-04T00:00:00+00:00","article_modified_time":"2021-06-21T20:49:43+00:00","og_image":[{"width":787,"height":549,"url":"https:\/\/iatse.net\/wp-content\/uploads\/2021\/06\/2020-09-29-CleDebate-Union-And-Constitution-Forever-1.jpg","type":"image\/jpeg"}],"author":"IATSE Communications","twitter_card":"summary_large_image","twitter_misc":{"\u00c9crit par":"IATSE Communications","Estimation du temps de lecture":"3 minutes"},"schema":{"@context":"https:\/\/schema.org","@graph":[{"@type":"Article","@id":"https:\/\/iatse.net\/iatse-urges-congress-to-support-the-protecting-the-right-to-organize-act\/#article","isPartOf":{"@id":"https:\/\/iatse.net\/iatse-urges-congress-to-support-the-protecting-the-right-to-organize-act\/"},"author":{"name":"IATSE Communications","@id":"https:\/\/iatse.net\/#\/schema\/person\/0f70e66471ace00026b129e85eb44df0"},"headline":"IATSE urges Congress to support the Protecting the Right to Organize Act","datePublished":"2020-02-04T00:00:00+00:00","dateModified":"2021-06-21T20:49:43+00:00","mainEntityOfPage":{"@id":"https:\/\/iatse.net\/iatse-urges-congress-to-support-the-protecting-the-right-to-organize-act\/"},"wordCount":591,"commentCount":0,"publisher":{"@id":"https:\/\/iatse.net\/#organization"},"image":{"@id":"https:\/\/iatse.net\/iatse-urges-congress-to-support-the-protecting-the-right-to-organize-act\/#primaryimage"},"thumbnailUrl":"https:\/\/iatse.net\/wp-content\/uploads\/2021\/06\/2020-09-29-CleDebate-Union-And-Constitution-Forever-1.jpg","keywords":["Political and Legislative"],"articleSection":["News"],"inLanguage":"fr-CA"},{"@type":"WebPage","@id":"https:\/\/iatse.net\/iatse-urges-congress-to-support-the-protecting-the-right-to-organize-act\/","url":"https:\/\/iatse.net\/iatse-urges-congress-to-support-the-protecting-the-right-to-organize-act\/","name":"IATSE urges Congress to support the Protecting the Right to Organize Act - IATSE","isPartOf":{"@id":"https:\/\/iatse.net\/#website"},"primaryImageOfPage":{"@id":"https:\/\/iatse.net\/iatse-urges-congress-to-support-the-protecting-the-right-to-organize-act\/#primaryimage"},"image":{"@id":"https:\/\/iatse.net\/iatse-urges-congress-to-support-the-protecting-the-right-to-organize-act\/#primaryimage"},"thumbnailUrl":"https:\/\/iatse.net\/wp-content\/uploads\/2021\/06\/2020-09-29-CleDebate-Union-And-Constitution-Forever-1.jpg","datePublished":"2020-02-04T00:00:00+00:00","dateModified":"2021-06-21T20:49:43+00:00","breadcrumb":{"@id":"https:\/\/iatse.net\/iatse-urges-congress-to-support-the-protecting-the-right-to-organize-act\/#breadcrumb"},"inLanguage":"fr-CA","potentialAction":[{"@type":"ReadAction","target":["https:\/\/iatse.net\/iatse-urges-congress-to-support-the-protecting-the-right-to-organize-act\/"]}]},{"@type":"ImageObject","inLanguage":"fr-CA","@id":"https:\/\/iatse.net\/iatse-urges-congress-to-support-the-protecting-the-right-to-organize-act\/#primaryimage","url":"https:\/\/iatse.net\/wp-content\/uploads\/2021\/06\/2020-09-29-CleDebate-Union-And-Constitution-Forever-1.jpg","contentUrl":"https:\/\/iatse.net\/wp-content\/uploads\/2021\/06\/2020-09-29-CleDebate-Union-And-Constitution-Forever-1.jpg","width":787,"height":549,"caption":"IATSE General Board Endorses Obama 2nd Term"},{"@type":"BreadcrumbList","@id":"https:\/\/iatse.net\/iatse-urges-congress-to-support-the-protecting-the-right-to-organize-act\/#breadcrumb","itemListElement":[{"@type":"ListItem","position":1,"name":"Home","item":"https:\/\/iatse.net\/"},{"@type":"ListItem","position":2,"name":"IATSE urges Congress to support the Protecting the Right to Organize Act"}]},{"@type":"WebSite","@id":"https:\/\/iatse.net\/#website","url":"https:\/\/iatse.net\/","name":"IATSE","description":"The Union Behind Entertainment","publisher":{"@id":"https:\/\/iatse.net\/#organization"},"potentialAction":[{"@type":"SearchAction","target":{"@type":"EntryPoint","urlTemplate":"https:\/\/iatse.net\/?s={search_term_string}"},"query-input":{"@type":"PropertyValueSpecification","valueRequired":true,"valueName":"search_term_string"}}],"inLanguage":"fr-CA"},{"@type":"Organization","@id":"https:\/\/iatse.net\/#organization","name":"IATSE","url":"https:\/\/iatse.net\/","logo":{"@type":"ImageObject","inLanguage":"fr-CA","@id":"https:\/\/iatse.net\/#\/schema\/logo\/image\/","url":"https:\/\/iatse.net\/wp-content\/uploads\/2021\/03\/IATSE_Logo_White.png","contentUrl":"https:\/\/iatse.net\/wp-content\/uploads\/2021\/03\/IATSE_Logo_White.png","width":2100,"height":1987,"caption":"IATSE"},"image":{"@id":"https:\/\/iatse.net\/#\/schema\/logo\/image\/"}},{"@type":"Person","@id":"https:\/\/iatse.net\/#\/schema\/person\/0f70e66471ace00026b129e85eb44df0","name":"IATSE Communications","image":{"@type":"ImageObject","inLanguage":"fr-CA","@id":"https:\/\/iatse.net\/#\/schema\/person\/image\/","url":"https:\/\/secure.gravatar.com\/avatar\/35aecdeea9e9584c91ca1675b0997004?s=96&d=mm&r=g","contentUrl":"https:\/\/secure.gravatar.com\/avatar\/35aecdeea9e9584c91ca1675b0997004?s=96&d=mm&r=g","caption":"IATSE Communications"},"sameAs":["https:\/\/iatse.net"],"url":"https:\/\/iatse.net\/fr\/author\/communications\/"}]}},"acf":[],"_links":{"self":[{"href":"https:\/\/iatse.net\/fr\/wp-json\/wp\/v2\/posts\/2280"}],"collection":[{"href":"https:\/\/iatse.net\/fr\/wp-json\/wp\/v2\/posts"}],"about":[{"href":"https:\/\/iatse.net\/fr\/wp-json\/wp\/v2\/types\/post"}],"author":[{"embeddable":true,"href":"https:\/\/iatse.net\/fr\/wp-json\/wp\/v2\/users\/1"}],"replies":[{"embeddable":true,"href":"https:\/\/iatse.net\/fr\/wp-json\/wp\/v2\/comments?post=2280"}],"version-history":[{"count":1,"href":"https:\/\/iatse.net\/fr\/wp-json\/wp\/v2\/posts\/2280\/revisions"}],"predecessor-version":[{"id":3495,"href":"https:\/\/iatse.net\/fr\/wp-json\/wp\/v2\/posts\/2280\/revisions\/3495"}],"wp:featuredmedia":[{"embeddable":true,"href":"https:\/\/iatse.net\/fr\/wp-json\/wp\/v2\/media\/1729"}],"wp:attachment":[{"href":"https:\/\/iatse.net\/fr\/wp-json\/wp\/v2\/media?parent=2280"}],"wp:term":[{"taxonomy":"category","embeddable":true,"href":"https:\/\/iatse.net\/fr\/wp-json\/wp\/v2\/categories?post=2280"},{"taxonomy":"post_tag","embeddable":true,"href":"https:\/\/iatse.net\/fr\/wp-json\/wp\/v2\/tags?post=2280"}],"curies":[{"name":"wp","href":"https:\/\/api.w.org\/{rel}","templated":true}]}}