{"id":2249,"date":"2018-11-07T00:00:00","date_gmt":"2018-11-07T00:00:00","guid":{"rendered":"https:\/\/iatse.net\/2018\/11\/07\/statement-from-president-loeb-about-the-2018-midterm-elections\/"},"modified":"2021-06-10T18:35:45","modified_gmt":"2021-06-10T18:35:45","slug":"statement-from-president-loeb-about-the-2018-midterm-elections","status":"publish","type":"post","link":"https:\/\/iatse.net\/fr\/statement-from-president-loeb-about-the-2018-midterm-elections\/","title":{"rendered":"D\u00e9claration du pr\u00e9sident Loeb au sujet des \u00e9lections de mi-mandat de 2018."},"content":{"rendered":"<p>En r\u00e9ponse aux r\u00e9sultats de l'\u00e9lection de mi-mandat 2018, le pr\u00e9sident international Matthew D. Loeb a publi\u00e9 la d\u00e9claration suivante :<\/p>\n<p><em>Les r\u00e9sultats d'hier soir sont une victoire pour les travailleurs de tout le pays.<\/em><\/p>\n<p><em>Les champions des travailleurs ont battu les gouverneurs anti-ouvriers du Wisconsin et de l'Illinois. Nous avons \u00e9lu des membres du Congr\u00e8s soutenus par les travailleurs \u00e0 New York et en Californie. Des s\u00e9nateurs favorables aux travailleurs, nouveaux ou de retour, se rendront au S\u00e9nat du Nevada, de la Pennsylvanie et de plusieurs autres \u00c9tats.<\/em><\/p>\n<p><em>Les candidats soutenus par l'IATSE ont remport\u00e9 la victoire dans presque tous les \u00c9tats o\u00f9 nous avons concouru, et m\u00eame l\u00e0 o\u00f9 le r\u00e9sultat final n'a pas \u00e9t\u00e9 \u00e0 notre avantage, l'organisation acharn\u00e9e des membres de l'IATSE et des alli\u00e9s de l'ensemble du mouvement syndical a rendu les courses comp\u00e9titives dans des endroits o\u00f9 nous n'aurions jamais pens\u00e9 avoir une chance auparavant.<\/em><\/p>\n<p><em>Cette \u00e9lection marque un d\u00e9but important dans nos efforts pour rendre le pouvoir aux familles de travailleurs de ce pays, et nous n'aurons de cesse que chaque membre de l'IATSE soit repr\u00e9sent\u00e9 par des personnes qui comprennent la valeur de notre travail et des droits des travailleurs.<\/em><\/p>","protected":false},"excerpt":{"rendered":"<p>En r\u00e9ponse aux r\u00e9sultats de l'\u00e9lection de mi-mandat 2018, le pr\u00e9sident international Matthew D. Loeb a publi\u00e9 la d\u00e9claration suivante : Les r\u00e9sultats d'hier soir sont une victoire pour les travailleurs de tout le pays [...]<\/p>","protected":false},"author":1,"featured_media":1729,"comment_status":"open","ping_status":"open","sticky":false,"template":"","format":"standard","meta":{"_acf_changed":false,"_monsterinsights_skip_tracking":false,"_monsterinsights_sitenote_active":false,"_monsterinsights_sitenote_note":"","_monsterinsights_sitenote_category":0,"footnotes":""},"categories":[8],"tags":[23],"yoast_head":"<!-- This site is optimized with the Yoast SEO plugin v23.5 - https:\/\/yoast.com\/wordpress\/plugins\/seo\/ -->\n<title>Statement from President Loeb about the 2018 Midterm Elections - IATSE<\/title>\n<meta name=\"robots\" content=\"index, follow, max-snippet:-1, max-image-preview:large, max-video-preview:-1\" \/>\n<link rel=\"canonical\" href=\"https:\/\/iatse.net\/fr\/statement-from-president-loeb-about-the-2018-midterm-elections\/\" \/>\n<meta property=\"og:locale\" content=\"fr_CA\" \/>\n<meta property=\"og:type\" content=\"article\" \/>\n<meta property=\"og:title\" content=\"Statement from President Loeb about the 2018 Midterm Elections - IATSE\" \/>\n<meta property=\"og:description\" content=\"In response to the results of the 2018 Midterm Election, International President Matthew D. Loeb released the following statement: Last night\u2019s results were a victory for working people all across [&hellip;]\" \/>\n<meta property=\"og:url\" content=\"https:\/\/iatse.net\/fr\/statement-from-president-loeb-about-the-2018-midterm-elections\/\" \/>\n<meta property=\"og:site_name\" content=\"IATSE\" \/>\n<meta property=\"article:published_time\" content=\"2018-11-07T00:00:00+00:00\" \/>\n<meta property=\"article:modified_time\" content=\"2021-06-10T18:35:45+00:00\" \/>\n<meta property=\"og:image\" content=\"https:\/\/iatse.net\/wp-content\/uploads\/2021\/06\/2020-09-29-CleDebate-Union-And-Constitution-Forever-1.jpg\" \/>\n\t<meta property=\"og:image:width\" content=\"787\" \/>\n\t<meta property=\"og:image:height\" content=\"549\" \/>\n\t<meta property=\"og:image:type\" content=\"image\/jpeg\" \/>\n<meta name=\"author\" content=\"IATSE Communications\" \/>\n<meta name=\"twitter:card\" content=\"summary_large_image\" \/>\n<meta name=\"twitter:label1\" content=\"\u00c9crit par\" \/>\n\t<meta name=\"twitter:data1\" content=\"IATSE Communications\" \/>\n\t<meta name=\"twitter:label2\" content=\"Estimation du temps de lecture\" \/>\n\t<meta name=\"twitter:data2\" content=\"1 minute\" \/>\n<script type=\"application\/ld+json\" class=\"yoast-schema-graph\">{\"@context\":\"https:\/\/schema.org\",\"@graph\":[{\"@type\":\"Article\",\"@id\":\"https:\/\/iatse.net\/fr\/statement-from-president-loeb-about-the-2018-midterm-elections\/#article\",\"isPartOf\":{\"@id\":\"https:\/\/iatse.net\/fr\/statement-from-president-loeb-about-the-2018-midterm-elections\/\"},\"author\":{\"name\":\"IATSE Communications\",\"@id\":\"https:\/\/iatse.net\/#\/schema\/person\/0f70e66471ace00026b129e85eb44df0\"},\"headline\":\"Statement from President Loeb about the 2018 Midterm Elections\",\"datePublished\":\"2018-11-07T00:00:00+00:00\",\"dateModified\":\"2021-06-10T18:35:45+00:00\",\"mainEntityOfPage\":{\"@id\":\"https:\/\/iatse.net\/fr\/statement-from-president-loeb-about-the-2018-midterm-elections\/\"},\"wordCount\":165,\"commentCount\":0,\"publisher\":{\"@id\":\"https:\/\/iatse.net\/#organization\"},\"image\":{\"@id\":\"https:\/\/iatse.net\/fr\/statement-from-president-loeb-about-the-2018-midterm-elections\/#primaryimage\"},\"thumbnailUrl\":\"https:\/\/iatse.net\/wp-content\/uploads\/2021\/06\/2020-09-29-CleDebate-Union-And-Constitution-Forever-1.jpg\",\"keywords\":[\"Political and Legislative\"],\"articleSection\":[\"News\"],\"inLanguage\":\"fr-CA\"},{\"@type\":\"WebPage\",\"@id\":\"https:\/\/iatse.net\/fr\/statement-from-president-loeb-about-the-2018-midterm-elections\/\",\"url\":\"https:\/\/iatse.net\/fr\/statement-from-president-loeb-about-the-2018-midterm-elections\/\",\"name\":\"Statement from President Loeb about the 2018 Midterm Elections - IATSE\",\"isPartOf\":{\"@id\":\"https:\/\/iatse.net\/#website\"},\"primaryImageOfPage\":{\"@id\":\"https:\/\/iatse.net\/fr\/statement-from-president-loeb-about-the-2018-midterm-elections\/#primaryimage\"},\"image\":{\"@id\":\"https:\/\/iatse.net\/fr\/statement-from-president-loeb-about-the-2018-midterm-elections\/#primaryimage\"},\"thumbnailUrl\":\"https:\/\/iatse.net\/wp-content\/uploads\/2021\/06\/2020-09-29-CleDebate-Union-And-Constitution-Forever-1.jpg\",\"datePublished\":\"2018-11-07T00:00:00+00:00\",\"dateModified\":\"2021-06-10T18:35:45+00:00\",\"breadcrumb\":{\"@id\":\"https:\/\/iatse.net\/fr\/statement-from-president-loeb-about-the-2018-midterm-elections\/#breadcrumb\"},\"inLanguage\":\"fr-CA\",\"potentialAction\":[{\"@type\":\"ReadAction\",\"target\":[\"https:\/\/iatse.net\/fr\/statement-from-president-loeb-about-the-2018-midterm-elections\/\"]}]},{\"@type\":\"ImageObject\",\"inLanguage\":\"fr-CA\",\"@id\":\"https:\/\/iatse.net\/fr\/statement-from-president-loeb-about-the-2018-midterm-elections\/#primaryimage\",\"url\":\"https:\/\/iatse.net\/wp-content\/uploads\/2021\/06\/2020-09-29-CleDebate-Union-And-Constitution-Forever-1.jpg\",\"contentUrl\":\"https:\/\/iatse.net\/wp-content\/uploads\/2021\/06\/2020-09-29-CleDebate-Union-And-Constitution-Forever-1.jpg\",\"width\":787,\"height\":549,\"caption\":\"IATSE General Board Endorses Obama 2nd Term\"},{\"@type\":\"BreadcrumbList\",\"@id\":\"https:\/\/iatse.net\/fr\/statement-from-president-loeb-about-the-2018-midterm-elections\/#breadcrumb\",\"itemListElement\":[{\"@type\":\"ListItem\",\"position\":1,\"name\":\"Home\",\"item\":\"https:\/\/iatse.net\/\"},{\"@type\":\"ListItem\",\"position\":2,\"name\":\"Statement from President Loeb about the 2018 Midterm Elections\"}]},{\"@type\":\"WebSite\",\"@id\":\"https:\/\/iatse.net\/#website\",\"url\":\"https:\/\/iatse.net\/\",\"name\":\"IATSE\",\"description\":\"The Union Behind Entertainment\",\"publisher\":{\"@id\":\"https:\/\/iatse.net\/#organization\"},\"potentialAction\":[{\"@type\":\"SearchAction\",\"target\":{\"@type\":\"EntryPoint\",\"urlTemplate\":\"https:\/\/iatse.net\/?s={search_term_string}\"},\"query-input\":{\"@type\":\"PropertyValueSpecification\",\"valueRequired\":true,\"valueName\":\"search_term_string\"}}],\"inLanguage\":\"fr-CA\"},{\"@type\":\"Organization\",\"@id\":\"https:\/\/iatse.net\/#organization\",\"name\":\"IATSE\",\"url\":\"https:\/\/iatse.net\/\",\"logo\":{\"@type\":\"ImageObject\",\"inLanguage\":\"fr-CA\",\"@id\":\"https:\/\/iatse.net\/#\/schema\/logo\/image\/\",\"url\":\"https:\/\/iatse.net\/wp-content\/uploads\/2021\/03\/IATSE_Logo_White.png\",\"contentUrl\":\"https:\/\/iatse.net\/wp-content\/uploads\/2021\/03\/IATSE_Logo_White.png\",\"width\":2100,\"height\":1987,\"caption\":\"IATSE\"},\"image\":{\"@id\":\"https:\/\/iatse.net\/#\/schema\/logo\/image\/\"}},{\"@type\":\"Person\",\"@id\":\"https:\/\/iatse.net\/#\/schema\/person\/0f70e66471ace00026b129e85eb44df0\",\"name\":\"IATSE Communications\",\"image\":{\"@type\":\"ImageObject\",\"inLanguage\":\"fr-CA\",\"@id\":\"https:\/\/iatse.net\/#\/schema\/person\/image\/\",\"url\":\"https:\/\/secure.gravatar.com\/avatar\/35aecdeea9e9584c91ca1675b0997004?s=96&d=mm&r=g\",\"contentUrl\":\"https:\/\/secure.gravatar.com\/avatar\/35aecdeea9e9584c91ca1675b0997004?s=96&d=mm&r=g\",\"caption\":\"IATSE Communications\"},\"sameAs\":[\"https:\/\/iatse.net\"],\"url\":\"https:\/\/iatse.net\/fr\/author\/communications\/\"}]}<\/script>\n<!-- \/ Yoast SEO plugin. -->","yoast_head_json":{"title":"Statement from President Loeb about the 2018 Midterm Elections - IATSE","robots":{"index":"index","follow":"follow","max-snippet":"max-snippet:-1","max-image-preview":"max-image-preview:large","max-video-preview":"max-video-preview:-1"},"canonical":"https:\/\/iatse.net\/fr\/statement-from-president-loeb-about-the-2018-midterm-elections\/","og_locale":"fr_CA","og_type":"article","og_title":"Statement from President Loeb about the 2018 Midterm Elections - IATSE","og_description":"In response to the results of the 2018 Midterm Election, International President Matthew D. Loeb released the following statement: Last night\u2019s results were a victory for working people all across [&hellip;]","og_url":"https:\/\/iatse.net\/fr\/statement-from-president-loeb-about-the-2018-midterm-elections\/","og_site_name":"IATSE","article_published_time":"2018-11-07T00:00:00+00:00","article_modified_time":"2021-06-10T18:35:45+00:00","og_image":[{"width":787,"height":549,"url":"https:\/\/iatse.net\/wp-content\/uploads\/2021\/06\/2020-09-29-CleDebate-Union-And-Constitution-Forever-1.jpg","type":"image\/jpeg"}],"author":"IATSE Communications","twitter_card":"summary_large_image","twitter_misc":{"\u00c9crit par":"IATSE Communications","Estimation du temps de lecture":"1 minute"},"schema":{"@context":"https:\/\/schema.org","@graph":[{"@type":"Article","@id":"https:\/\/iatse.net\/fr\/statement-from-president-loeb-about-the-2018-midterm-elections\/#article","isPartOf":{"@id":"https:\/\/iatse.net\/fr\/statement-from-president-loeb-about-the-2018-midterm-elections\/"},"author":{"name":"IATSE Communications","@id":"https:\/\/iatse.net\/#\/schema\/person\/0f70e66471ace00026b129e85eb44df0"},"headline":"Statement from President Loeb about the 2018 Midterm Elections","datePublished":"2018-11-07T00:00:00+00:00","dateModified":"2021-06-10T18:35:45+00:00","mainEntityOfPage":{"@id":"https:\/\/iatse.net\/fr\/statement-from-president-loeb-about-the-2018-midterm-elections\/"},"wordCount":165,"commentCount":0,"publisher":{"@id":"https:\/\/iatse.net\/#organization"},"image":{"@id":"https:\/\/iatse.net\/fr\/statement-from-president-loeb-about-the-2018-midterm-elections\/#primaryimage"},"thumbnailUrl":"https:\/\/iatse.net\/wp-content\/uploads\/2021\/06\/2020-09-29-CleDebate-Union-And-Constitution-Forever-1.jpg","keywords":["Political and Legislative"],"articleSection":["News"],"inLanguage":"fr-CA"},{"@type":"WebPage","@id":"https:\/\/iatse.net\/fr\/statement-from-president-loeb-about-the-2018-midterm-elections\/","url":"https:\/\/iatse.net\/fr\/statement-from-president-loeb-about-the-2018-midterm-elections\/","name":"Statement from President Loeb about the 2018 Midterm Elections - IATSE","isPartOf":{"@id":"https:\/\/iatse.net\/#website"},"primaryImageOfPage":{"@id":"https:\/\/iatse.net\/fr\/statement-from-president-loeb-about-the-2018-midterm-elections\/#primaryimage"},"image":{"@id":"https:\/\/iatse.net\/fr\/statement-from-president-loeb-about-the-2018-midterm-elections\/#primaryimage"},"thumbnailUrl":"https:\/\/iatse.net\/wp-content\/uploads\/2021\/06\/2020-09-29-CleDebate-Union-And-Constitution-Forever-1.jpg","datePublished":"2018-11-07T00:00:00+00:00","dateModified":"2021-06-10T18:35:45+00:00","breadcrumb":{"@id":"https:\/\/iatse.net\/fr\/statement-from-president-loeb-about-the-2018-midterm-elections\/#breadcrumb"},"inLanguage":"fr-CA","potentialAction":[{"@type":"ReadAction","target":["https:\/\/iatse.net\/fr\/statement-from-president-loeb-about-the-2018-midterm-elections\/"]}]},{"@type":"ImageObject","inLanguage":"fr-CA","@id":"https:\/\/iatse.net\/fr\/statement-from-president-loeb-about-the-2018-midterm-elections\/#primaryimage","url":"https:\/\/iatse.net\/wp-content\/uploads\/2021\/06\/2020-09-29-CleDebate-Union-And-Constitution-Forever-1.jpg","contentUrl":"https:\/\/iatse.net\/wp-content\/uploads\/2021\/06\/2020-09-29-CleDebate-Union-And-Constitution-Forever-1.jpg","width":787,"height":549,"caption":"IATSE General Board Endorses Obama 2nd Term"},{"@type":"BreadcrumbList","@id":"https:\/\/iatse.net\/fr\/statement-from-president-loeb-about-the-2018-midterm-elections\/#breadcrumb","itemListElement":[{"@type":"ListItem","position":1,"name":"Home","item":"https:\/\/iatse.net\/"},{"@type":"ListItem","position":2,"name":"Statement from President Loeb about the 2018 Midterm Elections"}]},{"@type":"WebSite","@id":"https:\/\/iatse.net\/#website","url":"https:\/\/iatse.net\/","name":"IATSE","description":"The Union Behind Entertainment","publisher":{"@id":"https:\/\/iatse.net\/#organization"},"potentialAction":[{"@type":"SearchAction","target":{"@type":"EntryPoint","urlTemplate":"https:\/\/iatse.net\/?s={search_term_string}"},"query-input":{"@type":"PropertyValueSpecification","valueRequired":true,"valueName":"search_term_string"}}],"inLanguage":"fr-CA"},{"@type":"Organization","@id":"https:\/\/iatse.net\/#organization","name":"IATSE","url":"https:\/\/iatse.net\/","logo":{"@type":"ImageObject","inLanguage":"fr-CA","@id":"https:\/\/iatse.net\/#\/schema\/logo\/image\/","url":"https:\/\/iatse.net\/wp-content\/uploads\/2021\/03\/IATSE_Logo_White.png","contentUrl":"https:\/\/iatse.net\/wp-content\/uploads\/2021\/03\/IATSE_Logo_White.png","width":2100,"height":1987,"caption":"IATSE"},"image":{"@id":"https:\/\/iatse.net\/#\/schema\/logo\/image\/"}},{"@type":"Person","@id":"https:\/\/iatse.net\/#\/schema\/person\/0f70e66471ace00026b129e85eb44df0","name":"IATSE Communications","image":{"@type":"ImageObject","inLanguage":"fr-CA","@id":"https:\/\/iatse.net\/#\/schema\/person\/image\/","url":"https:\/\/secure.gravatar.com\/avatar\/35aecdeea9e9584c91ca1675b0997004?s=96&d=mm&r=g","contentUrl":"https:\/\/secure.gravatar.com\/avatar\/35aecdeea9e9584c91ca1675b0997004?s=96&d=mm&r=g","caption":"IATSE Communications"},"sameAs":["https:\/\/iatse.net"],"url":"https:\/\/iatse.net\/fr\/author\/communications\/"}]}},"acf":[],"_links":{"self":[{"href":"https:\/\/iatse.net\/fr\/wp-json\/wp\/v2\/posts\/2249"}],"collection":[{"href":"https:\/\/iatse.net\/fr\/wp-json\/wp\/v2\/posts"}],"about":[{"href":"https:\/\/iatse.net\/fr\/wp-json\/wp\/v2\/types\/post"}],"author":[{"embeddable":true,"href":"https:\/\/iatse.net\/fr\/wp-json\/wp\/v2\/users\/1"}],"replies":[{"embeddable":true,"href":"https:\/\/iatse.net\/fr\/wp-json\/wp\/v2\/comments?post=2249"}],"version-history":[{"count":1,"href":"https:\/\/iatse.net\/fr\/wp-json\/wp\/v2\/posts\/2249\/revisions"}],"predecessor-version":[{"id":2414,"href":"https:\/\/iatse.net\/fr\/wp-json\/wp\/v2\/posts\/2249\/revisions\/2414"}],"wp:featuredmedia":[{"embeddable":true,"href":"https:\/\/iatse.net\/fr\/wp-json\/wp\/v2\/media\/1729"}],"wp:attachment":[{"href":"https:\/\/iatse.net\/fr\/wp-json\/wp\/v2\/media?parent=2249"}],"wp:term":[{"taxonomy":"category","embeddable":true,"href":"https:\/\/iatse.net\/fr\/wp-json\/wp\/v2\/categories?post=2249"},{"taxonomy":"post_tag","embeddable":true,"href":"https:\/\/iatse.net\/fr\/wp-json\/wp\/v2\/tags?post=2249"}],"curies":[{"name":"wp","href":"https:\/\/api.w.org\/{rel}","templated":true}]}}