{"id":2233,"date":"2018-02-01T00:00:00","date_gmt":"2018-02-01T00:00:00","guid":{"rendered":"https:\/\/iatse.net\/2018\/02\/01\/william-gearns-retires-from-iatse-general-executive-board-joanne-m-sanders-unanimously-elected-to-the-board-as-13th-international-vice-president\/"},"modified":"2018-02-01T00:00:00","modified_gmt":"2018-02-01T00:00:00","slug":"william-gearns-retires-from-iatse-general-executive-board-joanne-m-sanders-unanimously-elected-to-the-board-as-13th-international-vice-president","status":"publish","type":"post","link":"https:\/\/iatse.net\/fr\/william-gearns-retires-from-iatse-general-executive-board-joanne-m-sanders-unanimously-elected-to-the-board-as-13th-international-vice-president\/","title":{"rendered":"William Gearns prend sa retraite du Conseil ex\u00e9cutif g\u00e9n\u00e9ral de l'IATSE ; Joanne M. Sanders est \u00e9lue \u00e0 l'unanimit\u00e9 au Conseil en tant que 13e vice-pr\u00e9sidente internationale"},"content":{"rendered":"<p>LOS ANGELES, CA - Le neuvi\u00e8me vice-pr\u00e9sident international William Gearns a annonc\u00e9 qu'il quitterait le conseil ex\u00e9cutif g\u00e9n\u00e9ral et prendrait sa retraite de son poste de directeur du d\u00e9partement du travail d'exposition et de pr\u00e9sentation le 1er f\u00e9vrier 2018, lors de la r\u00e9union du conseil ex\u00e9cutif g\u00e9n\u00e9ral de l'IATSE \u00e0 Los Angeles.<\/p>\n<p>Le pr\u00e9sident international Matthew Loeb a promu la repr\u00e9sentante internationale Joanne M. Sanders au poste de directrice du d\u00e9partement Tradeshow. Le Bureau ex\u00e9cutif g\u00e9n\u00e9ral l'a ensuite \u00e9lue \u00e0 l'unanimit\u00e9 au conseil d'administration. Elle occupera le poste de 13e vice-pr\u00e9sident international.<\/p>\n<p>\"Le Bureau ex\u00e9cutif g\u00e9n\u00e9ral est ravi d'accueillir Joanne Sanders en tant que treizi\u00e8me vice-pr\u00e9sidente internationale. Elle a prouv\u00e9 \u00e0 maintes reprises combien la r\u00e9flexion strat\u00e9gique ax\u00e9e sur l'organisation peut \u00eatre pr\u00e9cieuse pour notre syndicat. Je sais qu'elle sera un membre inestimable du Conseil ex\u00e9cutif\", a d\u00e9clar\u00e9 Matthew Loeb, pr\u00e9sident international de l'IATSE. \"Bill Gearns a \u00e9t\u00e9 une force puissante dans notre syndicat, et son leadership manquera au Comit\u00e9 ex\u00e9cutif de l'IATSE. Il a guid\u00e9 le d\u00e9partement des salons professionnels depuis sa cr\u00e9ation, cr\u00e9ant des campagnes d'entreprise qui ont chang\u00e9 la fa\u00e7on dont nous n\u00e9gocions avec les entreprises du secteur des salons professionnels.\"<\/p>\n<p>\"La partie la plus gratifiante de ces cinquante derni\u00e8res ann\u00e9es a \u00e9t\u00e9 de travailler avec des centaines de responsables et de membres de syndicats locaux pour mener des campagnes et n\u00e9gocier des contrats, et de savoir que j'ai jou\u00e9 un petit r\u00f4le dans l'am\u00e9lioration de la vie de nombreuses personnes\", a d\u00e9clar\u00e9 le vice-pr\u00e9sident international sortant William Gearns. \"Je tiens \u00e0 remercier les repr\u00e9sentants internationaux qui ont travaill\u00e9 avec moi au sein du d\u00e9partement des expositions commerciales, et je souhaite \u00e0 Joanne la meilleure des chances.\"<\/p>\n<p>William Gearns est membre du conseil d'administration depuis f\u00e9vrier 2012. Originaire d'Indianapolis, dans l'Indiana, Gearns a commenc\u00e9 sa carri\u00e8re en tant que machiniste au sein de la section 30 de l'IATSE et est membre de l'IATSE depuis cinquante ans. Il est devenu repr\u00e9sentant international en 1988 et a \u00e9t\u00e9 nomm\u00e9 \u00e0 la t\u00eate du tout nouveau d\u00e9partement des expositions et des \u00e9talages en 2000. Gr\u00e2ce \u00e0 ses efforts et \u00e0 son d\u00e9vouement, l'IATSE a fait de grands progr\u00e8s pour fournir la meilleure repr\u00e9sentation possible \u00e0 ceux qui travaillent dans cet aspect de l'industrie.<\/p>\n<p>Joanne M. Sanders est repr\u00e9sentante internationale de l'International Alliance of Theatrical Stage Employees, qui repr\u00e9sente les travailleurs de l'industrie du spectacle. Joanne est membre des sections locales 30 et 893 de l'IATSE, en tant que repr\u00e9sentante commerciale de la 893. Elle est d\u00e9l\u00e9gu\u00e9e \u00e0 l'AFL-CIO de l'Indiana, et secr\u00e9taire-tr\u00e9sori\u00e8re de l'AFL-CIO de l'Indiana central et de la Hoosier Heartland Area Labor Federation. Au cours des vingt derni\u00e8res ann\u00e9es, Joanne a jou\u00e9 un r\u00f4le d\u00e9terminant dans la d\u00e9fense des droits des travailleurs, des questions relatives aux femmes et des droits civils en g\u00e9n\u00e9ral. Elle a organis\u00e9 le chapitre de l'Indiana central de la Coalition of Labor Union Women (CLUW) et a \u00e9t\u00e9 vice-pr\u00e9sidente du CLUW de l'Indiana pendant sept ans. Elle a \u00e9t\u00e9 \u00e9lue secr\u00e9taire nationale du CLUW en septembre 2017.<\/p>","protected":false},"excerpt":{"rendered":"<p>LOS ANGELES, CA - Le vice-pr\u00e9sident de la Neuvi\u00e8me Internationale, William Gearns, a annonc\u00e9 qu'il se retirait du Conseil ex\u00e9cutif g\u00e9n\u00e9ral et de son poste de directeur du commerce [...].<\/p>","protected":false},"author":1,"featured_media":1734,"comment_status":"open","ping_status":"open","sticky":false,"template":"","format":"standard","meta":{"_acf_changed":false,"_monsterinsights_skip_tracking":false,"_monsterinsights_sitenote_active":false,"_monsterinsights_sitenote_note":"","_monsterinsights_sitenote_category":0,"footnotes":""},"categories":[8],"tags":[],"yoast_head":"<!-- This site is optimized with the Yoast SEO plugin v23.5 - https:\/\/yoast.com\/wordpress\/plugins\/seo\/ -->\n<title>William Gearns Retires from IATSE General Executive Board; Joanne M. Sanders Unanimously Elected To The Board As 13th International Vice President - IATSE<\/title>\n<meta name=\"robots\" content=\"index, follow, max-snippet:-1, max-image-preview:large, max-video-preview:-1\" \/>\n<link rel=\"canonical\" href=\"https:\/\/iatse.net\/fr\/william-gearns-retires-from-iatse-general-executive-board-joanne-m-sanders-unanimously-elected-to-the-board-as-13th-international-vice-president\/\" \/>\n<meta property=\"og:locale\" content=\"fr_CA\" \/>\n<meta property=\"og:type\" content=\"article\" \/>\n<meta property=\"og:title\" content=\"William Gearns Retires from IATSE General Executive Board; Joanne M. Sanders Unanimously Elected To The Board As 13th International Vice President - IATSE\" \/>\n<meta property=\"og:description\" content=\"LOS ANGELES, CA \u2014\u00a0Ninth International Vice President William Gearns announced that he would step down from the General Executive Board and retire from his position as Director of the Trade [&hellip;]\" \/>\n<meta property=\"og:url\" content=\"https:\/\/iatse.net\/fr\/william-gearns-retires-from-iatse-general-executive-board-joanne-m-sanders-unanimously-elected-to-the-board-as-13th-international-vice-president\/\" \/>\n<meta property=\"og:site_name\" content=\"IATSE\" \/>\n<meta property=\"article:published_time\" content=\"2018-02-01T00:00:00+00:00\" \/>\n<meta property=\"og:image\" content=\"https:\/\/iatse.net\/wp-content\/uploads\/2021\/06\/Untitled-design-1.jpg\" \/>\n\t<meta property=\"og:image:width\" content=\"1920\" \/>\n\t<meta property=\"og:image:height\" content=\"1080\" \/>\n\t<meta property=\"og:image:type\" content=\"image\/jpeg\" \/>\n<meta name=\"author\" content=\"IATSE Communications\" \/>\n<meta name=\"twitter:card\" content=\"summary_large_image\" \/>\n<meta name=\"twitter:label1\" content=\"\u00c9crit par\" \/>\n\t<meta name=\"twitter:data1\" content=\"IATSE Communications\" \/>\n\t<meta name=\"twitter:label2\" content=\"Estimation du temps de lecture\" \/>\n\t<meta name=\"twitter:data2\" content=\"2 minutes\" \/>\n<script type=\"application\/ld+json\" class=\"yoast-schema-graph\">{\"@context\":\"https:\/\/schema.org\",\"@graph\":[{\"@type\":\"Article\",\"@id\":\"https:\/\/iatse.net\/william-gearns-retires-from-iatse-general-executive-board-joanne-m-sanders-unanimously-elected-to-the-board-as-13th-international-vice-president\/#article\",\"isPartOf\":{\"@id\":\"https:\/\/iatse.net\/william-gearns-retires-from-iatse-general-executive-board-joanne-m-sanders-unanimously-elected-to-the-board-as-13th-international-vice-president\/\"},\"author\":{\"name\":\"IATSE Communications\",\"@id\":\"https:\/\/iatse.net\/#\/schema\/person\/0f70e66471ace00026b129e85eb44df0\"},\"headline\":\"William Gearns Retires from IATSE General Executive Board; Joanne M. Sanders Unanimously Elected To The Board As 13th International Vice President\",\"datePublished\":\"2018-02-01T00:00:00+00:00\",\"dateModified\":\"2018-02-01T00:00:00+00:00\",\"mainEntityOfPage\":{\"@id\":\"https:\/\/iatse.net\/william-gearns-retires-from-iatse-general-executive-board-joanne-m-sanders-unanimously-elected-to-the-board-as-13th-international-vice-president\/\"},\"wordCount\":475,\"commentCount\":0,\"publisher\":{\"@id\":\"https:\/\/iatse.net\/#organization\"},\"image\":{\"@id\":\"https:\/\/iatse.net\/william-gearns-retires-from-iatse-general-executive-board-joanne-m-sanders-unanimously-elected-to-the-board-as-13th-international-vice-president\/#primaryimage\"},\"thumbnailUrl\":\"https:\/\/iatse.net\/wp-content\/uploads\/2021\/06\/Untitled-design-1.jpg\",\"articleSection\":[\"News\"],\"inLanguage\":\"fr-CA\"},{\"@type\":\"WebPage\",\"@id\":\"https:\/\/iatse.net\/william-gearns-retires-from-iatse-general-executive-board-joanne-m-sanders-unanimously-elected-to-the-board-as-13th-international-vice-president\/\",\"url\":\"https:\/\/iatse.net\/william-gearns-retires-from-iatse-general-executive-board-joanne-m-sanders-unanimously-elected-to-the-board-as-13th-international-vice-president\/\",\"name\":\"William Gearns Retires from IATSE General Executive Board; Joanne M. Sanders Unanimously Elected To The Board As 13th International Vice President - IATSE\",\"isPartOf\":{\"@id\":\"https:\/\/iatse.net\/#website\"},\"primaryImageOfPage\":{\"@id\":\"https:\/\/iatse.net\/william-gearns-retires-from-iatse-general-executive-board-joanne-m-sanders-unanimously-elected-to-the-board-as-13th-international-vice-president\/#primaryimage\"},\"image\":{\"@id\":\"https:\/\/iatse.net\/william-gearns-retires-from-iatse-general-executive-board-joanne-m-sanders-unanimously-elected-to-the-board-as-13th-international-vice-president\/#primaryimage\"},\"thumbnailUrl\":\"https:\/\/iatse.net\/wp-content\/uploads\/2021\/06\/Untitled-design-1.jpg\",\"datePublished\":\"2018-02-01T00:00:00+00:00\",\"dateModified\":\"2018-02-01T00:00:00+00:00\",\"breadcrumb\":{\"@id\":\"https:\/\/iatse.net\/william-gearns-retires-from-iatse-general-executive-board-joanne-m-sanders-unanimously-elected-to-the-board-as-13th-international-vice-president\/#breadcrumb\"},\"inLanguage\":\"fr-CA\",\"potentialAction\":[{\"@type\":\"ReadAction\",\"target\":[\"https:\/\/iatse.net\/william-gearns-retires-from-iatse-general-executive-board-joanne-m-sanders-unanimously-elected-to-the-board-as-13th-international-vice-president\/\"]}]},{\"@type\":\"ImageObject\",\"inLanguage\":\"fr-CA\",\"@id\":\"https:\/\/iatse.net\/william-gearns-retires-from-iatse-general-executive-board-joanne-m-sanders-unanimously-elected-to-the-board-as-13th-international-vice-president\/#primaryimage\",\"url\":\"https:\/\/iatse.net\/wp-content\/uploads\/2021\/06\/Untitled-design-1.jpg\",\"contentUrl\":\"https:\/\/iatse.net\/wp-content\/uploads\/2021\/06\/Untitled-design-1.jpg\",\"width\":1920,\"height\":1080,\"caption\":\"Jewish Labor Committee Honors Loeb\"},{\"@type\":\"BreadcrumbList\",\"@id\":\"https:\/\/iatse.net\/william-gearns-retires-from-iatse-general-executive-board-joanne-m-sanders-unanimously-elected-to-the-board-as-13th-international-vice-president\/#breadcrumb\",\"itemListElement\":[{\"@type\":\"ListItem\",\"position\":1,\"name\":\"Home\",\"item\":\"https:\/\/iatse.net\/\"},{\"@type\":\"ListItem\",\"position\":2,\"name\":\"William Gearns Retires from IATSE General Executive Board; Joanne M. Sanders Unanimously Elected To The Board As 13th International Vice President\"}]},{\"@type\":\"WebSite\",\"@id\":\"https:\/\/iatse.net\/#website\",\"url\":\"https:\/\/iatse.net\/\",\"name\":\"IATSE\",\"description\":\"The Union Behind Entertainment\",\"publisher\":{\"@id\":\"https:\/\/iatse.net\/#organization\"},\"potentialAction\":[{\"@type\":\"SearchAction\",\"target\":{\"@type\":\"EntryPoint\",\"urlTemplate\":\"https:\/\/iatse.net\/?s={search_term_string}\"},\"query-input\":{\"@type\":\"PropertyValueSpecification\",\"valueRequired\":true,\"valueName\":\"search_term_string\"}}],\"inLanguage\":\"fr-CA\"},{\"@type\":\"Organization\",\"@id\":\"https:\/\/iatse.net\/#organization\",\"name\":\"IATSE\",\"url\":\"https:\/\/iatse.net\/\",\"logo\":{\"@type\":\"ImageObject\",\"inLanguage\":\"fr-CA\",\"@id\":\"https:\/\/iatse.net\/#\/schema\/logo\/image\/\",\"url\":\"https:\/\/iatse.net\/wp-content\/uploads\/2021\/03\/IATSE_Logo_White.png\",\"contentUrl\":\"https:\/\/iatse.net\/wp-content\/uploads\/2021\/03\/IATSE_Logo_White.png\",\"width\":2100,\"height\":1987,\"caption\":\"IATSE\"},\"image\":{\"@id\":\"https:\/\/iatse.net\/#\/schema\/logo\/image\/\"}},{\"@type\":\"Person\",\"@id\":\"https:\/\/iatse.net\/#\/schema\/person\/0f70e66471ace00026b129e85eb44df0\",\"name\":\"IATSE Communications\",\"image\":{\"@type\":\"ImageObject\",\"inLanguage\":\"fr-CA\",\"@id\":\"https:\/\/iatse.net\/#\/schema\/person\/image\/\",\"url\":\"https:\/\/secure.gravatar.com\/avatar\/35aecdeea9e9584c91ca1675b0997004?s=96&d=mm&r=g\",\"contentUrl\":\"https:\/\/secure.gravatar.com\/avatar\/35aecdeea9e9584c91ca1675b0997004?s=96&d=mm&r=g\",\"caption\":\"IATSE Communications\"},\"sameAs\":[\"https:\/\/iatse.net\"],\"url\":\"https:\/\/iatse.net\/fr\/author\/communications\/\"}]}<\/script>\n<!-- \/ Yoast SEO plugin. -->","yoast_head_json":{"title":"William Gearns Retires from IATSE General Executive Board; Joanne M. Sanders Unanimously Elected To The Board As 13th International Vice President - IATSE","robots":{"index":"index","follow":"follow","max-snippet":"max-snippet:-1","max-image-preview":"max-image-preview:large","max-video-preview":"max-video-preview:-1"},"canonical":"https:\/\/iatse.net\/fr\/william-gearns-retires-from-iatse-general-executive-board-joanne-m-sanders-unanimously-elected-to-the-board-as-13th-international-vice-president\/","og_locale":"fr_CA","og_type":"article","og_title":"William Gearns Retires from IATSE General Executive Board; Joanne M. Sanders Unanimously Elected To The Board As 13th International Vice President - IATSE","og_description":"LOS ANGELES, CA \u2014\u00a0Ninth International Vice President William Gearns announced that he would step down from the General Executive Board and retire from his position as Director of the Trade [&hellip;]","og_url":"https:\/\/iatse.net\/fr\/william-gearns-retires-from-iatse-general-executive-board-joanne-m-sanders-unanimously-elected-to-the-board-as-13th-international-vice-president\/","og_site_name":"IATSE","article_published_time":"2018-02-01T00:00:00+00:00","og_image":[{"width":1920,"height":1080,"url":"https:\/\/iatse.net\/wp-content\/uploads\/2021\/06\/Untitled-design-1.jpg","type":"image\/jpeg"}],"author":"IATSE Communications","twitter_card":"summary_large_image","twitter_misc":{"\u00c9crit par":"IATSE Communications","Estimation du temps de lecture":"2 minutes"},"schema":{"@context":"https:\/\/schema.org","@graph":[{"@type":"Article","@id":"https:\/\/iatse.net\/william-gearns-retires-from-iatse-general-executive-board-joanne-m-sanders-unanimously-elected-to-the-board-as-13th-international-vice-president\/#article","isPartOf":{"@id":"https:\/\/iatse.net\/william-gearns-retires-from-iatse-general-executive-board-joanne-m-sanders-unanimously-elected-to-the-board-as-13th-international-vice-president\/"},"author":{"name":"IATSE Communications","@id":"https:\/\/iatse.net\/#\/schema\/person\/0f70e66471ace00026b129e85eb44df0"},"headline":"William Gearns Retires from IATSE General Executive Board; Joanne M. Sanders Unanimously Elected To The Board As 13th International Vice President","datePublished":"2018-02-01T00:00:00+00:00","dateModified":"2018-02-01T00:00:00+00:00","mainEntityOfPage":{"@id":"https:\/\/iatse.net\/william-gearns-retires-from-iatse-general-executive-board-joanne-m-sanders-unanimously-elected-to-the-board-as-13th-international-vice-president\/"},"wordCount":475,"commentCount":0,"publisher":{"@id":"https:\/\/iatse.net\/#organization"},"image":{"@id":"https:\/\/iatse.net\/william-gearns-retires-from-iatse-general-executive-board-joanne-m-sanders-unanimously-elected-to-the-board-as-13th-international-vice-president\/#primaryimage"},"thumbnailUrl":"https:\/\/iatse.net\/wp-content\/uploads\/2021\/06\/Untitled-design-1.jpg","articleSection":["News"],"inLanguage":"fr-CA"},{"@type":"WebPage","@id":"https:\/\/iatse.net\/william-gearns-retires-from-iatse-general-executive-board-joanne-m-sanders-unanimously-elected-to-the-board-as-13th-international-vice-president\/","url":"https:\/\/iatse.net\/william-gearns-retires-from-iatse-general-executive-board-joanne-m-sanders-unanimously-elected-to-the-board-as-13th-international-vice-president\/","name":"William Gearns Retires from IATSE General Executive Board; Joanne M. Sanders Unanimously Elected To The Board As 13th International Vice President - IATSE","isPartOf":{"@id":"https:\/\/iatse.net\/#website"},"primaryImageOfPage":{"@id":"https:\/\/iatse.net\/william-gearns-retires-from-iatse-general-executive-board-joanne-m-sanders-unanimously-elected-to-the-board-as-13th-international-vice-president\/#primaryimage"},"image":{"@id":"https:\/\/iatse.net\/william-gearns-retires-from-iatse-general-executive-board-joanne-m-sanders-unanimously-elected-to-the-board-as-13th-international-vice-president\/#primaryimage"},"thumbnailUrl":"https:\/\/iatse.net\/wp-content\/uploads\/2021\/06\/Untitled-design-1.jpg","datePublished":"2018-02-01T00:00:00+00:00","dateModified":"2018-02-01T00:00:00+00:00","breadcrumb":{"@id":"https:\/\/iatse.net\/william-gearns-retires-from-iatse-general-executive-board-joanne-m-sanders-unanimously-elected-to-the-board-as-13th-international-vice-president\/#breadcrumb"},"inLanguage":"fr-CA","potentialAction":[{"@type":"ReadAction","target":["https:\/\/iatse.net\/william-gearns-retires-from-iatse-general-executive-board-joanne-m-sanders-unanimously-elected-to-the-board-as-13th-international-vice-president\/"]}]},{"@type":"ImageObject","inLanguage":"fr-CA","@id":"https:\/\/iatse.net\/william-gearns-retires-from-iatse-general-executive-board-joanne-m-sanders-unanimously-elected-to-the-board-as-13th-international-vice-president\/#primaryimage","url":"https:\/\/iatse.net\/wp-content\/uploads\/2021\/06\/Untitled-design-1.jpg","contentUrl":"https:\/\/iatse.net\/wp-content\/uploads\/2021\/06\/Untitled-design-1.jpg","width":1920,"height":1080,"caption":"Jewish Labor Committee Honors Loeb"},{"@type":"BreadcrumbList","@id":"https:\/\/iatse.net\/william-gearns-retires-from-iatse-general-executive-board-joanne-m-sanders-unanimously-elected-to-the-board-as-13th-international-vice-president\/#breadcrumb","itemListElement":[{"@type":"ListItem","position":1,"name":"Home","item":"https:\/\/iatse.net\/"},{"@type":"ListItem","position":2,"name":"William Gearns Retires from IATSE General Executive Board; Joanne M. Sanders Unanimously Elected To The Board As 13th International Vice President"}]},{"@type":"WebSite","@id":"https:\/\/iatse.net\/#website","url":"https:\/\/iatse.net\/","name":"IATSE","description":"The Union Behind Entertainment","publisher":{"@id":"https:\/\/iatse.net\/#organization"},"potentialAction":[{"@type":"SearchAction","target":{"@type":"EntryPoint","urlTemplate":"https:\/\/iatse.net\/?s={search_term_string}"},"query-input":{"@type":"PropertyValueSpecification","valueRequired":true,"valueName":"search_term_string"}}],"inLanguage":"fr-CA"},{"@type":"Organization","@id":"https:\/\/iatse.net\/#organization","name":"IATSE","url":"https:\/\/iatse.net\/","logo":{"@type":"ImageObject","inLanguage":"fr-CA","@id":"https:\/\/iatse.net\/#\/schema\/logo\/image\/","url":"https:\/\/iatse.net\/wp-content\/uploads\/2021\/03\/IATSE_Logo_White.png","contentUrl":"https:\/\/iatse.net\/wp-content\/uploads\/2021\/03\/IATSE_Logo_White.png","width":2100,"height":1987,"caption":"IATSE"},"image":{"@id":"https:\/\/iatse.net\/#\/schema\/logo\/image\/"}},{"@type":"Person","@id":"https:\/\/iatse.net\/#\/schema\/person\/0f70e66471ace00026b129e85eb44df0","name":"IATSE Communications","image":{"@type":"ImageObject","inLanguage":"fr-CA","@id":"https:\/\/iatse.net\/#\/schema\/person\/image\/","url":"https:\/\/secure.gravatar.com\/avatar\/35aecdeea9e9584c91ca1675b0997004?s=96&d=mm&r=g","contentUrl":"https:\/\/secure.gravatar.com\/avatar\/35aecdeea9e9584c91ca1675b0997004?s=96&d=mm&r=g","caption":"IATSE Communications"},"sameAs":["https:\/\/iatse.net"],"url":"https:\/\/iatse.net\/fr\/author\/communications\/"}]}},"acf":[],"_links":{"self":[{"href":"https:\/\/iatse.net\/fr\/wp-json\/wp\/v2\/posts\/2233"}],"collection":[{"href":"https:\/\/iatse.net\/fr\/wp-json\/wp\/v2\/posts"}],"about":[{"href":"https:\/\/iatse.net\/fr\/wp-json\/wp\/v2\/types\/post"}],"author":[{"embeddable":true,"href":"https:\/\/iatse.net\/fr\/wp-json\/wp\/v2\/users\/1"}],"replies":[{"embeddable":true,"href":"https:\/\/iatse.net\/fr\/wp-json\/wp\/v2\/comments?post=2233"}],"version-history":[{"count":0,"href":"https:\/\/iatse.net\/fr\/wp-json\/wp\/v2\/posts\/2233\/revisions"}],"wp:featuredmedia":[{"embeddable":true,"href":"https:\/\/iatse.net\/fr\/wp-json\/wp\/v2\/media\/1734"}],"wp:attachment":[{"href":"https:\/\/iatse.net\/fr\/wp-json\/wp\/v2\/media?parent=2233"}],"wp:term":[{"taxonomy":"category","embeddable":true,"href":"https:\/\/iatse.net\/fr\/wp-json\/wp\/v2\/categories?post=2233"},{"taxonomy":"post_tag","embeddable":true,"href":"https:\/\/iatse.net\/fr\/wp-json\/wp\/v2\/tags?post=2233"}],"curies":[{"name":"wp","href":"https:\/\/api.w.org\/{rel}","templated":true}]}}