{"id":2107,"date":"2013-02-20T00:00:00","date_gmt":"2013-02-20T00:00:00","guid":{"rendered":"https:\/\/iatse.net\/2013\/02\/20\/press-release-launch-of-the-new-congressional-creative-rights-caucus\/"},"modified":"2021-06-11T14:57:09","modified_gmt":"2021-06-11T14:57:09","slug":"press-release-launch-of-the-new-congressional-creative-rights-caucus","status":"publish","type":"post","link":"https:\/\/iatse.net\/fr\/press-release-launch-of-the-new-congressional-creative-rights-caucus\/","title":{"rendered":"Communiqu\u00e9 de presse : Lancement du nouveau Congressional Creative Rights Caucus (groupe parlementaire sur les droits cr\u00e9atifs)"},"content":{"rendered":"<p>Washington, DC - Aujourd'hui, la d\u00e9put\u00e9e Judy Chu (CA-27), ainsi que le d\u00e9put\u00e9 Howard Coble (NC-6), pr\u00e9sident de la sous-commission de la Chambre des repr\u00e9sentants charg\u00e9e des tribunaux, de la propri\u00e9t\u00e9 intellectuelle et de l'Internet, ont lanc\u00e9 le nouveau Congressional Creative Rights Caucus pour le 113e Congr\u00e8s.  La d\u00e9put\u00e9e est actuellement le membre de la sous-commission le plus ancien de la r\u00e9gion de Los Angeles.<\/p>\n<p>\"L'innovation am\u00e9ricaine repose sur la cr\u00e9ativit\u00e9 - c'est ce qui permet \u00e0 nos enfants de r\u00eaver en grand et \u00e0 nos artistes de cr\u00e9er des \u0153uvres qui nous inspirent tous.  Les emplois qui en r\u00e9sultent sont enti\u00e8rement dus \u00e0 notre volont\u00e9 d'encourager le talent cr\u00e9atif et un environnement o\u00f9 il peut s'\u00e9panouir et prosp\u00e9rer.<\/p>\n<p>\"Servir cette notion est exactement ce que fera ce nouveau caucus, et je suis ravi d'avoir le membre du Congr\u00e8s Coble comme copr\u00e9sident. Il est depuis longtemps en faveur d'une plus grande protection de l'ing\u00e9niosit\u00e9 am\u00e9ricaine et de la propri\u00e9t\u00e9 intellectuelle.  J'ai h\u00e2te de poursuivre ce travail avec lui sur ces questions importantes\", a d\u00e9clar\u00e9 le repr\u00e9sentant Chu.<\/p>\n<p>\"Les contributions \u00e9conomiques apport\u00e9es par la communaut\u00e9 cr\u00e9ative permettent \u00e0 notre nation de rester comp\u00e9titive dans une \u00e9conomie mondiale.  Ces \u0153uvres font partie de nos exportations les plus pr\u00e9cieuses car l'ing\u00e9niosit\u00e9, les comp\u00e9tences et le savoir-faire des cr\u00e9ateurs am\u00e9ricains ne peuvent \u00eatre reproduits nulle part ailleurs dans le monde\", a d\u00e9clar\u00e9 le repr\u00e9sentant Coble.<\/p>\n<p>Le Congressional Creative Rights Caucus servira \u00e0 sensibiliser les membres du Congr\u00e8s et le grand public \u00e0 l'importance de pr\u00e9server et de prot\u00e9ger les droits de la communaut\u00e9 cr\u00e9ative aux \u00c9tats-Unis. Les cr\u00e9ateurs am\u00e9ricains de films, de musique, de logiciels et d'autres \u0153uvres cr\u00e9atives comptent sur le Congr\u00e8s pour prot\u00e9ger leurs droits d'auteur, leurs droits de l'homme, leurs droits au titre du premier amendement et leurs droits de propri\u00e9t\u00e9.<\/p>\n<p>L'industrie cin\u00e9matographique a une forte pr\u00e9sence \u00e9conomique dans le district actuel de Rep. Chu.  Selon la Motion Picture Association of America (MPAA), $437 millions de dollars sont vers\u00e9s par ses studios membres aux entreprises locales, et pr\u00e8s de 140 000 emplois sont directement li\u00e9s au cin\u00e9ma et \u00e0 la t\u00e9l\u00e9vision dans le comt\u00e9 de Los Angeles.<\/p>","protected":false},"excerpt":{"rendered":"<p>Washington, DC - Aujourd'hui, la membre du Congr\u00e8s Judy Chu (CA-27), ainsi que le membre du Congr\u00e8s Howard Coble (NC-6), pr\u00e9sident de la sous-commission de la Chambre des repr\u00e9sentants charg\u00e9e des tribunaux, de la propri\u00e9t\u00e9 intellectuelle et de l'Internet, ont lanc\u00e9 la nouvelle [...]<\/p>","protected":false},"author":1,"featured_media":1729,"comment_status":"open","ping_status":"open","sticky":false,"template":"","format":"standard","meta":{"_acf_changed":false,"_monsterinsights_skip_tracking":false,"_monsterinsights_sitenote_active":false,"_monsterinsights_sitenote_note":"","_monsterinsights_sitenote_category":0,"footnotes":""},"categories":[8],"tags":[23],"yoast_head":"<!-- This site is optimized with the Yoast SEO plugin v23.5 - https:\/\/yoast.com\/wordpress\/plugins\/seo\/ -->\n<title>Press Release: Launch of the new Congressional Creative Rights Caucus - IATSE<\/title>\n<meta name=\"robots\" content=\"index, follow, max-snippet:-1, max-image-preview:large, max-video-preview:-1\" \/>\n<link rel=\"canonical\" href=\"https:\/\/iatse.net\/fr\/press-release-launch-of-the-new-congressional-creative-rights-caucus\/\" \/>\n<meta property=\"og:locale\" content=\"fr_CA\" \/>\n<meta property=\"og:type\" content=\"article\" \/>\n<meta property=\"og:title\" content=\"Press Release: Launch of the new Congressional Creative Rights Caucus - IATSE\" \/>\n<meta property=\"og:description\" content=\"Washington, DC \u2013 Today, Congresswoman Judy Chu (CA-27), along with Congressman Howard Coble (NC-6), Chair of the House Subcommittee on Courts, Intellectual Property and the Internet, launched the new Congressional [&hellip;]\" \/>\n<meta property=\"og:url\" content=\"https:\/\/iatse.net\/fr\/press-release-launch-of-the-new-congressional-creative-rights-caucus\/\" \/>\n<meta property=\"og:site_name\" content=\"IATSE\" \/>\n<meta property=\"article:published_time\" content=\"2013-02-20T00:00:00+00:00\" \/>\n<meta property=\"article:modified_time\" content=\"2021-06-11T14:57:09+00:00\" \/>\n<meta property=\"og:image\" content=\"https:\/\/iatse.net\/wp-content\/uploads\/2021\/06\/2020-09-29-CleDebate-Union-And-Constitution-Forever-1.jpg\" \/>\n\t<meta property=\"og:image:width\" content=\"787\" \/>\n\t<meta property=\"og:image:height\" content=\"549\" \/>\n\t<meta property=\"og:image:type\" content=\"image\/jpeg\" \/>\n<meta name=\"author\" content=\"IATSE Communications\" \/>\n<meta name=\"twitter:card\" content=\"summary_large_image\" \/>\n<meta name=\"twitter:label1\" content=\"\u00c9crit par\" \/>\n\t<meta name=\"twitter:data1\" content=\"IATSE Communications\" \/>\n\t<meta name=\"twitter:label2\" content=\"Estimation du temps de lecture\" \/>\n\t<meta name=\"twitter:data2\" content=\"2 minutes\" \/>\n<script type=\"application\/ld+json\" class=\"yoast-schema-graph\">{\"@context\":\"https:\/\/schema.org\",\"@graph\":[{\"@type\":\"Article\",\"@id\":\"https:\/\/iatse.net\/fr\/press-release-launch-of-the-new-congressional-creative-rights-caucus\/#article\",\"isPartOf\":{\"@id\":\"https:\/\/iatse.net\/fr\/press-release-launch-of-the-new-congressional-creative-rights-caucus\/\"},\"author\":{\"name\":\"IATSE Communications\",\"@id\":\"https:\/\/iatse.net\/#\/schema\/person\/0f70e66471ace00026b129e85eb44df0\"},\"headline\":\"Press Release: Launch of the new Congressional Creative Rights Caucus\",\"datePublished\":\"2013-02-20T00:00:00+00:00\",\"dateModified\":\"2021-06-11T14:57:09+00:00\",\"mainEntityOfPage\":{\"@id\":\"https:\/\/iatse.net\/fr\/press-release-launch-of-the-new-congressional-creative-rights-caucus\/\"},\"wordCount\":312,\"commentCount\":0,\"publisher\":{\"@id\":\"https:\/\/iatse.net\/#organization\"},\"image\":{\"@id\":\"https:\/\/iatse.net\/fr\/press-release-launch-of-the-new-congressional-creative-rights-caucus\/#primaryimage\"},\"thumbnailUrl\":\"https:\/\/iatse.net\/wp-content\/uploads\/2021\/06\/2020-09-29-CleDebate-Union-And-Constitution-Forever-1.jpg\",\"keywords\":[\"Political and Legislative\"],\"articleSection\":[\"News\"],\"inLanguage\":\"fr-CA\"},{\"@type\":\"WebPage\",\"@id\":\"https:\/\/iatse.net\/fr\/press-release-launch-of-the-new-congressional-creative-rights-caucus\/\",\"url\":\"https:\/\/iatse.net\/fr\/press-release-launch-of-the-new-congressional-creative-rights-caucus\/\",\"name\":\"Press Release: Launch of the new Congressional Creative Rights Caucus - IATSE\",\"isPartOf\":{\"@id\":\"https:\/\/iatse.net\/#website\"},\"primaryImageOfPage\":{\"@id\":\"https:\/\/iatse.net\/fr\/press-release-launch-of-the-new-congressional-creative-rights-caucus\/#primaryimage\"},\"image\":{\"@id\":\"https:\/\/iatse.net\/fr\/press-release-launch-of-the-new-congressional-creative-rights-caucus\/#primaryimage\"},\"thumbnailUrl\":\"https:\/\/iatse.net\/wp-content\/uploads\/2021\/06\/2020-09-29-CleDebate-Union-And-Constitution-Forever-1.jpg\",\"datePublished\":\"2013-02-20T00:00:00+00:00\",\"dateModified\":\"2021-06-11T14:57:09+00:00\",\"breadcrumb\":{\"@id\":\"https:\/\/iatse.net\/fr\/press-release-launch-of-the-new-congressional-creative-rights-caucus\/#breadcrumb\"},\"inLanguage\":\"fr-CA\",\"potentialAction\":[{\"@type\":\"ReadAction\",\"target\":[\"https:\/\/iatse.net\/fr\/press-release-launch-of-the-new-congressional-creative-rights-caucus\/\"]}]},{\"@type\":\"ImageObject\",\"inLanguage\":\"fr-CA\",\"@id\":\"https:\/\/iatse.net\/fr\/press-release-launch-of-the-new-congressional-creative-rights-caucus\/#primaryimage\",\"url\":\"https:\/\/iatse.net\/wp-content\/uploads\/2021\/06\/2020-09-29-CleDebate-Union-And-Constitution-Forever-1.jpg\",\"contentUrl\":\"https:\/\/iatse.net\/wp-content\/uploads\/2021\/06\/2020-09-29-CleDebate-Union-And-Constitution-Forever-1.jpg\",\"width\":787,\"height\":549,\"caption\":\"IATSE General Board Endorses Obama 2nd Term\"},{\"@type\":\"BreadcrumbList\",\"@id\":\"https:\/\/iatse.net\/fr\/press-release-launch-of-the-new-congressional-creative-rights-caucus\/#breadcrumb\",\"itemListElement\":[{\"@type\":\"ListItem\",\"position\":1,\"name\":\"Home\",\"item\":\"https:\/\/iatse.net\/\"},{\"@type\":\"ListItem\",\"position\":2,\"name\":\"Press Release: Launch of the new Congressional Creative Rights Caucus\"}]},{\"@type\":\"WebSite\",\"@id\":\"https:\/\/iatse.net\/#website\",\"url\":\"https:\/\/iatse.net\/\",\"name\":\"IATSE\",\"description\":\"The Union Behind Entertainment\",\"publisher\":{\"@id\":\"https:\/\/iatse.net\/#organization\"},\"potentialAction\":[{\"@type\":\"SearchAction\",\"target\":{\"@type\":\"EntryPoint\",\"urlTemplate\":\"https:\/\/iatse.net\/?s={search_term_string}\"},\"query-input\":{\"@type\":\"PropertyValueSpecification\",\"valueRequired\":true,\"valueName\":\"search_term_string\"}}],\"inLanguage\":\"fr-CA\"},{\"@type\":\"Organization\",\"@id\":\"https:\/\/iatse.net\/#organization\",\"name\":\"IATSE\",\"url\":\"https:\/\/iatse.net\/\",\"logo\":{\"@type\":\"ImageObject\",\"inLanguage\":\"fr-CA\",\"@id\":\"https:\/\/iatse.net\/#\/schema\/logo\/image\/\",\"url\":\"https:\/\/iatse.net\/wp-content\/uploads\/2021\/03\/IATSE_Logo_White.png\",\"contentUrl\":\"https:\/\/iatse.net\/wp-content\/uploads\/2021\/03\/IATSE_Logo_White.png\",\"width\":2100,\"height\":1987,\"caption\":\"IATSE\"},\"image\":{\"@id\":\"https:\/\/iatse.net\/#\/schema\/logo\/image\/\"}},{\"@type\":\"Person\",\"@id\":\"https:\/\/iatse.net\/#\/schema\/person\/0f70e66471ace00026b129e85eb44df0\",\"name\":\"IATSE Communications\",\"image\":{\"@type\":\"ImageObject\",\"inLanguage\":\"fr-CA\",\"@id\":\"https:\/\/iatse.net\/#\/schema\/person\/image\/\",\"url\":\"https:\/\/secure.gravatar.com\/avatar\/35aecdeea9e9584c91ca1675b0997004?s=96&d=mm&r=g\",\"contentUrl\":\"https:\/\/secure.gravatar.com\/avatar\/35aecdeea9e9584c91ca1675b0997004?s=96&d=mm&r=g\",\"caption\":\"IATSE Communications\"},\"sameAs\":[\"https:\/\/iatse.net\"],\"url\":\"https:\/\/iatse.net\/fr\/author\/communications\/\"}]}<\/script>\n<!-- \/ Yoast SEO plugin. -->","yoast_head_json":{"title":"Press Release: Launch of the new Congressional Creative Rights Caucus - IATSE","robots":{"index":"index","follow":"follow","max-snippet":"max-snippet:-1","max-image-preview":"max-image-preview:large","max-video-preview":"max-video-preview:-1"},"canonical":"https:\/\/iatse.net\/fr\/press-release-launch-of-the-new-congressional-creative-rights-caucus\/","og_locale":"fr_CA","og_type":"article","og_title":"Press Release: Launch of the new Congressional Creative Rights Caucus - IATSE","og_description":"Washington, DC \u2013 Today, Congresswoman Judy Chu (CA-27), along with Congressman Howard Coble (NC-6), Chair of the House Subcommittee on Courts, Intellectual Property and the Internet, launched the new Congressional [&hellip;]","og_url":"https:\/\/iatse.net\/fr\/press-release-launch-of-the-new-congressional-creative-rights-caucus\/","og_site_name":"IATSE","article_published_time":"2013-02-20T00:00:00+00:00","article_modified_time":"2021-06-11T14:57:09+00:00","og_image":[{"width":787,"height":549,"url":"https:\/\/iatse.net\/wp-content\/uploads\/2021\/06\/2020-09-29-CleDebate-Union-And-Constitution-Forever-1.jpg","type":"image\/jpeg"}],"author":"IATSE Communications","twitter_card":"summary_large_image","twitter_misc":{"\u00c9crit par":"IATSE Communications","Estimation du temps de lecture":"2 minutes"},"schema":{"@context":"https:\/\/schema.org","@graph":[{"@type":"Article","@id":"https:\/\/iatse.net\/fr\/press-release-launch-of-the-new-congressional-creative-rights-caucus\/#article","isPartOf":{"@id":"https:\/\/iatse.net\/fr\/press-release-launch-of-the-new-congressional-creative-rights-caucus\/"},"author":{"name":"IATSE Communications","@id":"https:\/\/iatse.net\/#\/schema\/person\/0f70e66471ace00026b129e85eb44df0"},"headline":"Press Release: Launch of the new Congressional Creative Rights Caucus","datePublished":"2013-02-20T00:00:00+00:00","dateModified":"2021-06-11T14:57:09+00:00","mainEntityOfPage":{"@id":"https:\/\/iatse.net\/fr\/press-release-launch-of-the-new-congressional-creative-rights-caucus\/"},"wordCount":312,"commentCount":0,"publisher":{"@id":"https:\/\/iatse.net\/#organization"},"image":{"@id":"https:\/\/iatse.net\/fr\/press-release-launch-of-the-new-congressional-creative-rights-caucus\/#primaryimage"},"thumbnailUrl":"https:\/\/iatse.net\/wp-content\/uploads\/2021\/06\/2020-09-29-CleDebate-Union-And-Constitution-Forever-1.jpg","keywords":["Political and Legislative"],"articleSection":["News"],"inLanguage":"fr-CA"},{"@type":"WebPage","@id":"https:\/\/iatse.net\/fr\/press-release-launch-of-the-new-congressional-creative-rights-caucus\/","url":"https:\/\/iatse.net\/fr\/press-release-launch-of-the-new-congressional-creative-rights-caucus\/","name":"Press Release: Launch of the new Congressional Creative Rights Caucus - IATSE","isPartOf":{"@id":"https:\/\/iatse.net\/#website"},"primaryImageOfPage":{"@id":"https:\/\/iatse.net\/fr\/press-release-launch-of-the-new-congressional-creative-rights-caucus\/#primaryimage"},"image":{"@id":"https:\/\/iatse.net\/fr\/press-release-launch-of-the-new-congressional-creative-rights-caucus\/#primaryimage"},"thumbnailUrl":"https:\/\/iatse.net\/wp-content\/uploads\/2021\/06\/2020-09-29-CleDebate-Union-And-Constitution-Forever-1.jpg","datePublished":"2013-02-20T00:00:00+00:00","dateModified":"2021-06-11T14:57:09+00:00","breadcrumb":{"@id":"https:\/\/iatse.net\/fr\/press-release-launch-of-the-new-congressional-creative-rights-caucus\/#breadcrumb"},"inLanguage":"fr-CA","potentialAction":[{"@type":"ReadAction","target":["https:\/\/iatse.net\/fr\/press-release-launch-of-the-new-congressional-creative-rights-caucus\/"]}]},{"@type":"ImageObject","inLanguage":"fr-CA","@id":"https:\/\/iatse.net\/fr\/press-release-launch-of-the-new-congressional-creative-rights-caucus\/#primaryimage","url":"https:\/\/iatse.net\/wp-content\/uploads\/2021\/06\/2020-09-29-CleDebate-Union-And-Constitution-Forever-1.jpg","contentUrl":"https:\/\/iatse.net\/wp-content\/uploads\/2021\/06\/2020-09-29-CleDebate-Union-And-Constitution-Forever-1.jpg","width":787,"height":549,"caption":"IATSE General Board Endorses Obama 2nd Term"},{"@type":"BreadcrumbList","@id":"https:\/\/iatse.net\/fr\/press-release-launch-of-the-new-congressional-creative-rights-caucus\/#breadcrumb","itemListElement":[{"@type":"ListItem","position":1,"name":"Home","item":"https:\/\/iatse.net\/"},{"@type":"ListItem","position":2,"name":"Press Release: Launch of the new Congressional Creative Rights Caucus"}]},{"@type":"WebSite","@id":"https:\/\/iatse.net\/#website","url":"https:\/\/iatse.net\/","name":"IATSE","description":"The Union Behind Entertainment","publisher":{"@id":"https:\/\/iatse.net\/#organization"},"potentialAction":[{"@type":"SearchAction","target":{"@type":"EntryPoint","urlTemplate":"https:\/\/iatse.net\/?s={search_term_string}"},"query-input":{"@type":"PropertyValueSpecification","valueRequired":true,"valueName":"search_term_string"}}],"inLanguage":"fr-CA"},{"@type":"Organization","@id":"https:\/\/iatse.net\/#organization","name":"IATSE","url":"https:\/\/iatse.net\/","logo":{"@type":"ImageObject","inLanguage":"fr-CA","@id":"https:\/\/iatse.net\/#\/schema\/logo\/image\/","url":"https:\/\/iatse.net\/wp-content\/uploads\/2021\/03\/IATSE_Logo_White.png","contentUrl":"https:\/\/iatse.net\/wp-content\/uploads\/2021\/03\/IATSE_Logo_White.png","width":2100,"height":1987,"caption":"IATSE"},"image":{"@id":"https:\/\/iatse.net\/#\/schema\/logo\/image\/"}},{"@type":"Person","@id":"https:\/\/iatse.net\/#\/schema\/person\/0f70e66471ace00026b129e85eb44df0","name":"IATSE Communications","image":{"@type":"ImageObject","inLanguage":"fr-CA","@id":"https:\/\/iatse.net\/#\/schema\/person\/image\/","url":"https:\/\/secure.gravatar.com\/avatar\/35aecdeea9e9584c91ca1675b0997004?s=96&d=mm&r=g","contentUrl":"https:\/\/secure.gravatar.com\/avatar\/35aecdeea9e9584c91ca1675b0997004?s=96&d=mm&r=g","caption":"IATSE Communications"},"sameAs":["https:\/\/iatse.net"],"url":"https:\/\/iatse.net\/fr\/author\/communications\/"}]}},"acf":[],"_links":{"self":[{"href":"https:\/\/iatse.net\/fr\/wp-json\/wp\/v2\/posts\/2107"}],"collection":[{"href":"https:\/\/iatse.net\/fr\/wp-json\/wp\/v2\/posts"}],"about":[{"href":"https:\/\/iatse.net\/fr\/wp-json\/wp\/v2\/types\/post"}],"author":[{"embeddable":true,"href":"https:\/\/iatse.net\/fr\/wp-json\/wp\/v2\/users\/1"}],"replies":[{"embeddable":true,"href":"https:\/\/iatse.net\/fr\/wp-json\/wp\/v2\/comments?post=2107"}],"version-history":[{"count":1,"href":"https:\/\/iatse.net\/fr\/wp-json\/wp\/v2\/posts\/2107\/revisions"}],"predecessor-version":[{"id":2571,"href":"https:\/\/iatse.net\/fr\/wp-json\/wp\/v2\/posts\/2107\/revisions\/2571"}],"wp:featuredmedia":[{"embeddable":true,"href":"https:\/\/iatse.net\/fr\/wp-json\/wp\/v2\/media\/1729"}],"wp:attachment":[{"href":"https:\/\/iatse.net\/fr\/wp-json\/wp\/v2\/media?parent=2107"}],"wp:term":[{"taxonomy":"category","embeddable":true,"href":"https:\/\/iatse.net\/fr\/wp-json\/wp\/v2\/categories?post=2107"},{"taxonomy":"post_tag","embeddable":true,"href":"https:\/\/iatse.net\/fr\/wp-json\/wp\/v2\/tags?post=2107"}],"curies":[{"name":"wp","href":"https:\/\/api.w.org\/{rel}","templated":true}]}}