{"id":1892,"date":"2005-07-27T00:00:00","date_gmt":"2005-07-27T00:00:00","guid":{"rendered":"https:\/\/iatse.net\/2005\/07\/27\/international-president-thomas-c-short-elected-vice-president-of-the-executive-council-of-the-afl-cio\/"},"modified":"2005-07-27T00:00:00","modified_gmt":"2005-07-27T00:00:00","slug":"international-president-thomas-c-short-elected-vice-president-of-the-executive-council-of-the-afl-cio","status":"publish","type":"post","link":"https:\/\/iatse.net\/fr\/international-president-thomas-c-short-elected-vice-president-of-the-executive-council-of-the-afl-cio\/","title":{"rendered":"Le Pr\u00e9sident international Thomas C. Short \u00e9lu Vice-pr\u00e9sident du Conseil ex\u00e9cutif de l'AFL-CIO"},"content":{"rendered":"<p>Le pr\u00e9sident international Thomas C. Short a \u00e9t\u00e9 \u00e9lu vice-pr\u00e9sident du conseil ex\u00e9cutif de l'AFL-CIO lors de la convention de l'AFL-CIO qui s'est tenue \u00e0 Chicago, IL, du 25 au 27 juillet 2005. Le Conseil ex\u00e9cutif de l'AFL-CIO se r\u00e9unit au moins deux fois par an pour examiner les affaires et les politiques importantes du mouvement syndical. Les 43 membres du conseil, dont le mandat est de quatre ans, publient r\u00e9guli\u00e8rement des d\u00e9clarations sur les mesures l\u00e9gislatives affectant les int\u00e9r\u00eats des familles ouvri\u00e8res, les luttes en cours pour la justice des travailleurs et plus encore. L'\u00e9lection du pr\u00e9sident international Short marque le retour de l'IATSE au Conseil ex\u00e9cutif de l'AFL-CIO apr\u00e8s une absence de 31 ans, qui a commenc\u00e9 lorsque feu Richard Walsh s'est retir\u00e9 du Conseil en 1974.<\/p>\n<p>\"L'IATSE est maintenant en mesure d'apporter une contribution significative \u00e0 l'AFL-CIO en particulier, et au mouvement syndical dans son ensemble, gr\u00e2ce \u00e0 cette position au sein du Conseil\", a d\u00e9clar\u00e9 le pr\u00e9sident international Short. \"Nous, dans le mouvement syndical, sommes confront\u00e9s \u00e0 certains des plus grands d\u00e9fis de notre histoire et il est essentiel pour nous d'adopter une position forte, agressive et unie si nous voulons survivre.\"<\/p>\n<p>Le pr\u00e9sident international Short a grandi dans un foyer syndical \u00e0 Cleveland, OH. Il est membre du syndicat depuis le 9 janvier 1968, date \u00e0 laquelle il a \u00e9t\u00e9 initi\u00e9 \u00e0 la section locale n\u00b0 27 de l'IATSE pour les machinistes. Il est \u00e9galement membre fondateur de la section locale B-27 du d\u00e9partement sp\u00e9cial, fond\u00e9e en 1977, dont il a \u00e9t\u00e9 l'agent d'affaires. M. Short a \u00e9t\u00e9 \u00e9lu membre du conseil ex\u00e9cutif de la section 27 et de la section 209 des m\u00e9caniciens de studio de l'\u00c9tat de l'Ohio, en 1971, et a \u00e9t\u00e9 \u00e9lu pr\u00e9sident de la section 27 en 1978.<\/p>\n<p>Le 16 d\u00e9cembre 1994, M. Short a \u00e9t\u00e9 \u00e9lu au poste de pr\u00e9sident international, en raison de la vacance cr\u00e9\u00e9e par la d\u00e9mission du d\u00e9funt pr\u00e9sident Alfred W. Di Tolla. M. Short a \u00e9t\u00e9 r\u00e9\u00e9lu pour son premier mandat complet de trois ans en tant que pr\u00e9sident international lors de la 62e convention de l'Alliance internationale qui s'est tenue \u00e0 Miami Beach, en Floride. M. Short continue de servir en tant que pr\u00e9sident international, ayant \u00e9t\u00e9 r\u00e9\u00e9lu \u00e0 l'unanimit\u00e9 par les d\u00e9l\u00e9gu\u00e9s \u00e0 la 65e convention de l'Alliance internationale qui s'est tenue \u00e0 Honolulu, HI, en 2005.<br \/>\nSous sa direction, le syndicat et son administration agressive ont entra\u00een\u00e9 une croissance consid\u00e9rable du nombre de membres de l'IATSE, qui est pass\u00e9 de 65 000 \u00e0 plus de 105 000, et plus de 1100 accords nationaux avec les employeurs du secteur.<\/p>\n<p>Il est membre des conseils d'administration des Motion Picture Industry Pension and Health Plans et du Motion Picture &amp; Television Fund, ainsi qu'administrateur des IATSE National Benefit Funds, et membre du conseil d'administration de The Actor's Fund.<br \/>\nIl a re\u00e7u de nombreux prix, dont le DGA Honors Award, qui reconna\u00eet sa contribution remarquable \u00e0 la culture am\u00e9ricaine, le \"Lew Wasserman Spirit of Democracy Award\", d\u00e9cern\u00e9 par la Los Angeles County Federation of Labor, le \"Heart to Heart Award\", d\u00e9cern\u00e9 par Encore Community Services, et l'Actors Fund Medal of Honor, d\u00e9cern\u00e9e par l'Actors Fund.<\/p>","protected":false},"excerpt":{"rendered":"<p>Le Pr\u00e9sident international Thomas C. Short a \u00e9t\u00e9 \u00e9lu Vice-pr\u00e9sident du Conseil ex\u00e9cutif de l'AFL-CIO lors de la Convention de l'AFL-CIO qui s'est tenue \u00e0 Chicago, IL, du 25 au [...].<\/p>","protected":false},"author":1,"featured_media":1734,"comment_status":"open","ping_status":"open","sticky":false,"template":"","format":"standard","meta":{"_acf_changed":false,"_monsterinsights_skip_tracking":false,"_monsterinsights_sitenote_active":false,"_monsterinsights_sitenote_note":"","_monsterinsights_sitenote_category":0,"footnotes":""},"categories":[8],"tags":[],"yoast_head":"<!-- This site is optimized with the Yoast SEO plugin v23.5 - https:\/\/yoast.com\/wordpress\/plugins\/seo\/ -->\n<title>International President Thomas C. Short Elected Vice President of the Executive Council of the AFL-CIO - IATSE<\/title>\n<meta name=\"robots\" content=\"index, follow, max-snippet:-1, max-image-preview:large, max-video-preview:-1\" \/>\n<link rel=\"canonical\" href=\"https:\/\/iatse.net\/fr\/international-president-thomas-c-short-elected-vice-president-of-the-executive-council-of-the-afl-cio\/\" \/>\n<meta property=\"og:locale\" content=\"fr_CA\" \/>\n<meta property=\"og:type\" content=\"article\" \/>\n<meta property=\"og:title\" content=\"International President Thomas C. Short Elected Vice President of the Executive Council of the AFL-CIO - IATSE\" \/>\n<meta property=\"og:description\" content=\"International President Thomas C. Short was elected as a Vice President of the Executive Council of the AFL-CIO at the AFL-CIO Convention held in Chicago, IL from July 25 &#8211; [&hellip;]\" \/>\n<meta property=\"og:url\" content=\"https:\/\/iatse.net\/fr\/international-president-thomas-c-short-elected-vice-president-of-the-executive-council-of-the-afl-cio\/\" \/>\n<meta property=\"og:site_name\" content=\"IATSE\" \/>\n<meta property=\"article:published_time\" content=\"2005-07-27T00:00:00+00:00\" \/>\n<meta property=\"og:image\" content=\"https:\/\/iatse.net\/wp-content\/uploads\/2021\/06\/Untitled-design-1.jpg\" \/>\n\t<meta property=\"og:image:width\" content=\"1920\" \/>\n\t<meta property=\"og:image:height\" content=\"1080\" \/>\n\t<meta property=\"og:image:type\" content=\"image\/jpeg\" \/>\n<meta name=\"author\" content=\"IATSE Communications\" \/>\n<meta name=\"twitter:card\" content=\"summary_large_image\" \/>\n<meta name=\"twitter:label1\" content=\"\u00c9crit par\" \/>\n\t<meta name=\"twitter:data1\" content=\"IATSE Communications\" \/>\n\t<meta name=\"twitter:label2\" content=\"Estimation du temps de lecture\" \/>\n\t<meta name=\"twitter:data2\" content=\"2 minutes\" \/>\n<script type=\"application\/ld+json\" class=\"yoast-schema-graph\">{\"@context\":\"https:\/\/schema.org\",\"@graph\":[{\"@type\":\"Article\",\"@id\":\"https:\/\/iatse.net\/fr\/international-president-thomas-c-short-elected-vice-president-of-the-executive-council-of-the-afl-cio\/#article\",\"isPartOf\":{\"@id\":\"https:\/\/iatse.net\/fr\/international-president-thomas-c-short-elected-vice-president-of-the-executive-council-of-the-afl-cio\/\"},\"author\":{\"name\":\"IATSE Communications\",\"@id\":\"https:\/\/iatse.net\/#\/schema\/person\/0f70e66471ace00026b129e85eb44df0\"},\"headline\":\"International President Thomas C. Short Elected Vice President of the Executive Council of the AFL-CIO\",\"datePublished\":\"2005-07-27T00:00:00+00:00\",\"dateModified\":\"2005-07-27T00:00:00+00:00\",\"mainEntityOfPage\":{\"@id\":\"https:\/\/iatse.net\/fr\/international-president-thomas-c-short-elected-vice-president-of-the-executive-council-of-the-afl-cio\/\"},\"wordCount\":493,\"commentCount\":0,\"publisher\":{\"@id\":\"https:\/\/iatse.net\/#organization\"},\"image\":{\"@id\":\"https:\/\/iatse.net\/fr\/international-president-thomas-c-short-elected-vice-president-of-the-executive-council-of-the-afl-cio\/#primaryimage\"},\"thumbnailUrl\":\"https:\/\/iatse.net\/wp-content\/uploads\/2021\/06\/Untitled-design-1.jpg\",\"articleSection\":[\"News\"],\"inLanguage\":\"fr-CA\"},{\"@type\":\"WebPage\",\"@id\":\"https:\/\/iatse.net\/fr\/international-president-thomas-c-short-elected-vice-president-of-the-executive-council-of-the-afl-cio\/\",\"url\":\"https:\/\/iatse.net\/fr\/international-president-thomas-c-short-elected-vice-president-of-the-executive-council-of-the-afl-cio\/\",\"name\":\"International President Thomas C. Short Elected Vice President of the Executive Council of the AFL-CIO - IATSE\",\"isPartOf\":{\"@id\":\"https:\/\/iatse.net\/#website\"},\"primaryImageOfPage\":{\"@id\":\"https:\/\/iatse.net\/fr\/international-president-thomas-c-short-elected-vice-president-of-the-executive-council-of-the-afl-cio\/#primaryimage\"},\"image\":{\"@id\":\"https:\/\/iatse.net\/fr\/international-president-thomas-c-short-elected-vice-president-of-the-executive-council-of-the-afl-cio\/#primaryimage\"},\"thumbnailUrl\":\"https:\/\/iatse.net\/wp-content\/uploads\/2021\/06\/Untitled-design-1.jpg\",\"datePublished\":\"2005-07-27T00:00:00+00:00\",\"dateModified\":\"2005-07-27T00:00:00+00:00\",\"breadcrumb\":{\"@id\":\"https:\/\/iatse.net\/fr\/international-president-thomas-c-short-elected-vice-president-of-the-executive-council-of-the-afl-cio\/#breadcrumb\"},\"inLanguage\":\"fr-CA\",\"potentialAction\":[{\"@type\":\"ReadAction\",\"target\":[\"https:\/\/iatse.net\/fr\/international-president-thomas-c-short-elected-vice-president-of-the-executive-council-of-the-afl-cio\/\"]}]},{\"@type\":\"ImageObject\",\"inLanguage\":\"fr-CA\",\"@id\":\"https:\/\/iatse.net\/fr\/international-president-thomas-c-short-elected-vice-president-of-the-executive-council-of-the-afl-cio\/#primaryimage\",\"url\":\"https:\/\/iatse.net\/wp-content\/uploads\/2021\/06\/Untitled-design-1.jpg\",\"contentUrl\":\"https:\/\/iatse.net\/wp-content\/uploads\/2021\/06\/Untitled-design-1.jpg\",\"width\":1920,\"height\":1080,\"caption\":\"Jewish Labor Committee Honors Loeb\"},{\"@type\":\"BreadcrumbList\",\"@id\":\"https:\/\/iatse.net\/fr\/international-president-thomas-c-short-elected-vice-president-of-the-executive-council-of-the-afl-cio\/#breadcrumb\",\"itemListElement\":[{\"@type\":\"ListItem\",\"position\":1,\"name\":\"Home\",\"item\":\"https:\/\/iatse.net\/\"},{\"@type\":\"ListItem\",\"position\":2,\"name\":\"International President Thomas C. Short Elected Vice President of the Executive Council of the AFL-CIO\"}]},{\"@type\":\"WebSite\",\"@id\":\"https:\/\/iatse.net\/#website\",\"url\":\"https:\/\/iatse.net\/\",\"name\":\"IATSE\",\"description\":\"The Union Behind Entertainment\",\"publisher\":{\"@id\":\"https:\/\/iatse.net\/#organization\"},\"potentialAction\":[{\"@type\":\"SearchAction\",\"target\":{\"@type\":\"EntryPoint\",\"urlTemplate\":\"https:\/\/iatse.net\/?s={search_term_string}\"},\"query-input\":{\"@type\":\"PropertyValueSpecification\",\"valueRequired\":true,\"valueName\":\"search_term_string\"}}],\"inLanguage\":\"fr-CA\"},{\"@type\":\"Organization\",\"@id\":\"https:\/\/iatse.net\/#organization\",\"name\":\"IATSE\",\"url\":\"https:\/\/iatse.net\/\",\"logo\":{\"@type\":\"ImageObject\",\"inLanguage\":\"fr-CA\",\"@id\":\"https:\/\/iatse.net\/#\/schema\/logo\/image\/\",\"url\":\"https:\/\/iatse.net\/wp-content\/uploads\/2021\/03\/IATSE_Logo_White.png\",\"contentUrl\":\"https:\/\/iatse.net\/wp-content\/uploads\/2021\/03\/IATSE_Logo_White.png\",\"width\":2100,\"height\":1987,\"caption\":\"IATSE\"},\"image\":{\"@id\":\"https:\/\/iatse.net\/#\/schema\/logo\/image\/\"}},{\"@type\":\"Person\",\"@id\":\"https:\/\/iatse.net\/#\/schema\/person\/0f70e66471ace00026b129e85eb44df0\",\"name\":\"IATSE Communications\",\"image\":{\"@type\":\"ImageObject\",\"inLanguage\":\"fr-CA\",\"@id\":\"https:\/\/iatse.net\/#\/schema\/person\/image\/\",\"url\":\"https:\/\/secure.gravatar.com\/avatar\/35aecdeea9e9584c91ca1675b0997004?s=96&d=mm&r=g\",\"contentUrl\":\"https:\/\/secure.gravatar.com\/avatar\/35aecdeea9e9584c91ca1675b0997004?s=96&d=mm&r=g\",\"caption\":\"IATSE Communications\"},\"sameAs\":[\"https:\/\/iatse.net\"],\"url\":\"https:\/\/iatse.net\/fr\/author\/communications\/\"}]}<\/script>\n<!-- \/ Yoast SEO plugin. -->","yoast_head_json":{"title":"International President Thomas C. Short Elected Vice President of the Executive Council of the AFL-CIO - IATSE","robots":{"index":"index","follow":"follow","max-snippet":"max-snippet:-1","max-image-preview":"max-image-preview:large","max-video-preview":"max-video-preview:-1"},"canonical":"https:\/\/iatse.net\/fr\/international-president-thomas-c-short-elected-vice-president-of-the-executive-council-of-the-afl-cio\/","og_locale":"fr_CA","og_type":"article","og_title":"International President Thomas C. Short Elected Vice President of the Executive Council of the AFL-CIO - IATSE","og_description":"International President Thomas C. Short was elected as a Vice President of the Executive Council of the AFL-CIO at the AFL-CIO Convention held in Chicago, IL from July 25 &#8211; [&hellip;]","og_url":"https:\/\/iatse.net\/fr\/international-president-thomas-c-short-elected-vice-president-of-the-executive-council-of-the-afl-cio\/","og_site_name":"IATSE","article_published_time":"2005-07-27T00:00:00+00:00","og_image":[{"width":1920,"height":1080,"url":"https:\/\/iatse.net\/wp-content\/uploads\/2021\/06\/Untitled-design-1.jpg","type":"image\/jpeg"}],"author":"IATSE Communications","twitter_card":"summary_large_image","twitter_misc":{"\u00c9crit par":"IATSE Communications","Estimation du temps de lecture":"2 minutes"},"schema":{"@context":"https:\/\/schema.org","@graph":[{"@type":"Article","@id":"https:\/\/iatse.net\/fr\/international-president-thomas-c-short-elected-vice-president-of-the-executive-council-of-the-afl-cio\/#article","isPartOf":{"@id":"https:\/\/iatse.net\/fr\/international-president-thomas-c-short-elected-vice-president-of-the-executive-council-of-the-afl-cio\/"},"author":{"name":"IATSE Communications","@id":"https:\/\/iatse.net\/#\/schema\/person\/0f70e66471ace00026b129e85eb44df0"},"headline":"International President Thomas C. Short Elected Vice President of the Executive Council of the AFL-CIO","datePublished":"2005-07-27T00:00:00+00:00","dateModified":"2005-07-27T00:00:00+00:00","mainEntityOfPage":{"@id":"https:\/\/iatse.net\/fr\/international-president-thomas-c-short-elected-vice-president-of-the-executive-council-of-the-afl-cio\/"},"wordCount":493,"commentCount":0,"publisher":{"@id":"https:\/\/iatse.net\/#organization"},"image":{"@id":"https:\/\/iatse.net\/fr\/international-president-thomas-c-short-elected-vice-president-of-the-executive-council-of-the-afl-cio\/#primaryimage"},"thumbnailUrl":"https:\/\/iatse.net\/wp-content\/uploads\/2021\/06\/Untitled-design-1.jpg","articleSection":["News"],"inLanguage":"fr-CA"},{"@type":"WebPage","@id":"https:\/\/iatse.net\/fr\/international-president-thomas-c-short-elected-vice-president-of-the-executive-council-of-the-afl-cio\/","url":"https:\/\/iatse.net\/fr\/international-president-thomas-c-short-elected-vice-president-of-the-executive-council-of-the-afl-cio\/","name":"International President Thomas C. Short Elected Vice President of the Executive Council of the AFL-CIO - IATSE","isPartOf":{"@id":"https:\/\/iatse.net\/#website"},"primaryImageOfPage":{"@id":"https:\/\/iatse.net\/fr\/international-president-thomas-c-short-elected-vice-president-of-the-executive-council-of-the-afl-cio\/#primaryimage"},"image":{"@id":"https:\/\/iatse.net\/fr\/international-president-thomas-c-short-elected-vice-president-of-the-executive-council-of-the-afl-cio\/#primaryimage"},"thumbnailUrl":"https:\/\/iatse.net\/wp-content\/uploads\/2021\/06\/Untitled-design-1.jpg","datePublished":"2005-07-27T00:00:00+00:00","dateModified":"2005-07-27T00:00:00+00:00","breadcrumb":{"@id":"https:\/\/iatse.net\/fr\/international-president-thomas-c-short-elected-vice-president-of-the-executive-council-of-the-afl-cio\/#breadcrumb"},"inLanguage":"fr-CA","potentialAction":[{"@type":"ReadAction","target":["https:\/\/iatse.net\/fr\/international-president-thomas-c-short-elected-vice-president-of-the-executive-council-of-the-afl-cio\/"]}]},{"@type":"ImageObject","inLanguage":"fr-CA","@id":"https:\/\/iatse.net\/fr\/international-president-thomas-c-short-elected-vice-president-of-the-executive-council-of-the-afl-cio\/#primaryimage","url":"https:\/\/iatse.net\/wp-content\/uploads\/2021\/06\/Untitled-design-1.jpg","contentUrl":"https:\/\/iatse.net\/wp-content\/uploads\/2021\/06\/Untitled-design-1.jpg","width":1920,"height":1080,"caption":"Jewish Labor Committee Honors Loeb"},{"@type":"BreadcrumbList","@id":"https:\/\/iatse.net\/fr\/international-president-thomas-c-short-elected-vice-president-of-the-executive-council-of-the-afl-cio\/#breadcrumb","itemListElement":[{"@type":"ListItem","position":1,"name":"Home","item":"https:\/\/iatse.net\/"},{"@type":"ListItem","position":2,"name":"International President Thomas C. Short Elected Vice President of the Executive Council of the AFL-CIO"}]},{"@type":"WebSite","@id":"https:\/\/iatse.net\/#website","url":"https:\/\/iatse.net\/","name":"IATSE","description":"The Union Behind Entertainment","publisher":{"@id":"https:\/\/iatse.net\/#organization"},"potentialAction":[{"@type":"SearchAction","target":{"@type":"EntryPoint","urlTemplate":"https:\/\/iatse.net\/?s={search_term_string}"},"query-input":{"@type":"PropertyValueSpecification","valueRequired":true,"valueName":"search_term_string"}}],"inLanguage":"fr-CA"},{"@type":"Organization","@id":"https:\/\/iatse.net\/#organization","name":"IATSE","url":"https:\/\/iatse.net\/","logo":{"@type":"ImageObject","inLanguage":"fr-CA","@id":"https:\/\/iatse.net\/#\/schema\/logo\/image\/","url":"https:\/\/iatse.net\/wp-content\/uploads\/2021\/03\/IATSE_Logo_White.png","contentUrl":"https:\/\/iatse.net\/wp-content\/uploads\/2021\/03\/IATSE_Logo_White.png","width":2100,"height":1987,"caption":"IATSE"},"image":{"@id":"https:\/\/iatse.net\/#\/schema\/logo\/image\/"}},{"@type":"Person","@id":"https:\/\/iatse.net\/#\/schema\/person\/0f70e66471ace00026b129e85eb44df0","name":"IATSE Communications","image":{"@type":"ImageObject","inLanguage":"fr-CA","@id":"https:\/\/iatse.net\/#\/schema\/person\/image\/","url":"https:\/\/secure.gravatar.com\/avatar\/35aecdeea9e9584c91ca1675b0997004?s=96&d=mm&r=g","contentUrl":"https:\/\/secure.gravatar.com\/avatar\/35aecdeea9e9584c91ca1675b0997004?s=96&d=mm&r=g","caption":"IATSE Communications"},"sameAs":["https:\/\/iatse.net"],"url":"https:\/\/iatse.net\/fr\/author\/communications\/"}]}},"acf":[],"_links":{"self":[{"href":"https:\/\/iatse.net\/fr\/wp-json\/wp\/v2\/posts\/1892"}],"collection":[{"href":"https:\/\/iatse.net\/fr\/wp-json\/wp\/v2\/posts"}],"about":[{"href":"https:\/\/iatse.net\/fr\/wp-json\/wp\/v2\/types\/post"}],"author":[{"embeddable":true,"href":"https:\/\/iatse.net\/fr\/wp-json\/wp\/v2\/users\/1"}],"replies":[{"embeddable":true,"href":"https:\/\/iatse.net\/fr\/wp-json\/wp\/v2\/comments?post=1892"}],"version-history":[{"count":0,"href":"https:\/\/iatse.net\/fr\/wp-json\/wp\/v2\/posts\/1892\/revisions"}],"wp:featuredmedia":[{"embeddable":true,"href":"https:\/\/iatse.net\/fr\/wp-json\/wp\/v2\/media\/1734"}],"wp:attachment":[{"href":"https:\/\/iatse.net\/fr\/wp-json\/wp\/v2\/media?parent=1892"}],"wp:term":[{"taxonomy":"category","embeddable":true,"href":"https:\/\/iatse.net\/fr\/wp-json\/wp\/v2\/categories?post=1892"},{"taxonomy":"post_tag","embeddable":true,"href":"https:\/\/iatse.net\/fr\/wp-json\/wp\/v2\/tags?post=1892"}],"curies":[{"name":"wp","href":"https:\/\/api.w.org\/{rel}","templated":true}]}}