{"id":1821,"date":"2008-08-01T00:00:00","date_gmt":"2008-08-01T00:00:00","guid":{"rendered":"https:\/\/iatse.net\/2008\/08\/01\/craig-carlson-elected-iatse-vice-president\/"},"modified":"2021-06-11T20:57:12","modified_gmt":"2021-06-11T20:57:12","slug":"craig-carlson-elected-iatse-vice-president","status":"publish","type":"post","link":"https:\/\/iatse.net\/fr\/craig-carlson-elected-iatse-vice-president\/","title":{"rendered":"Craig Carlson \u00e9lu vice-pr\u00e9sident de l'IATSE"},"content":{"rendered":"<p>SAN DIEGO, 1er ao\u00fbt - Craig Carlson, agent d'affaires de la section 2 des employ\u00e9s de sc\u00e8ne de Chicago, a \u00e9t\u00e9 \u00e9lu \u00e0 l'unanimit\u00e9 13e vice-pr\u00e9sident de l'IATSE, comblant ainsi le poste de vice-pr\u00e9sident laiss\u00e9 vacant par l'\u00e9lection de Matthew Loeb au poste de pr\u00e9sident international de l'AI.  Craig Carlson a \u00e9t\u00e9 \u00e9lu lors d'une session ex\u00e9cutive du Conseil ex\u00e9cutif g\u00e9n\u00e9ral de l'AI, qui s'est tenue ici cette semaine.<\/p>\n<p>Troisi\u00e8me g\u00e9n\u00e9ration de machinistes, le grand-p\u00e8re de Carlson, Walter Heinen, Sr. et son oncle Walter Heinen, Jr. ont obtenu la carte d'or de la section locale 2.  M. Carlson a commenc\u00e9 sa carri\u00e8re de machiniste au Lyric Opera de Chicago en 1979, o\u00f9 il est devenu d\u00e9l\u00e9gu\u00e9 syndical et charpentier adjoint de sc\u00e8ne gauche avant de quitter en 1988 pour \u00e9tudier le renforcement du son au Columbia College.<\/p>\n<p>Il a \u00e9t\u00e9 \u00e9lu \u00e0 l'unanimit\u00e9 pour un mandat de trois ans en tant que pr\u00e9sident du Chicago Entertainment Industry Labor Council en 2007, est devenu pr\u00e9sident du Illinois Council of IATSE en 2007, a conserv\u00e9 le poste de directeur technique pour la National Association of Homebuilders depuis 2000, et continue d'\u00eatre conseiller technique pour le Ravinia Festival pendant son cong\u00e9 sabbatique. Il a \u00e9t\u00e9 r\u00e9\u00e9lu directeur commercial du Local 2 en 2008 sans opposition.<\/p>\n<p>Carlson entre en fonction imm\u00e9diatement.<\/p>","protected":false},"excerpt":{"rendered":"<p>SAN DIEGO, 1er ao\u00fbt - Craig Carlson, agent d'affaires de la section 2 des employ\u00e9s de sc\u00e8ne de Chicago, a \u00e9t\u00e9 \u00e9lu \u00e0 l'unanimit\u00e9 13e vice-pr\u00e9sident de l'IATSE, comblant ainsi le poste laiss\u00e9 vacant par le [...].<\/p>","protected":false},"author":1,"featured_media":1734,"comment_status":"open","ping_status":"open","sticky":false,"template":"","format":"standard","meta":{"_acf_changed":false,"_monsterinsights_skip_tracking":false,"_monsterinsights_sitenote_active":false,"_monsterinsights_sitenote_note":"","_monsterinsights_sitenote_category":0,"footnotes":""},"categories":[8],"tags":[],"yoast_head":"<!-- This site is optimized with the Yoast SEO plugin v23.5 - https:\/\/yoast.com\/wordpress\/plugins\/seo\/ -->\n<title>Craig Carlson Elected IATSE Vice President - IATSE<\/title>\n<meta name=\"robots\" content=\"index, follow, max-snippet:-1, max-image-preview:large, max-video-preview:-1\" \/>\n<link rel=\"canonical\" href=\"https:\/\/iatse.net\/fr\/craig-carlson-elected-iatse-vice-president\/\" \/>\n<meta property=\"og:locale\" content=\"fr_CA\" \/>\n<meta property=\"og:type\" content=\"article\" \/>\n<meta property=\"og:title\" content=\"Craig Carlson Elected IATSE Vice President - IATSE\" \/>\n<meta property=\"og:description\" content=\"SAN DIEGO, Aug. 1 \u2013 Craig Carlson, Business Agent of Chicago-based stage\u00a0employees Local 2, has been elected unanimously 13th Vice President of the IATSE,\u00a0filling the VP vacancy left with the [&hellip;]\" \/>\n<meta property=\"og:url\" content=\"https:\/\/iatse.net\/fr\/craig-carlson-elected-iatse-vice-president\/\" \/>\n<meta property=\"og:site_name\" content=\"IATSE\" \/>\n<meta property=\"article:published_time\" content=\"2008-08-01T00:00:00+00:00\" \/>\n<meta property=\"article:modified_time\" content=\"2021-06-11T20:57:12+00:00\" \/>\n<meta property=\"og:image\" content=\"https:\/\/iatse.net\/wp-content\/uploads\/2021\/06\/Untitled-design-1.jpg\" \/>\n\t<meta property=\"og:image:width\" content=\"1920\" \/>\n\t<meta property=\"og:image:height\" content=\"1080\" \/>\n\t<meta property=\"og:image:type\" content=\"image\/jpeg\" \/>\n<meta name=\"author\" content=\"IATSE Communications\" \/>\n<meta name=\"twitter:card\" content=\"summary_large_image\" \/>\n<meta name=\"twitter:label1\" content=\"\u00c9crit par\" \/>\n\t<meta name=\"twitter:data1\" content=\"IATSE Communications\" \/>\n\t<meta name=\"twitter:label2\" content=\"Estimation du temps de lecture\" \/>\n\t<meta name=\"twitter:data2\" content=\"1 minute\" \/>\n<script type=\"application\/ld+json\" class=\"yoast-schema-graph\">{\"@context\":\"https:\/\/schema.org\",\"@graph\":[{\"@type\":\"Article\",\"@id\":\"https:\/\/iatse.net\/craig-carlson-elected-iatse-vice-president\/#article\",\"isPartOf\":{\"@id\":\"https:\/\/iatse.net\/craig-carlson-elected-iatse-vice-president\/\"},\"author\":{\"name\":\"IATSE Communications\",\"@id\":\"https:\/\/iatse.net\/#\/schema\/person\/0f70e66471ace00026b129e85eb44df0\"},\"headline\":\"Craig Carlson Elected IATSE Vice President\",\"datePublished\":\"2008-08-01T00:00:00+00:00\",\"dateModified\":\"2021-06-11T20:57:12+00:00\",\"mainEntityOfPage\":{\"@id\":\"https:\/\/iatse.net\/craig-carlson-elected-iatse-vice-president\/\"},\"wordCount\":184,\"commentCount\":0,\"publisher\":{\"@id\":\"https:\/\/iatse.net\/#organization\"},\"image\":{\"@id\":\"https:\/\/iatse.net\/craig-carlson-elected-iatse-vice-president\/#primaryimage\"},\"thumbnailUrl\":\"https:\/\/iatse.net\/wp-content\/uploads\/2021\/06\/Untitled-design-1.jpg\",\"articleSection\":[\"News\"],\"inLanguage\":\"fr-CA\"},{\"@type\":\"WebPage\",\"@id\":\"https:\/\/iatse.net\/craig-carlson-elected-iatse-vice-president\/\",\"url\":\"https:\/\/iatse.net\/craig-carlson-elected-iatse-vice-president\/\",\"name\":\"Craig Carlson Elected IATSE Vice President - IATSE\",\"isPartOf\":{\"@id\":\"https:\/\/iatse.net\/#website\"},\"primaryImageOfPage\":{\"@id\":\"https:\/\/iatse.net\/craig-carlson-elected-iatse-vice-president\/#primaryimage\"},\"image\":{\"@id\":\"https:\/\/iatse.net\/craig-carlson-elected-iatse-vice-president\/#primaryimage\"},\"thumbnailUrl\":\"https:\/\/iatse.net\/wp-content\/uploads\/2021\/06\/Untitled-design-1.jpg\",\"datePublished\":\"2008-08-01T00:00:00+00:00\",\"dateModified\":\"2021-06-11T20:57:12+00:00\",\"breadcrumb\":{\"@id\":\"https:\/\/iatse.net\/craig-carlson-elected-iatse-vice-president\/#breadcrumb\"},\"inLanguage\":\"fr-CA\",\"potentialAction\":[{\"@type\":\"ReadAction\",\"target\":[\"https:\/\/iatse.net\/craig-carlson-elected-iatse-vice-president\/\"]}]},{\"@type\":\"ImageObject\",\"inLanguage\":\"fr-CA\",\"@id\":\"https:\/\/iatse.net\/craig-carlson-elected-iatse-vice-president\/#primaryimage\",\"url\":\"https:\/\/iatse.net\/wp-content\/uploads\/2021\/06\/Untitled-design-1.jpg\",\"contentUrl\":\"https:\/\/iatse.net\/wp-content\/uploads\/2021\/06\/Untitled-design-1.jpg\",\"width\":1920,\"height\":1080,\"caption\":\"Jewish Labor Committee Honors Loeb\"},{\"@type\":\"BreadcrumbList\",\"@id\":\"https:\/\/iatse.net\/craig-carlson-elected-iatse-vice-president\/#breadcrumb\",\"itemListElement\":[{\"@type\":\"ListItem\",\"position\":1,\"name\":\"Home\",\"item\":\"https:\/\/iatse.net\/\"},{\"@type\":\"ListItem\",\"position\":2,\"name\":\"Craig Carlson Elected IATSE Vice President\"}]},{\"@type\":\"WebSite\",\"@id\":\"https:\/\/iatse.net\/#website\",\"url\":\"https:\/\/iatse.net\/\",\"name\":\"IATSE\",\"description\":\"The Union Behind Entertainment\",\"publisher\":{\"@id\":\"https:\/\/iatse.net\/#organization\"},\"potentialAction\":[{\"@type\":\"SearchAction\",\"target\":{\"@type\":\"EntryPoint\",\"urlTemplate\":\"https:\/\/iatse.net\/?s={search_term_string}\"},\"query-input\":{\"@type\":\"PropertyValueSpecification\",\"valueRequired\":true,\"valueName\":\"search_term_string\"}}],\"inLanguage\":\"fr-CA\"},{\"@type\":\"Organization\",\"@id\":\"https:\/\/iatse.net\/#organization\",\"name\":\"IATSE\",\"url\":\"https:\/\/iatse.net\/\",\"logo\":{\"@type\":\"ImageObject\",\"inLanguage\":\"fr-CA\",\"@id\":\"https:\/\/iatse.net\/#\/schema\/logo\/image\/\",\"url\":\"https:\/\/iatse.net\/wp-content\/uploads\/2021\/03\/IATSE_Logo_White.png\",\"contentUrl\":\"https:\/\/iatse.net\/wp-content\/uploads\/2021\/03\/IATSE_Logo_White.png\",\"width\":2100,\"height\":1987,\"caption\":\"IATSE\"},\"image\":{\"@id\":\"https:\/\/iatse.net\/#\/schema\/logo\/image\/\"}},{\"@type\":\"Person\",\"@id\":\"https:\/\/iatse.net\/#\/schema\/person\/0f70e66471ace00026b129e85eb44df0\",\"name\":\"IATSE Communications\",\"image\":{\"@type\":\"ImageObject\",\"inLanguage\":\"fr-CA\",\"@id\":\"https:\/\/iatse.net\/#\/schema\/person\/image\/\",\"url\":\"https:\/\/secure.gravatar.com\/avatar\/35aecdeea9e9584c91ca1675b0997004?s=96&d=mm&r=g\",\"contentUrl\":\"https:\/\/secure.gravatar.com\/avatar\/35aecdeea9e9584c91ca1675b0997004?s=96&d=mm&r=g\",\"caption\":\"IATSE Communications\"},\"sameAs\":[\"https:\/\/iatse.net\"],\"url\":\"https:\/\/iatse.net\/fr\/author\/communications\/\"}]}<\/script>\n<!-- \/ Yoast SEO plugin. -->","yoast_head_json":{"title":"Craig Carlson Elected IATSE Vice President - IATSE","robots":{"index":"index","follow":"follow","max-snippet":"max-snippet:-1","max-image-preview":"max-image-preview:large","max-video-preview":"max-video-preview:-1"},"canonical":"https:\/\/iatse.net\/fr\/craig-carlson-elected-iatse-vice-president\/","og_locale":"fr_CA","og_type":"article","og_title":"Craig Carlson Elected IATSE Vice President - IATSE","og_description":"SAN DIEGO, Aug. 1 \u2013 Craig Carlson, Business Agent of Chicago-based stage\u00a0employees Local 2, has been elected unanimously 13th Vice President of the IATSE,\u00a0filling the VP vacancy left with the [&hellip;]","og_url":"https:\/\/iatse.net\/fr\/craig-carlson-elected-iatse-vice-president\/","og_site_name":"IATSE","article_published_time":"2008-08-01T00:00:00+00:00","article_modified_time":"2021-06-11T20:57:12+00:00","og_image":[{"width":1920,"height":1080,"url":"https:\/\/iatse.net\/wp-content\/uploads\/2021\/06\/Untitled-design-1.jpg","type":"image\/jpeg"}],"author":"IATSE Communications","twitter_card":"summary_large_image","twitter_misc":{"\u00c9crit par":"IATSE Communications","Estimation du temps de lecture":"1 minute"},"schema":{"@context":"https:\/\/schema.org","@graph":[{"@type":"Article","@id":"https:\/\/iatse.net\/craig-carlson-elected-iatse-vice-president\/#article","isPartOf":{"@id":"https:\/\/iatse.net\/craig-carlson-elected-iatse-vice-president\/"},"author":{"name":"IATSE Communications","@id":"https:\/\/iatse.net\/#\/schema\/person\/0f70e66471ace00026b129e85eb44df0"},"headline":"Craig Carlson Elected IATSE Vice President","datePublished":"2008-08-01T00:00:00+00:00","dateModified":"2021-06-11T20:57:12+00:00","mainEntityOfPage":{"@id":"https:\/\/iatse.net\/craig-carlson-elected-iatse-vice-president\/"},"wordCount":184,"commentCount":0,"publisher":{"@id":"https:\/\/iatse.net\/#organization"},"image":{"@id":"https:\/\/iatse.net\/craig-carlson-elected-iatse-vice-president\/#primaryimage"},"thumbnailUrl":"https:\/\/iatse.net\/wp-content\/uploads\/2021\/06\/Untitled-design-1.jpg","articleSection":["News"],"inLanguage":"fr-CA"},{"@type":"WebPage","@id":"https:\/\/iatse.net\/craig-carlson-elected-iatse-vice-president\/","url":"https:\/\/iatse.net\/craig-carlson-elected-iatse-vice-president\/","name":"Craig Carlson Elected IATSE Vice President - IATSE","isPartOf":{"@id":"https:\/\/iatse.net\/#website"},"primaryImageOfPage":{"@id":"https:\/\/iatse.net\/craig-carlson-elected-iatse-vice-president\/#primaryimage"},"image":{"@id":"https:\/\/iatse.net\/craig-carlson-elected-iatse-vice-president\/#primaryimage"},"thumbnailUrl":"https:\/\/iatse.net\/wp-content\/uploads\/2021\/06\/Untitled-design-1.jpg","datePublished":"2008-08-01T00:00:00+00:00","dateModified":"2021-06-11T20:57:12+00:00","breadcrumb":{"@id":"https:\/\/iatse.net\/craig-carlson-elected-iatse-vice-president\/#breadcrumb"},"inLanguage":"fr-CA","potentialAction":[{"@type":"ReadAction","target":["https:\/\/iatse.net\/craig-carlson-elected-iatse-vice-president\/"]}]},{"@type":"ImageObject","inLanguage":"fr-CA","@id":"https:\/\/iatse.net\/craig-carlson-elected-iatse-vice-president\/#primaryimage","url":"https:\/\/iatse.net\/wp-content\/uploads\/2021\/06\/Untitled-design-1.jpg","contentUrl":"https:\/\/iatse.net\/wp-content\/uploads\/2021\/06\/Untitled-design-1.jpg","width":1920,"height":1080,"caption":"Jewish Labor Committee Honors Loeb"},{"@type":"BreadcrumbList","@id":"https:\/\/iatse.net\/craig-carlson-elected-iatse-vice-president\/#breadcrumb","itemListElement":[{"@type":"ListItem","position":1,"name":"Home","item":"https:\/\/iatse.net\/"},{"@type":"ListItem","position":2,"name":"Craig Carlson Elected IATSE Vice President"}]},{"@type":"WebSite","@id":"https:\/\/iatse.net\/#website","url":"https:\/\/iatse.net\/","name":"IATSE","description":"The Union Behind Entertainment","publisher":{"@id":"https:\/\/iatse.net\/#organization"},"potentialAction":[{"@type":"SearchAction","target":{"@type":"EntryPoint","urlTemplate":"https:\/\/iatse.net\/?s={search_term_string}"},"query-input":{"@type":"PropertyValueSpecification","valueRequired":true,"valueName":"search_term_string"}}],"inLanguage":"fr-CA"},{"@type":"Organization","@id":"https:\/\/iatse.net\/#organization","name":"IATSE","url":"https:\/\/iatse.net\/","logo":{"@type":"ImageObject","inLanguage":"fr-CA","@id":"https:\/\/iatse.net\/#\/schema\/logo\/image\/","url":"https:\/\/iatse.net\/wp-content\/uploads\/2021\/03\/IATSE_Logo_White.png","contentUrl":"https:\/\/iatse.net\/wp-content\/uploads\/2021\/03\/IATSE_Logo_White.png","width":2100,"height":1987,"caption":"IATSE"},"image":{"@id":"https:\/\/iatse.net\/#\/schema\/logo\/image\/"}},{"@type":"Person","@id":"https:\/\/iatse.net\/#\/schema\/person\/0f70e66471ace00026b129e85eb44df0","name":"IATSE Communications","image":{"@type":"ImageObject","inLanguage":"fr-CA","@id":"https:\/\/iatse.net\/#\/schema\/person\/image\/","url":"https:\/\/secure.gravatar.com\/avatar\/35aecdeea9e9584c91ca1675b0997004?s=96&d=mm&r=g","contentUrl":"https:\/\/secure.gravatar.com\/avatar\/35aecdeea9e9584c91ca1675b0997004?s=96&d=mm&r=g","caption":"IATSE Communications"},"sameAs":["https:\/\/iatse.net"],"url":"https:\/\/iatse.net\/fr\/author\/communications\/"}]}},"acf":[],"_links":{"self":[{"href":"https:\/\/iatse.net\/fr\/wp-json\/wp\/v2\/posts\/1821"}],"collection":[{"href":"https:\/\/iatse.net\/fr\/wp-json\/wp\/v2\/posts"}],"about":[{"href":"https:\/\/iatse.net\/fr\/wp-json\/wp\/v2\/types\/post"}],"author":[{"embeddable":true,"href":"https:\/\/iatse.net\/fr\/wp-json\/wp\/v2\/users\/1"}],"replies":[{"embeddable":true,"href":"https:\/\/iatse.net\/fr\/wp-json\/wp\/v2\/comments?post=1821"}],"version-history":[{"count":1,"href":"https:\/\/iatse.net\/fr\/wp-json\/wp\/v2\/posts\/1821\/revisions"}],"predecessor-version":[{"id":2669,"href":"https:\/\/iatse.net\/fr\/wp-json\/wp\/v2\/posts\/1821\/revisions\/2669"}],"wp:featuredmedia":[{"embeddable":true,"href":"https:\/\/iatse.net\/fr\/wp-json\/wp\/v2\/media\/1734"}],"wp:attachment":[{"href":"https:\/\/iatse.net\/fr\/wp-json\/wp\/v2\/media?parent=1821"}],"wp:term":[{"taxonomy":"category","embeddable":true,"href":"https:\/\/iatse.net\/fr\/wp-json\/wp\/v2\/categories?post=1821"},{"taxonomy":"post_tag","embeddable":true,"href":"https:\/\/iatse.net\/fr\/wp-json\/wp\/v2\/tags?post=1821"}],"curies":[{"name":"wp","href":"https:\/\/api.w.org\/{rel}","templated":true}]}}