{"id":1820,"date":"2008-07-31T00:00:00","date_gmt":"2008-07-31T00:00:00","guid":{"rendered":"https:\/\/iatse.net\/2008\/07\/31\/matthew-d-loeb-elected-president-of-iatse\/"},"modified":"2021-06-11T20:57:28","modified_gmt":"2021-06-11T20:57:28","slug":"matthew-d-loeb-elected-president-of-iatse","status":"publish","type":"post","link":"https:\/\/iatse.net\/fr\/matthew-d-loeb-elected-president-of-iatse\/","title":{"rendered":"Matthew D. Loeb \u00e9lu pr\u00e9sident de l'IATSE"},"content":{"rendered":"<p>SAN DIEGO, 31 juillet - Le Conseil ex\u00e9cutif g\u00e9n\u00e9ral de l'IATSE a \u00e9lu \u00e0 l'unanimit\u00e9 le pr\u00e9sident international Matthew D. Loeb cet apr\u00e8s-midi, comblant ainsi la vacance laiss\u00e9e par le d\u00e9part \u00e0 la retraite du pr\u00e9sident international \u00e9m\u00e9rite Thomas C. Short.<\/p>\n<p>Le pr\u00e9sident Loeb est membre de la section 829 des United Scenic Artists depuis 1989, membre de la section 52 depuis 1996 et membre fondateur de la section 491 (cr\u00e9\u00e9e en 1994).  Il est devenu repr\u00e9sentant international en juin 1994.  Loeb a \u00e9galement \u00e9t\u00e9 le premier directeur de division de la production cin\u00e9matographique et t\u00e9l\u00e9visuelle de l'IATSE, nomm\u00e9 \u00e0 ce poste lors de la restructuration de l'Alliance et de la cr\u00e9ation de divisions.  Il a \u00e9t\u00e9 \u00e9lu par le conseil ex\u00e9cutif g\u00e9n\u00e9ral au poste de vice-pr\u00e9sident international en f\u00e9vrier 2002 et lors du 65e congr\u00e8s en 2005.  En outre, il a \u00e9t\u00e9 pr\u00e9sident du conseil de la c\u00f4te Est pendant plus de 14 ans.<\/p>\n<p>\"J'acc\u00e8de au poste de pr\u00e9sident international avec le plus profond sentiment d'obligation envers les membres, qui sont plus de 111 000, et leurs familles.  J'ai une \u00e9norme dette de gratitude envers Tom Short qui a apport\u00e9 des changements institutionnels d\u00e9sesp\u00e9r\u00e9ment n\u00e9cessaires qui me permettront de continuer \u00e0 construire sur des bases solides.  Nous sommes bien plac\u00e9s pour relever les d\u00e9fis de l'avenir\", a d\u00e9clar\u00e9 M. Loeb.<\/p>\n<p>Loeb a con\u00e7u et mis en \u0153uvre une strat\u00e9gie agressive de recrutement et de n\u00e9gociation sous la direction du pr\u00e9sident \u00e9m\u00e9rite Short.  Ces politiques ont jet\u00e9 les bases de l'obtention de plus de 1 000 contrats \u00e0 dur\u00e9e d\u00e9termin\u00e9e dans le cin\u00e9ma, la t\u00e9l\u00e9vision, les vid\u00e9os musicales et les publicit\u00e9s, ainsi que de la cr\u00e9ation de nombreux nouveaux syndicats locaux, qui ont ajout\u00e9 des milliers de nouveaux membres au syndicat.  Loeb a ajout\u00e9 : \"Je reste convaincu que les int\u00e9r\u00eats des membres de l'IATSE sont mieux prot\u00e9g\u00e9s lorsque nous utilisons toutes les ressources obtenues gr\u00e2ce \u00e0 l'unit\u00e9 et \u00e0 la coordination de nos sections locales et de nos membres \u00e0 travers les \u00c9tats-Unis et le Canada.\"<\/p>","protected":false},"excerpt":{"rendered":"<p>SAN DIEGO, 31 juillet - Le bureau ex\u00e9cutif g\u00e9n\u00e9ral de l'IATSE a \u00e9lu \u00e0 l'unanimit\u00e9 le pr\u00e9sident international Matthew D. Loeb cet apr\u00e8s-midi, comblant ainsi la vacance laiss\u00e9e par le d\u00e9part \u00e0 la retraite du pr\u00e9sident international [...].<\/p>","protected":false},"author":1,"featured_media":1734,"comment_status":"open","ping_status":"open","sticky":false,"template":"","format":"standard","meta":{"_acf_changed":false,"_monsterinsights_skip_tracking":false,"_monsterinsights_sitenote_active":false,"_monsterinsights_sitenote_note":"","_monsterinsights_sitenote_category":0,"footnotes":""},"categories":[8],"tags":[],"yoast_head":"<!-- This site is optimized with the Yoast SEO plugin v23.5 - https:\/\/yoast.com\/wordpress\/plugins\/seo\/ -->\n<title>Matthew D. Loeb Elected President of IATSE - IATSE<\/title>\n<meta name=\"robots\" content=\"index, follow, max-snippet:-1, max-image-preview:large, max-video-preview:-1\" \/>\n<link rel=\"canonical\" href=\"https:\/\/iatse.net\/fr\/matthew-d-loeb-elected-president-of-iatse\/\" \/>\n<meta property=\"og:locale\" content=\"fr_CA\" \/>\n<meta property=\"og:type\" content=\"article\" \/>\n<meta property=\"og:title\" content=\"Matthew D. Loeb Elected President of IATSE - IATSE\" \/>\n<meta property=\"og:description\" content=\"SAN DIEGO, Jul 31 \u2013 The IATSE General Executive Board has unanimously elected International President Matthew D. Loeb this afternoon, filling the vacancy left upon the retirement of International President [&hellip;]\" \/>\n<meta property=\"og:url\" content=\"https:\/\/iatse.net\/fr\/matthew-d-loeb-elected-president-of-iatse\/\" \/>\n<meta property=\"og:site_name\" content=\"IATSE\" \/>\n<meta property=\"article:published_time\" content=\"2008-07-31T00:00:00+00:00\" \/>\n<meta property=\"article:modified_time\" content=\"2021-06-11T20:57:28+00:00\" \/>\n<meta property=\"og:image\" content=\"https:\/\/iatse.net\/wp-content\/uploads\/2021\/06\/Untitled-design-1.jpg\" \/>\n\t<meta property=\"og:image:width\" content=\"1920\" \/>\n\t<meta property=\"og:image:height\" content=\"1080\" \/>\n\t<meta property=\"og:image:type\" content=\"image\/jpeg\" \/>\n<meta name=\"author\" content=\"IATSE Communications\" \/>\n<meta name=\"twitter:card\" content=\"summary_large_image\" \/>\n<meta name=\"twitter:label1\" content=\"\u00c9crit par\" \/>\n\t<meta name=\"twitter:data1\" content=\"IATSE Communications\" \/>\n\t<meta name=\"twitter:label2\" content=\"Estimation du temps de lecture\" \/>\n\t<meta name=\"twitter:data2\" content=\"2 minutes\" \/>\n<script type=\"application\/ld+json\" class=\"yoast-schema-graph\">{\"@context\":\"https:\/\/schema.org\",\"@graph\":[{\"@type\":\"Article\",\"@id\":\"https:\/\/iatse.net\/matthew-d-loeb-elected-president-of-iatse\/#article\",\"isPartOf\":{\"@id\":\"https:\/\/iatse.net\/matthew-d-loeb-elected-president-of-iatse\/\"},\"author\":{\"name\":\"IATSE Communications\",\"@id\":\"https:\/\/iatse.net\/#\/schema\/person\/0f70e66471ace00026b129e85eb44df0\"},\"headline\":\"Matthew D. Loeb Elected President of IATSE\",\"datePublished\":\"2008-07-31T00:00:00+00:00\",\"dateModified\":\"2021-06-11T20:57:28+00:00\",\"mainEntityOfPage\":{\"@id\":\"https:\/\/iatse.net\/matthew-d-loeb-elected-president-of-iatse\/\"},\"wordCount\":299,\"commentCount\":0,\"publisher\":{\"@id\":\"https:\/\/iatse.net\/#organization\"},\"image\":{\"@id\":\"https:\/\/iatse.net\/matthew-d-loeb-elected-president-of-iatse\/#primaryimage\"},\"thumbnailUrl\":\"https:\/\/iatse.net\/wp-content\/uploads\/2021\/06\/Untitled-design-1.jpg\",\"articleSection\":[\"News\"],\"inLanguage\":\"fr-CA\"},{\"@type\":\"WebPage\",\"@id\":\"https:\/\/iatse.net\/matthew-d-loeb-elected-president-of-iatse\/\",\"url\":\"https:\/\/iatse.net\/matthew-d-loeb-elected-president-of-iatse\/\",\"name\":\"Matthew D. Loeb Elected President of IATSE - IATSE\",\"isPartOf\":{\"@id\":\"https:\/\/iatse.net\/#website\"},\"primaryImageOfPage\":{\"@id\":\"https:\/\/iatse.net\/matthew-d-loeb-elected-president-of-iatse\/#primaryimage\"},\"image\":{\"@id\":\"https:\/\/iatse.net\/matthew-d-loeb-elected-president-of-iatse\/#primaryimage\"},\"thumbnailUrl\":\"https:\/\/iatse.net\/wp-content\/uploads\/2021\/06\/Untitled-design-1.jpg\",\"datePublished\":\"2008-07-31T00:00:00+00:00\",\"dateModified\":\"2021-06-11T20:57:28+00:00\",\"breadcrumb\":{\"@id\":\"https:\/\/iatse.net\/matthew-d-loeb-elected-president-of-iatse\/#breadcrumb\"},\"inLanguage\":\"fr-CA\",\"potentialAction\":[{\"@type\":\"ReadAction\",\"target\":[\"https:\/\/iatse.net\/matthew-d-loeb-elected-president-of-iatse\/\"]}]},{\"@type\":\"ImageObject\",\"inLanguage\":\"fr-CA\",\"@id\":\"https:\/\/iatse.net\/matthew-d-loeb-elected-president-of-iatse\/#primaryimage\",\"url\":\"https:\/\/iatse.net\/wp-content\/uploads\/2021\/06\/Untitled-design-1.jpg\",\"contentUrl\":\"https:\/\/iatse.net\/wp-content\/uploads\/2021\/06\/Untitled-design-1.jpg\",\"width\":1920,\"height\":1080,\"caption\":\"Jewish Labor Committee Honors Loeb\"},{\"@type\":\"BreadcrumbList\",\"@id\":\"https:\/\/iatse.net\/matthew-d-loeb-elected-president-of-iatse\/#breadcrumb\",\"itemListElement\":[{\"@type\":\"ListItem\",\"position\":1,\"name\":\"Home\",\"item\":\"https:\/\/iatse.net\/\"},{\"@type\":\"ListItem\",\"position\":2,\"name\":\"Matthew D. Loeb Elected President of IATSE\"}]},{\"@type\":\"WebSite\",\"@id\":\"https:\/\/iatse.net\/#website\",\"url\":\"https:\/\/iatse.net\/\",\"name\":\"IATSE\",\"description\":\"The Union Behind Entertainment\",\"publisher\":{\"@id\":\"https:\/\/iatse.net\/#organization\"},\"potentialAction\":[{\"@type\":\"SearchAction\",\"target\":{\"@type\":\"EntryPoint\",\"urlTemplate\":\"https:\/\/iatse.net\/?s={search_term_string}\"},\"query-input\":{\"@type\":\"PropertyValueSpecification\",\"valueRequired\":true,\"valueName\":\"search_term_string\"}}],\"inLanguage\":\"fr-CA\"},{\"@type\":\"Organization\",\"@id\":\"https:\/\/iatse.net\/#organization\",\"name\":\"IATSE\",\"url\":\"https:\/\/iatse.net\/\",\"logo\":{\"@type\":\"ImageObject\",\"inLanguage\":\"fr-CA\",\"@id\":\"https:\/\/iatse.net\/#\/schema\/logo\/image\/\",\"url\":\"https:\/\/iatse.net\/wp-content\/uploads\/2021\/03\/IATSE_Logo_White.png\",\"contentUrl\":\"https:\/\/iatse.net\/wp-content\/uploads\/2021\/03\/IATSE_Logo_White.png\",\"width\":2100,\"height\":1987,\"caption\":\"IATSE\"},\"image\":{\"@id\":\"https:\/\/iatse.net\/#\/schema\/logo\/image\/\"}},{\"@type\":\"Person\",\"@id\":\"https:\/\/iatse.net\/#\/schema\/person\/0f70e66471ace00026b129e85eb44df0\",\"name\":\"IATSE Communications\",\"image\":{\"@type\":\"ImageObject\",\"inLanguage\":\"fr-CA\",\"@id\":\"https:\/\/iatse.net\/#\/schema\/person\/image\/\",\"url\":\"https:\/\/secure.gravatar.com\/avatar\/35aecdeea9e9584c91ca1675b0997004?s=96&d=mm&r=g\",\"contentUrl\":\"https:\/\/secure.gravatar.com\/avatar\/35aecdeea9e9584c91ca1675b0997004?s=96&d=mm&r=g\",\"caption\":\"IATSE Communications\"},\"sameAs\":[\"https:\/\/iatse.net\"],\"url\":\"https:\/\/iatse.net\/fr\/author\/communications\/\"}]}<\/script>\n<!-- \/ Yoast SEO plugin. -->","yoast_head_json":{"title":"Matthew D. Loeb Elected President of IATSE - IATSE","robots":{"index":"index","follow":"follow","max-snippet":"max-snippet:-1","max-image-preview":"max-image-preview:large","max-video-preview":"max-video-preview:-1"},"canonical":"https:\/\/iatse.net\/fr\/matthew-d-loeb-elected-president-of-iatse\/","og_locale":"fr_CA","og_type":"article","og_title":"Matthew D. Loeb Elected President of IATSE - IATSE","og_description":"SAN DIEGO, Jul 31 \u2013 The IATSE General Executive Board has unanimously elected International President Matthew D. Loeb this afternoon, filling the vacancy left upon the retirement of International President [&hellip;]","og_url":"https:\/\/iatse.net\/fr\/matthew-d-loeb-elected-president-of-iatse\/","og_site_name":"IATSE","article_published_time":"2008-07-31T00:00:00+00:00","article_modified_time":"2021-06-11T20:57:28+00:00","og_image":[{"width":1920,"height":1080,"url":"https:\/\/iatse.net\/wp-content\/uploads\/2021\/06\/Untitled-design-1.jpg","type":"image\/jpeg"}],"author":"IATSE Communications","twitter_card":"summary_large_image","twitter_misc":{"\u00c9crit par":"IATSE Communications","Estimation du temps de lecture":"2 minutes"},"schema":{"@context":"https:\/\/schema.org","@graph":[{"@type":"Article","@id":"https:\/\/iatse.net\/matthew-d-loeb-elected-president-of-iatse\/#article","isPartOf":{"@id":"https:\/\/iatse.net\/matthew-d-loeb-elected-president-of-iatse\/"},"author":{"name":"IATSE Communications","@id":"https:\/\/iatse.net\/#\/schema\/person\/0f70e66471ace00026b129e85eb44df0"},"headline":"Matthew D. Loeb Elected President of IATSE","datePublished":"2008-07-31T00:00:00+00:00","dateModified":"2021-06-11T20:57:28+00:00","mainEntityOfPage":{"@id":"https:\/\/iatse.net\/matthew-d-loeb-elected-president-of-iatse\/"},"wordCount":299,"commentCount":0,"publisher":{"@id":"https:\/\/iatse.net\/#organization"},"image":{"@id":"https:\/\/iatse.net\/matthew-d-loeb-elected-president-of-iatse\/#primaryimage"},"thumbnailUrl":"https:\/\/iatse.net\/wp-content\/uploads\/2021\/06\/Untitled-design-1.jpg","articleSection":["News"],"inLanguage":"fr-CA"},{"@type":"WebPage","@id":"https:\/\/iatse.net\/matthew-d-loeb-elected-president-of-iatse\/","url":"https:\/\/iatse.net\/matthew-d-loeb-elected-president-of-iatse\/","name":"Matthew D. Loeb Elected President of IATSE - IATSE","isPartOf":{"@id":"https:\/\/iatse.net\/#website"},"primaryImageOfPage":{"@id":"https:\/\/iatse.net\/matthew-d-loeb-elected-president-of-iatse\/#primaryimage"},"image":{"@id":"https:\/\/iatse.net\/matthew-d-loeb-elected-president-of-iatse\/#primaryimage"},"thumbnailUrl":"https:\/\/iatse.net\/wp-content\/uploads\/2021\/06\/Untitled-design-1.jpg","datePublished":"2008-07-31T00:00:00+00:00","dateModified":"2021-06-11T20:57:28+00:00","breadcrumb":{"@id":"https:\/\/iatse.net\/matthew-d-loeb-elected-president-of-iatse\/#breadcrumb"},"inLanguage":"fr-CA","potentialAction":[{"@type":"ReadAction","target":["https:\/\/iatse.net\/matthew-d-loeb-elected-president-of-iatse\/"]}]},{"@type":"ImageObject","inLanguage":"fr-CA","@id":"https:\/\/iatse.net\/matthew-d-loeb-elected-president-of-iatse\/#primaryimage","url":"https:\/\/iatse.net\/wp-content\/uploads\/2021\/06\/Untitled-design-1.jpg","contentUrl":"https:\/\/iatse.net\/wp-content\/uploads\/2021\/06\/Untitled-design-1.jpg","width":1920,"height":1080,"caption":"Jewish Labor Committee Honors Loeb"},{"@type":"BreadcrumbList","@id":"https:\/\/iatse.net\/matthew-d-loeb-elected-president-of-iatse\/#breadcrumb","itemListElement":[{"@type":"ListItem","position":1,"name":"Home","item":"https:\/\/iatse.net\/"},{"@type":"ListItem","position":2,"name":"Matthew D. Loeb Elected President of IATSE"}]},{"@type":"WebSite","@id":"https:\/\/iatse.net\/#website","url":"https:\/\/iatse.net\/","name":"IATSE","description":"The Union Behind Entertainment","publisher":{"@id":"https:\/\/iatse.net\/#organization"},"potentialAction":[{"@type":"SearchAction","target":{"@type":"EntryPoint","urlTemplate":"https:\/\/iatse.net\/?s={search_term_string}"},"query-input":{"@type":"PropertyValueSpecification","valueRequired":true,"valueName":"search_term_string"}}],"inLanguage":"fr-CA"},{"@type":"Organization","@id":"https:\/\/iatse.net\/#organization","name":"IATSE","url":"https:\/\/iatse.net\/","logo":{"@type":"ImageObject","inLanguage":"fr-CA","@id":"https:\/\/iatse.net\/#\/schema\/logo\/image\/","url":"https:\/\/iatse.net\/wp-content\/uploads\/2021\/03\/IATSE_Logo_White.png","contentUrl":"https:\/\/iatse.net\/wp-content\/uploads\/2021\/03\/IATSE_Logo_White.png","width":2100,"height":1987,"caption":"IATSE"},"image":{"@id":"https:\/\/iatse.net\/#\/schema\/logo\/image\/"}},{"@type":"Person","@id":"https:\/\/iatse.net\/#\/schema\/person\/0f70e66471ace00026b129e85eb44df0","name":"IATSE Communications","image":{"@type":"ImageObject","inLanguage":"fr-CA","@id":"https:\/\/iatse.net\/#\/schema\/person\/image\/","url":"https:\/\/secure.gravatar.com\/avatar\/35aecdeea9e9584c91ca1675b0997004?s=96&d=mm&r=g","contentUrl":"https:\/\/secure.gravatar.com\/avatar\/35aecdeea9e9584c91ca1675b0997004?s=96&d=mm&r=g","caption":"IATSE Communications"},"sameAs":["https:\/\/iatse.net"],"url":"https:\/\/iatse.net\/fr\/author\/communications\/"}]}},"acf":[],"_links":{"self":[{"href":"https:\/\/iatse.net\/fr\/wp-json\/wp\/v2\/posts\/1820"}],"collection":[{"href":"https:\/\/iatse.net\/fr\/wp-json\/wp\/v2\/posts"}],"about":[{"href":"https:\/\/iatse.net\/fr\/wp-json\/wp\/v2\/types\/post"}],"author":[{"embeddable":true,"href":"https:\/\/iatse.net\/fr\/wp-json\/wp\/v2\/users\/1"}],"replies":[{"embeddable":true,"href":"https:\/\/iatse.net\/fr\/wp-json\/wp\/v2\/comments?post=1820"}],"version-history":[{"count":1,"href":"https:\/\/iatse.net\/fr\/wp-json\/wp\/v2\/posts\/1820\/revisions"}],"predecessor-version":[{"id":2670,"href":"https:\/\/iatse.net\/fr\/wp-json\/wp\/v2\/posts\/1820\/revisions\/2670"}],"wp:featuredmedia":[{"embeddable":true,"href":"https:\/\/iatse.net\/fr\/wp-json\/wp\/v2\/media\/1734"}],"wp:attachment":[{"href":"https:\/\/iatse.net\/fr\/wp-json\/wp\/v2\/media?parent=1820"}],"wp:term":[{"taxonomy":"category","embeddable":true,"href":"https:\/\/iatse.net\/fr\/wp-json\/wp\/v2\/categories?post=1820"},{"taxonomy":"post_tag","embeddable":true,"href":"https:\/\/iatse.net\/fr\/wp-json\/wp\/v2\/tags?post=1820"}],"curies":[{"name":"wp","href":"https:\/\/api.w.org\/{rel}","templated":true}]}}