{"id":1794,"date":"2011-05-26T00:00:00","date_gmt":"2011-05-26T00:00:00","guid":{"rendered":"https:\/\/iatse.net\/2011\/05\/26\/joint-statement-from-afm-aftra-dga-iatse-ibt-and-sag-commending-senate-judiciary-committee-passage-of-the-protect-ip-act\/"},"modified":"2021-06-21T14:39:19","modified_gmt":"2021-06-21T18:39:19","slug":"joint-statement-from-afm-aftra-dga-iatse-ibt-and-sag-commending-senate-judiciary-committee-passage-of-the-protect-ip-act","status":"publish","type":"post","link":"https:\/\/iatse.net\/fr\/joint-statement-from-afm-aftra-dga-iatse-ibt-and-sag-commending-senate-judiciary-committee-passage-of-the-protect-ip-act\/","title":{"rendered":"D\u00e9claration conjointe de l'AFM, de l'AFTRA, de la DGA, de l'IATSE, de l'IBT et du SAG saluant l'adoption par la commission judiciaire du S\u00e9nat de la loi PROTECT IP."},"content":{"rendered":"<p>Los Angeles (26 mai 2011) - L'American Federation of Musicians (AFM), l'American Federation of Television and Radio Artists (AFTRA), la Directors Guild of America (DGA), l'International Alliance of Theatrical Stage Employees, Moving Picture Technicians, Artists and Allied Crafts of the United States, its Territories and Canada (IATSE), l'International Brotherhood of Teamsters (IBT) et la Screen Actors Guild (SAG) ont publi\u00e9 aujourd'hui la d\u00e9claration suivante :<\/p>\n<p>Nous f\u00e9licitons le pr\u00e9sident Leahy, le membre principal Grassley et le s\u00e9nateur Hatch pour leur d\u00e9vouement et leur leadership en faveur de la loi PROTECT IP et nous f\u00e9licitons la commission judiciaire du S\u00e9nat pour son vote unanime en faveur de son adoption. Nous remercions \u00e9galement les s\u00e9nateurs Klobuchar et Conryn ainsi que le s\u00e9nateur Coons pour leur leadership sur la S. 978, la loi sur le streaming commercial criminel, et nous attendons avec impatience une action similaire sur la S. 978 dans un avenir proche.  Nous travaillerons d'arrache-pied pour que ces deux projets de loi, qui ont un impact consid\u00e9rable sur la vie et les moyens de subsistance de nos membres, soient adopt\u00e9s.<\/p>","protected":false},"excerpt":{"rendered":"<p>Los Angeles (26 mai 2011) - La F\u00e9d\u00e9ration am\u00e9ricaine des musiciens (AFM), la F\u00e9d\u00e9ration am\u00e9ricaine des artistes de la t\u00e9l\u00e9vision et de la radio (AFTRA), la Guilde des r\u00e9alisateurs am\u00e9ricains (DGA), l'Alliance internationale des employ\u00e9s de sc\u00e8ne de th\u00e9\u00e2tre, Moving Picture [...]<\/p>","protected":false},"author":1,"featured_media":1729,"comment_status":"open","ping_status":"open","sticky":false,"template":"","format":"standard","meta":{"_acf_changed":false,"_monsterinsights_skip_tracking":false,"_monsterinsights_sitenote_active":false,"_monsterinsights_sitenote_note":"","_monsterinsights_sitenote_category":0,"footnotes":""},"categories":[8],"tags":[23],"yoast_head":"<!-- This site is optimized with the Yoast SEO plugin v23.5 - https:\/\/yoast.com\/wordpress\/plugins\/seo\/ -->\n<title>Joint Statement from AFM, AFTRA, DGA, IATSE, IBT and SAG Commending Senate Judiciary Committee Passage of the PROTECT IP Act - IATSE<\/title>\n<meta name=\"robots\" content=\"index, follow, max-snippet:-1, max-image-preview:large, max-video-preview:-1\" \/>\n<link rel=\"canonical\" href=\"https:\/\/iatse.net\/fr\/joint-statement-from-afm-aftra-dga-iatse-ibt-and-sag-commending-senate-judiciary-committee-passage-of-the-protect-ip-act\/\" \/>\n<meta property=\"og:locale\" content=\"fr_CA\" \/>\n<meta property=\"og:type\" content=\"article\" \/>\n<meta property=\"og:title\" content=\"Joint Statement from AFM, AFTRA, DGA, IATSE, IBT and SAG Commending Senate Judiciary Committee Passage of the PROTECT IP Act - IATSE\" \/>\n<meta property=\"og:description\" content=\"Los Angeles (May 26, 2011) \u2013 American Federation of Musicians (AFM), American Federation of\u00a0Television and Radio Artists (AFTRA), Directors Guild of America (DGA), International Alliance of\u00a0Theatrical Stage Employees, Moving Picture [&hellip;]\" \/>\n<meta property=\"og:url\" content=\"https:\/\/iatse.net\/fr\/joint-statement-from-afm-aftra-dga-iatse-ibt-and-sag-commending-senate-judiciary-committee-passage-of-the-protect-ip-act\/\" \/>\n<meta property=\"og:site_name\" content=\"IATSE\" \/>\n<meta property=\"article:published_time\" content=\"2011-05-26T00:00:00+00:00\" \/>\n<meta property=\"article:modified_time\" content=\"2021-06-21T18:39:19+00:00\" \/>\n<meta property=\"og:image\" content=\"https:\/\/iatse.net\/wp-content\/uploads\/2021\/06\/2020-09-29-CleDebate-Union-And-Constitution-Forever-1.jpg\" \/>\n\t<meta property=\"og:image:width\" content=\"787\" \/>\n\t<meta property=\"og:image:height\" content=\"549\" \/>\n\t<meta property=\"og:image:type\" content=\"image\/jpeg\" \/>\n<meta name=\"author\" content=\"IATSE Communications\" \/>\n<meta name=\"twitter:card\" content=\"summary_large_image\" \/>\n<meta name=\"twitter:label1\" content=\"\u00c9crit par\" \/>\n\t<meta name=\"twitter:data1\" content=\"IATSE Communications\" \/>\n\t<meta name=\"twitter:label2\" content=\"Estimation du temps de lecture\" \/>\n\t<meta name=\"twitter:data2\" content=\"1 minute\" \/>\n<script type=\"application\/ld+json\" class=\"yoast-schema-graph\">{\"@context\":\"https:\/\/schema.org\",\"@graph\":[{\"@type\":\"Article\",\"@id\":\"https:\/\/iatse.net\/joint-statement-from-afm-aftra-dga-iatse-ibt-and-sag-commending-senate-judiciary-committee-passage-of-the-protect-ip-act\/#article\",\"isPartOf\":{\"@id\":\"https:\/\/iatse.net\/joint-statement-from-afm-aftra-dga-iatse-ibt-and-sag-commending-senate-judiciary-committee-passage-of-the-protect-ip-act\/\"},\"author\":{\"name\":\"IATSE Communications\",\"@id\":\"https:\/\/iatse.net\/#\/schema\/person\/0f70e66471ace00026b129e85eb44df0\"},\"headline\":\"Joint Statement from AFM, AFTRA, DGA, IATSE, IBT and SAG Commending Senate Judiciary Committee Passage of the PROTECT IP Act\",\"datePublished\":\"2011-05-26T00:00:00+00:00\",\"dateModified\":\"2021-06-21T18:39:19+00:00\",\"mainEntityOfPage\":{\"@id\":\"https:\/\/iatse.net\/joint-statement-from-afm-aftra-dga-iatse-ibt-and-sag-commending-senate-judiciary-committee-passage-of-the-protect-ip-act\/\"},\"wordCount\":167,\"commentCount\":0,\"publisher\":{\"@id\":\"https:\/\/iatse.net\/#organization\"},\"image\":{\"@id\":\"https:\/\/iatse.net\/joint-statement-from-afm-aftra-dga-iatse-ibt-and-sag-commending-senate-judiciary-committee-passage-of-the-protect-ip-act\/#primaryimage\"},\"thumbnailUrl\":\"https:\/\/iatse.net\/wp-content\/uploads\/2021\/06\/2020-09-29-CleDebate-Union-And-Constitution-Forever-1.jpg\",\"keywords\":[\"Political and Legislative\"],\"articleSection\":[\"News\"],\"inLanguage\":\"fr-CA\"},{\"@type\":\"WebPage\",\"@id\":\"https:\/\/iatse.net\/joint-statement-from-afm-aftra-dga-iatse-ibt-and-sag-commending-senate-judiciary-committee-passage-of-the-protect-ip-act\/\",\"url\":\"https:\/\/iatse.net\/joint-statement-from-afm-aftra-dga-iatse-ibt-and-sag-commending-senate-judiciary-committee-passage-of-the-protect-ip-act\/\",\"name\":\"Joint Statement from AFM, AFTRA, DGA, IATSE, IBT and SAG Commending Senate Judiciary Committee Passage of the PROTECT IP Act - IATSE\",\"isPartOf\":{\"@id\":\"https:\/\/iatse.net\/#website\"},\"primaryImageOfPage\":{\"@id\":\"https:\/\/iatse.net\/joint-statement-from-afm-aftra-dga-iatse-ibt-and-sag-commending-senate-judiciary-committee-passage-of-the-protect-ip-act\/#primaryimage\"},\"image\":{\"@id\":\"https:\/\/iatse.net\/joint-statement-from-afm-aftra-dga-iatse-ibt-and-sag-commending-senate-judiciary-committee-passage-of-the-protect-ip-act\/#primaryimage\"},\"thumbnailUrl\":\"https:\/\/iatse.net\/wp-content\/uploads\/2021\/06\/2020-09-29-CleDebate-Union-And-Constitution-Forever-1.jpg\",\"datePublished\":\"2011-05-26T00:00:00+00:00\",\"dateModified\":\"2021-06-21T18:39:19+00:00\",\"breadcrumb\":{\"@id\":\"https:\/\/iatse.net\/joint-statement-from-afm-aftra-dga-iatse-ibt-and-sag-commending-senate-judiciary-committee-passage-of-the-protect-ip-act\/#breadcrumb\"},\"inLanguage\":\"fr-CA\",\"potentialAction\":[{\"@type\":\"ReadAction\",\"target\":[\"https:\/\/iatse.net\/joint-statement-from-afm-aftra-dga-iatse-ibt-and-sag-commending-senate-judiciary-committee-passage-of-the-protect-ip-act\/\"]}]},{\"@type\":\"ImageObject\",\"inLanguage\":\"fr-CA\",\"@id\":\"https:\/\/iatse.net\/joint-statement-from-afm-aftra-dga-iatse-ibt-and-sag-commending-senate-judiciary-committee-passage-of-the-protect-ip-act\/#primaryimage\",\"url\":\"https:\/\/iatse.net\/wp-content\/uploads\/2021\/06\/2020-09-29-CleDebate-Union-And-Constitution-Forever-1.jpg\",\"contentUrl\":\"https:\/\/iatse.net\/wp-content\/uploads\/2021\/06\/2020-09-29-CleDebate-Union-And-Constitution-Forever-1.jpg\",\"width\":787,\"height\":549,\"caption\":\"IATSE General Board Endorses Obama 2nd Term\"},{\"@type\":\"BreadcrumbList\",\"@id\":\"https:\/\/iatse.net\/joint-statement-from-afm-aftra-dga-iatse-ibt-and-sag-commending-senate-judiciary-committee-passage-of-the-protect-ip-act\/#breadcrumb\",\"itemListElement\":[{\"@type\":\"ListItem\",\"position\":1,\"name\":\"Home\",\"item\":\"https:\/\/iatse.net\/\"},{\"@type\":\"ListItem\",\"position\":2,\"name\":\"Joint Statement from AFM, AFTRA, DGA, IATSE, IBT and SAG Commending Senate Judiciary Committee Passage of the PROTECT IP Act\"}]},{\"@type\":\"WebSite\",\"@id\":\"https:\/\/iatse.net\/#website\",\"url\":\"https:\/\/iatse.net\/\",\"name\":\"IATSE\",\"description\":\"The Union Behind Entertainment\",\"publisher\":{\"@id\":\"https:\/\/iatse.net\/#organization\"},\"potentialAction\":[{\"@type\":\"SearchAction\",\"target\":{\"@type\":\"EntryPoint\",\"urlTemplate\":\"https:\/\/iatse.net\/?s={search_term_string}\"},\"query-input\":{\"@type\":\"PropertyValueSpecification\",\"valueRequired\":true,\"valueName\":\"search_term_string\"}}],\"inLanguage\":\"fr-CA\"},{\"@type\":\"Organization\",\"@id\":\"https:\/\/iatse.net\/#organization\",\"name\":\"IATSE\",\"url\":\"https:\/\/iatse.net\/\",\"logo\":{\"@type\":\"ImageObject\",\"inLanguage\":\"fr-CA\",\"@id\":\"https:\/\/iatse.net\/#\/schema\/logo\/image\/\",\"url\":\"https:\/\/iatse.net\/wp-content\/uploads\/2021\/03\/IATSE_Logo_White.png\",\"contentUrl\":\"https:\/\/iatse.net\/wp-content\/uploads\/2021\/03\/IATSE_Logo_White.png\",\"width\":2100,\"height\":1987,\"caption\":\"IATSE\"},\"image\":{\"@id\":\"https:\/\/iatse.net\/#\/schema\/logo\/image\/\"}},{\"@type\":\"Person\",\"@id\":\"https:\/\/iatse.net\/#\/schema\/person\/0f70e66471ace00026b129e85eb44df0\",\"name\":\"IATSE Communications\",\"image\":{\"@type\":\"ImageObject\",\"inLanguage\":\"fr-CA\",\"@id\":\"https:\/\/iatse.net\/#\/schema\/person\/image\/\",\"url\":\"https:\/\/secure.gravatar.com\/avatar\/35aecdeea9e9584c91ca1675b0997004?s=96&d=mm&r=g\",\"contentUrl\":\"https:\/\/secure.gravatar.com\/avatar\/35aecdeea9e9584c91ca1675b0997004?s=96&d=mm&r=g\",\"caption\":\"IATSE Communications\"},\"sameAs\":[\"https:\/\/iatse.net\"],\"url\":\"https:\/\/iatse.net\/fr\/author\/communications\/\"}]}<\/script>\n<!-- \/ Yoast SEO plugin. -->","yoast_head_json":{"title":"Joint Statement from AFM, AFTRA, DGA, IATSE, IBT and SAG Commending Senate Judiciary Committee Passage of the PROTECT IP Act - IATSE","robots":{"index":"index","follow":"follow","max-snippet":"max-snippet:-1","max-image-preview":"max-image-preview:large","max-video-preview":"max-video-preview:-1"},"canonical":"https:\/\/iatse.net\/fr\/joint-statement-from-afm-aftra-dga-iatse-ibt-and-sag-commending-senate-judiciary-committee-passage-of-the-protect-ip-act\/","og_locale":"fr_CA","og_type":"article","og_title":"Joint Statement from AFM, AFTRA, DGA, IATSE, IBT and SAG Commending Senate Judiciary Committee Passage of the PROTECT IP Act - IATSE","og_description":"Los Angeles (May 26, 2011) \u2013 American Federation of Musicians (AFM), American Federation of\u00a0Television and Radio Artists (AFTRA), Directors Guild of America (DGA), International Alliance of\u00a0Theatrical Stage Employees, Moving Picture [&hellip;]","og_url":"https:\/\/iatse.net\/fr\/joint-statement-from-afm-aftra-dga-iatse-ibt-and-sag-commending-senate-judiciary-committee-passage-of-the-protect-ip-act\/","og_site_name":"IATSE","article_published_time":"2011-05-26T00:00:00+00:00","article_modified_time":"2021-06-21T18:39:19+00:00","og_image":[{"width":787,"height":549,"url":"https:\/\/iatse.net\/wp-content\/uploads\/2021\/06\/2020-09-29-CleDebate-Union-And-Constitution-Forever-1.jpg","type":"image\/jpeg"}],"author":"IATSE Communications","twitter_card":"summary_large_image","twitter_misc":{"\u00c9crit par":"IATSE Communications","Estimation du temps de lecture":"1 minute"},"schema":{"@context":"https:\/\/schema.org","@graph":[{"@type":"Article","@id":"https:\/\/iatse.net\/joint-statement-from-afm-aftra-dga-iatse-ibt-and-sag-commending-senate-judiciary-committee-passage-of-the-protect-ip-act\/#article","isPartOf":{"@id":"https:\/\/iatse.net\/joint-statement-from-afm-aftra-dga-iatse-ibt-and-sag-commending-senate-judiciary-committee-passage-of-the-protect-ip-act\/"},"author":{"name":"IATSE Communications","@id":"https:\/\/iatse.net\/#\/schema\/person\/0f70e66471ace00026b129e85eb44df0"},"headline":"Joint Statement from AFM, AFTRA, DGA, IATSE, IBT and SAG Commending Senate Judiciary Committee Passage of the PROTECT IP Act","datePublished":"2011-05-26T00:00:00+00:00","dateModified":"2021-06-21T18:39:19+00:00","mainEntityOfPage":{"@id":"https:\/\/iatse.net\/joint-statement-from-afm-aftra-dga-iatse-ibt-and-sag-commending-senate-judiciary-committee-passage-of-the-protect-ip-act\/"},"wordCount":167,"commentCount":0,"publisher":{"@id":"https:\/\/iatse.net\/#organization"},"image":{"@id":"https:\/\/iatse.net\/joint-statement-from-afm-aftra-dga-iatse-ibt-and-sag-commending-senate-judiciary-committee-passage-of-the-protect-ip-act\/#primaryimage"},"thumbnailUrl":"https:\/\/iatse.net\/wp-content\/uploads\/2021\/06\/2020-09-29-CleDebate-Union-And-Constitution-Forever-1.jpg","keywords":["Political and Legislative"],"articleSection":["News"],"inLanguage":"fr-CA"},{"@type":"WebPage","@id":"https:\/\/iatse.net\/joint-statement-from-afm-aftra-dga-iatse-ibt-and-sag-commending-senate-judiciary-committee-passage-of-the-protect-ip-act\/","url":"https:\/\/iatse.net\/joint-statement-from-afm-aftra-dga-iatse-ibt-and-sag-commending-senate-judiciary-committee-passage-of-the-protect-ip-act\/","name":"Joint Statement from AFM, AFTRA, DGA, IATSE, IBT and SAG Commending Senate Judiciary Committee Passage of the PROTECT IP Act - IATSE","isPartOf":{"@id":"https:\/\/iatse.net\/#website"},"primaryImageOfPage":{"@id":"https:\/\/iatse.net\/joint-statement-from-afm-aftra-dga-iatse-ibt-and-sag-commending-senate-judiciary-committee-passage-of-the-protect-ip-act\/#primaryimage"},"image":{"@id":"https:\/\/iatse.net\/joint-statement-from-afm-aftra-dga-iatse-ibt-and-sag-commending-senate-judiciary-committee-passage-of-the-protect-ip-act\/#primaryimage"},"thumbnailUrl":"https:\/\/iatse.net\/wp-content\/uploads\/2021\/06\/2020-09-29-CleDebate-Union-And-Constitution-Forever-1.jpg","datePublished":"2011-05-26T00:00:00+00:00","dateModified":"2021-06-21T18:39:19+00:00","breadcrumb":{"@id":"https:\/\/iatse.net\/joint-statement-from-afm-aftra-dga-iatse-ibt-and-sag-commending-senate-judiciary-committee-passage-of-the-protect-ip-act\/#breadcrumb"},"inLanguage":"fr-CA","potentialAction":[{"@type":"ReadAction","target":["https:\/\/iatse.net\/joint-statement-from-afm-aftra-dga-iatse-ibt-and-sag-commending-senate-judiciary-committee-passage-of-the-protect-ip-act\/"]}]},{"@type":"ImageObject","inLanguage":"fr-CA","@id":"https:\/\/iatse.net\/joint-statement-from-afm-aftra-dga-iatse-ibt-and-sag-commending-senate-judiciary-committee-passage-of-the-protect-ip-act\/#primaryimage","url":"https:\/\/iatse.net\/wp-content\/uploads\/2021\/06\/2020-09-29-CleDebate-Union-And-Constitution-Forever-1.jpg","contentUrl":"https:\/\/iatse.net\/wp-content\/uploads\/2021\/06\/2020-09-29-CleDebate-Union-And-Constitution-Forever-1.jpg","width":787,"height":549,"caption":"IATSE General Board Endorses Obama 2nd Term"},{"@type":"BreadcrumbList","@id":"https:\/\/iatse.net\/joint-statement-from-afm-aftra-dga-iatse-ibt-and-sag-commending-senate-judiciary-committee-passage-of-the-protect-ip-act\/#breadcrumb","itemListElement":[{"@type":"ListItem","position":1,"name":"Home","item":"https:\/\/iatse.net\/"},{"@type":"ListItem","position":2,"name":"Joint Statement from AFM, AFTRA, DGA, IATSE, IBT and SAG Commending Senate Judiciary Committee Passage of the PROTECT IP Act"}]},{"@type":"WebSite","@id":"https:\/\/iatse.net\/#website","url":"https:\/\/iatse.net\/","name":"IATSE","description":"The Union Behind Entertainment","publisher":{"@id":"https:\/\/iatse.net\/#organization"},"potentialAction":[{"@type":"SearchAction","target":{"@type":"EntryPoint","urlTemplate":"https:\/\/iatse.net\/?s={search_term_string}"},"query-input":{"@type":"PropertyValueSpecification","valueRequired":true,"valueName":"search_term_string"}}],"inLanguage":"fr-CA"},{"@type":"Organization","@id":"https:\/\/iatse.net\/#organization","name":"IATSE","url":"https:\/\/iatse.net\/","logo":{"@type":"ImageObject","inLanguage":"fr-CA","@id":"https:\/\/iatse.net\/#\/schema\/logo\/image\/","url":"https:\/\/iatse.net\/wp-content\/uploads\/2021\/03\/IATSE_Logo_White.png","contentUrl":"https:\/\/iatse.net\/wp-content\/uploads\/2021\/03\/IATSE_Logo_White.png","width":2100,"height":1987,"caption":"IATSE"},"image":{"@id":"https:\/\/iatse.net\/#\/schema\/logo\/image\/"}},{"@type":"Person","@id":"https:\/\/iatse.net\/#\/schema\/person\/0f70e66471ace00026b129e85eb44df0","name":"IATSE Communications","image":{"@type":"ImageObject","inLanguage":"fr-CA","@id":"https:\/\/iatse.net\/#\/schema\/person\/image\/","url":"https:\/\/secure.gravatar.com\/avatar\/35aecdeea9e9584c91ca1675b0997004?s=96&d=mm&r=g","contentUrl":"https:\/\/secure.gravatar.com\/avatar\/35aecdeea9e9584c91ca1675b0997004?s=96&d=mm&r=g","caption":"IATSE Communications"},"sameAs":["https:\/\/iatse.net"],"url":"https:\/\/iatse.net\/fr\/author\/communications\/"}]}},"acf":[],"_links":{"self":[{"href":"https:\/\/iatse.net\/fr\/wp-json\/wp\/v2\/posts\/1794"}],"collection":[{"href":"https:\/\/iatse.net\/fr\/wp-json\/wp\/v2\/posts"}],"about":[{"href":"https:\/\/iatse.net\/fr\/wp-json\/wp\/v2\/types\/post"}],"author":[{"embeddable":true,"href":"https:\/\/iatse.net\/fr\/wp-json\/wp\/v2\/users\/1"}],"replies":[{"embeddable":true,"href":"https:\/\/iatse.net\/fr\/wp-json\/wp\/v2\/comments?post=1794"}],"version-history":[{"count":1,"href":"https:\/\/iatse.net\/fr\/wp-json\/wp\/v2\/posts\/1794\/revisions"}],"predecessor-version":[{"id":3444,"href":"https:\/\/iatse.net\/fr\/wp-json\/wp\/v2\/posts\/1794\/revisions\/3444"}],"wp:featuredmedia":[{"embeddable":true,"href":"https:\/\/iatse.net\/fr\/wp-json\/wp\/v2\/media\/1729"}],"wp:attachment":[{"href":"https:\/\/iatse.net\/fr\/wp-json\/wp\/v2\/media?parent=1794"}],"wp:term":[{"taxonomy":"category","embeddable":true,"href":"https:\/\/iatse.net\/fr\/wp-json\/wp\/v2\/categories?post=1794"},{"taxonomy":"post_tag","embeddable":true,"href":"https:\/\/iatse.net\/fr\/wp-json\/wp\/v2\/tags?post=1794"}],"curies":[{"name":"wp","href":"https:\/\/api.w.org\/{rel}","templated":true}]}}