{"id":17830,"date":"2024-09-10T16:53:37","date_gmt":"2024-09-10T20:53:37","guid":{"rendered":"https:\/\/iatse.net\/?p=17830"},"modified":"2024-09-10T16:55:58","modified_gmt":"2024-09-10T20:55:58","slug":"recap-iatse-union-members-power-historic-2024-democratic-national-convention","status":"publish","type":"post","link":"https:\/\/iatse.net\/fr\/recap-iatse-union-members-power-historic-2024-democratic-national-convention\/","title":{"rendered":"L'IATSE, les membres du syndicat alimentent la Convention nationale d\u00e9mocrate historique de 2024"},"content":{"rendered":"<div data-elementor-type=\"wp-post\" data-elementor-id=\"17830\" class=\"elementor elementor-17830\">\n\t\t\t\t\t\t<section class=\"elementor-section elementor-top-section elementor-element elementor-element-17435b4d elementor-section-boxed elementor-section-height-default elementor-section-height-default\" data-id=\"17435b4d\" data-element_type=\"section\">\n\t\t\t\t\t\t<div class=\"elementor-container elementor-column-gap-default\">\n\t\t\t\t\t<div class=\"elementor-column elementor-col-100 elementor-top-column elementor-element elementor-element-4f0b4336\" data-id=\"4f0b4336\" data-element_type=\"column\">\n\t\t\t<div class=\"elementor-widget-wrap elementor-element-populated\">\n\t\t\t\t\t\t<div class=\"elementor-element elementor-element-5f3e00a elementor-widget elementor-widget-text-editor\" data-id=\"5f3e00a\" data-element_type=\"widget\" data-widget_type=\"text-editor.default\">\n\t\t\t\t<div class=\"elementor-widget-container\">\n\t\t\t\t\t\t\t<!-- wp:paragraph -->\n<p><strong>Chicago, IL - <\/strong>Du 19 au 22 ao\u00fbt, la Convention nationale d\u00e9mocrate 2024 (DNC) au United Center de Chicago a \u00e9t\u00e9 organis\u00e9e par les syndicats, les membres de l'IATSE des sections locales One, 2, 22, 33, 46, 59, 84, 110, 476, 600, 695, 700, 720, 728, 762, 769, 800, USA 829 et ACT ayant produit l'\u00e9v\u00e9nement historique. L'IATSE a utilis\u00e9 ses comp\u00e9tences pour que la DNC se d\u00e9roule sans accroc, ce qui illustre clairement comment le travail des membres de l'IATSE dans l'industrie du divertissement se croise avec les campagnes politiques et le service public.<\/p>\n<!-- \/wp:paragraph --><!-- wp:paragraph -->\n<p>Le pr\u00e9sident international de l'IATSE, Matthew D. Loeb, a saisi l'opportunit\u00e9 d'y participer, rencontrant les principaux dirigeants politiques et d\u00e9fendant des politiques qui ont un impact direct sur la vie des membres de l'IATSE et de leurs familles (voir ci-dessous). La d\u00e9l\u00e9gation de l'IATSE \u00e9tait pr\u00e9sente lors de la nomination historique de la vice-pr\u00e9sidente Kamala Harris, afin de montrer son soutien \u00e0 l'\u00e9lection pr\u00e9sidentielle. <a href=\"https:\/\/iatse.net\/fr\/iatse-general-executive-board-endorses-kamala-harris-for-president-of-the-united-states-expresses-gratitude-to-president-biden\/\"><strong>candidat soutenu par le conseil ex\u00e9cutif g\u00e9n\u00e9ral de l'IATSE en juillet.<\/strong><\/a>.<\/p>\n<!-- \/wp:paragraph --><!-- wp:paragraph --><!-- \/wp:paragraph -->\t\t\t\t\t\t<\/div>\n\t\t\t\t<\/div>\n\t\t\t\t<div class=\"elementor-element elementor-element-8e86812 elementor-widget elementor-widget-text-editor\" data-id=\"8e86812\" data-element_type=\"widget\" data-widget_type=\"text-editor.default\">\n\t\t\t\t<div class=\"elementor-widget-container\">\n\t\t\t\t\t\t\t<p style=\"text-align: center;\">[L'article continue apr\u00e8s les photos]<\/p>\t\t\t\t\t\t<\/div>\n\t\t\t\t<\/div>\n\t\t\t\t<div class=\"elementor-element elementor-element-f8143eb elementor-widget elementor-widget-image-gallery\" data-id=\"f8143eb\" data-element_type=\"widget\" data-widget_type=\"image-gallery.default\">\n\t\t\t\t<div class=\"elementor-widget-container\">\n\t\t\t\t\t<div class=\"elementor-image-gallery\">\n\t\t\t<div id='gallery-1' class='gallery galleryid-17830 gallery-columns-1 gallery-size-medium_large'><figure class='gallery-item'>\n\t\t\t<div class='gallery-icon landscape'>\n\t\t\t\t<a data-elementor-open-lightbox=\"no\" href='https:\/\/iatse.net\/wp-content\/uploads\/2024\/09\/Sen._Bob_Casey_D-PA_1-scaled-e1726000116104.jpg'><img fetchpriority=\"high\" decoding=\"async\" width=\"768\" height=\"768\" src=\"https:\/\/iatse.net\/wp-content\/uploads\/2024\/09\/Sen._Bob_Casey_D-PA_1-scaled-e1726000116104-768x768.jpg\" class=\"attachment-medium_large size-medium_large\" alt=\"\" aria-describedby=\"gallery-1-17845\" srcset=\"https:\/\/iatse.net\/wp-content\/uploads\/2024\/09\/Sen._Bob_Casey_D-PA_1-scaled-e1726000116104-768x768.jpg 768w, https:\/\/iatse.net\/wp-content\/uploads\/2024\/09\/Sen._Bob_Casey_D-PA_1-scaled-e1726000116104-300x300.jpg 300w, https:\/\/iatse.net\/wp-content\/uploads\/2024\/09\/Sen._Bob_Casey_D-PA_1-scaled-e1726000116104-1024x1024.jpg 1024w, https:\/\/iatse.net\/wp-content\/uploads\/2024\/09\/Sen._Bob_Casey_D-PA_1-scaled-e1726000116104-150x150.jpg 150w, https:\/\/iatse.net\/wp-content\/uploads\/2024\/09\/Sen._Bob_Casey_D-PA_1-scaled-e1726000116104-12x12.jpg 12w, https:\/\/iatse.net\/wp-content\/uploads\/2024\/09\/Sen._Bob_Casey_D-PA_1-scaled-e1726000116104.jpg 1399w\" sizes=\"(max-width: 768px) 100vw, 768px\" \/><\/a>\n\t\t\t<\/div>\n\t\t\t\t<figcaption class='wp-caption-text gallery-caption' id='gallery-1-17845'>\n\t\t\t\tLe s\u00e9nateur Bob Casey (D-PA) et le pr\u00e9sident de l'IATSE International Matthew D. Loeb\n\t\t\t\t<\/figcaption><\/figure><figure class='gallery-item'>\n\t\t\t<div class='gallery-icon landscape'>\n\t\t\t\t<a data-elementor-open-lightbox=\"no\" href='https:\/\/iatse.net\/wp-content\/uploads\/2024\/09\/Rep._Pramila_Jayapal_D-WA-scaled-e1725999839135.jpg'><img decoding=\"async\" width=\"768\" height=\"768\" src=\"https:\/\/iatse.net\/wp-content\/uploads\/2024\/09\/Rep._Pramila_Jayapal_D-WA-scaled-e1725999839135-768x768.jpg\" class=\"attachment-medium_large size-medium_large\" alt=\"\" aria-describedby=\"gallery-1-17846\" srcset=\"https:\/\/iatse.net\/wp-content\/uploads\/2024\/09\/Rep._Pramila_Jayapal_D-WA-scaled-e1725999839135-768x768.jpg 768w, https:\/\/iatse.net\/wp-content\/uploads\/2024\/09\/Rep._Pramila_Jayapal_D-WA-scaled-e1725999839135-300x300.jpg 300w, https:\/\/iatse.net\/wp-content\/uploads\/2024\/09\/Rep._Pramila_Jayapal_D-WA-scaled-e1725999839135-1024x1024.jpg 1024w, https:\/\/iatse.net\/wp-content\/uploads\/2024\/09\/Rep._Pramila_Jayapal_D-WA-scaled-e1725999839135-150x150.jpg 150w, https:\/\/iatse.net\/wp-content\/uploads\/2024\/09\/Rep._Pramila_Jayapal_D-WA-scaled-e1725999839135-12x12.jpg 12w, https:\/\/iatse.net\/wp-content\/uploads\/2024\/09\/Rep._Pramila_Jayapal_D-WA-scaled-e1725999839135.jpg 1119w\" sizes=\"(max-width: 768px) 100vw, 768px\" \/><\/a>\n\t\t\t<\/div>\n\t\t\t\t<figcaption class='wp-caption-text gallery-caption' id='gallery-1-17846'>\n\t\t\t\tLa d\u00e9put\u00e9e Pramila Jayapal (D-WA) et le pr\u00e9sident international de l'IATSE Matthew D. Loeb\n\t\t\t\t<\/figcaption><\/figure><figure class='gallery-item'>\n\t\t\t<div class='gallery-icon landscape'>\n\t\t\t\t<a data-elementor-open-lightbox=\"no\" href='https:\/\/iatse.net\/wp-content\/uploads\/2024\/09\/Rep._Mikie_Sherrill_D-NJ-scaled-e1726000227937.jpg'><img decoding=\"async\" width=\"768\" height=\"768\" src=\"https:\/\/iatse.net\/wp-content\/uploads\/2024\/09\/Rep._Mikie_Sherrill_D-NJ-scaled-e1726000227937-768x768.jpg\" class=\"attachment-medium_large size-medium_large\" alt=\"\" aria-describedby=\"gallery-1-17848\" srcset=\"https:\/\/iatse.net\/wp-content\/uploads\/2024\/09\/Rep._Mikie_Sherrill_D-NJ-scaled-e1726000227937-768x768.jpg 768w, https:\/\/iatse.net\/wp-content\/uploads\/2024\/09\/Rep._Mikie_Sherrill_D-NJ-scaled-e1726000227937-300x300.jpg 300w, https:\/\/iatse.net\/wp-content\/uploads\/2024\/09\/Rep._Mikie_Sherrill_D-NJ-scaled-e1726000227937-1024x1024.jpg 1024w, https:\/\/iatse.net\/wp-content\/uploads\/2024\/09\/Rep._Mikie_Sherrill_D-NJ-scaled-e1726000227937-150x150.jpg 150w, https:\/\/iatse.net\/wp-content\/uploads\/2024\/09\/Rep._Mikie_Sherrill_D-NJ-scaled-e1726000227937-12x12.jpg 12w, https:\/\/iatse.net\/wp-content\/uploads\/2024\/09\/Rep._Mikie_Sherrill_D-NJ-scaled-e1726000227937.jpg 1536w\" sizes=\"(max-width: 768px) 100vw, 768px\" \/><\/a>\n\t\t\t<\/div>\n\t\t\t\t<figcaption class='wp-caption-text gallery-caption' id='gallery-1-17848'>\n\t\t\t\tMatthew D. Loeb, pr\u00e9sident international de l'IATSE, et la d\u00e9put\u00e9e Mikie Sherrill (D-NJ)\n\t\t\t\t<\/figcaption><\/figure><figure class='gallery-item'>\n\t\t\t<div class='gallery-icon landscape'>\n\t\t\t\t<a data-elementor-open-lightbox=\"no\" href='https:\/\/iatse.net\/wp-content\/uploads\/2024\/09\/Rep._Nikki_Budzinski_D-IL-scaled-e1726000150970.jpg'><img loading=\"lazy\" decoding=\"async\" width=\"768\" height=\"768\" src=\"https:\/\/iatse.net\/wp-content\/uploads\/2024\/09\/Rep._Nikki_Budzinski_D-IL-scaled-e1726000150970-768x768.jpg\" class=\"attachment-medium_large size-medium_large\" alt=\"\" aria-describedby=\"gallery-1-17847\" srcset=\"https:\/\/iatse.net\/wp-content\/uploads\/2024\/09\/Rep._Nikki_Budzinski_D-IL-scaled-e1726000150970-768x768.jpg 768w, https:\/\/iatse.net\/wp-content\/uploads\/2024\/09\/Rep._Nikki_Budzinski_D-IL-scaled-e1726000150970-300x300.jpg 300w, https:\/\/iatse.net\/wp-content\/uploads\/2024\/09\/Rep._Nikki_Budzinski_D-IL-scaled-e1726000150970-1024x1024.jpg 1024w, https:\/\/iatse.net\/wp-content\/uploads\/2024\/09\/Rep._Nikki_Budzinski_D-IL-scaled-e1726000150970-150x150.jpg 150w, https:\/\/iatse.net\/wp-content\/uploads\/2024\/09\/Rep._Nikki_Budzinski_D-IL-scaled-e1726000150970-12x12.jpg 12w, https:\/\/iatse.net\/wp-content\/uploads\/2024\/09\/Rep._Nikki_Budzinski_D-IL-scaled-e1726000150970.jpg 1368w\" sizes=\"(max-width: 768px) 100vw, 768px\" \/><\/a>\n\t\t\t<\/div>\n\t\t\t\t<figcaption class='wp-caption-text gallery-caption' id='gallery-1-17847'>\n\t\t\t\tMatthew D. Loeb, pr\u00e9sident international de l'IATSE, et Nikki Budzinski, d\u00e9put\u00e9e (D-IL)\n\t\t\t\t<\/figcaption><\/figure><figure class='gallery-item'>\n\t\t\t<div class='gallery-icon landscape'>\n\t\t\t\t<a data-elementor-open-lightbox=\"no\" href='https:\/\/iatse.net\/wp-content\/uploads\/2024\/09\/Rep._Mark_Pocan_D-WI-scaled-e1725999805762.jpg'><img loading=\"lazy\" decoding=\"async\" width=\"768\" height=\"768\" src=\"https:\/\/iatse.net\/wp-content\/uploads\/2024\/09\/Rep._Mark_Pocan_D-WI-scaled-e1725999805762-768x768.jpg\" class=\"attachment-medium_large size-medium_large\" alt=\"\" aria-describedby=\"gallery-1-17849\" srcset=\"https:\/\/iatse.net\/wp-content\/uploads\/2024\/09\/Rep._Mark_Pocan_D-WI-scaled-e1725999805762-768x768.jpg 768w, https:\/\/iatse.net\/wp-content\/uploads\/2024\/09\/Rep._Mark_Pocan_D-WI-scaled-e1725999805762-300x300.jpg 300w, https:\/\/iatse.net\/wp-content\/uploads\/2024\/09\/Rep._Mark_Pocan_D-WI-scaled-e1725999805762-1024x1024.jpg 1024w, https:\/\/iatse.net\/wp-content\/uploads\/2024\/09\/Rep._Mark_Pocan_D-WI-scaled-e1725999805762-150x150.jpg 150w, https:\/\/iatse.net\/wp-content\/uploads\/2024\/09\/Rep._Mark_Pocan_D-WI-scaled-e1725999805762-12x12.jpg 12w, https:\/\/iatse.net\/wp-content\/uploads\/2024\/09\/Rep._Mark_Pocan_D-WI-scaled-e1725999805762.jpg 1095w\" sizes=\"(max-width: 768px) 100vw, 768px\" \/><\/a>\n\t\t\t<\/div>\n\t\t\t\t<figcaption class='wp-caption-text gallery-caption' id='gallery-1-17849'>\n\t\t\t\tMatthew D. Loeb, pr\u00e9sident international de l'IATSE, et Mark Pocan, d\u00e9put\u00e9 (D-WI)\n\t\t\t\t<\/figcaption><\/figure><figure class='gallery-item'>\n\t\t\t<div class='gallery-icon landscape'>\n\t\t\t\t<a data-elementor-open-lightbox=\"no\" href='https:\/\/iatse.net\/wp-content\/uploads\/2024\/09\/Rep._Becca_Balint_D-VT-scaled-e1726000174322.jpg'><img loading=\"lazy\" decoding=\"async\" width=\"768\" height=\"768\" src=\"https:\/\/iatse.net\/wp-content\/uploads\/2024\/09\/Rep._Becca_Balint_D-VT-scaled-e1726000174322-768x768.jpg\" class=\"attachment-medium_large size-medium_large\" alt=\"\" aria-describedby=\"gallery-1-17843\" srcset=\"https:\/\/iatse.net\/wp-content\/uploads\/2024\/09\/Rep._Becca_Balint_D-VT-scaled-e1726000174322-768x768.jpg 768w, https:\/\/iatse.net\/wp-content\/uploads\/2024\/09\/Rep._Becca_Balint_D-VT-scaled-e1726000174322-300x300.jpg 300w, https:\/\/iatse.net\/wp-content\/uploads\/2024\/09\/Rep._Becca_Balint_D-VT-scaled-e1726000174322-1024x1024.jpg 1024w, https:\/\/iatse.net\/wp-content\/uploads\/2024\/09\/Rep._Becca_Balint_D-VT-scaled-e1726000174322-150x150.jpg 150w, https:\/\/iatse.net\/wp-content\/uploads\/2024\/09\/Rep._Becca_Balint_D-VT-scaled-e1726000174322-12x12.jpg 12w, https:\/\/iatse.net\/wp-content\/uploads\/2024\/09\/Rep._Becca_Balint_D-VT-scaled-e1726000174322.jpg 1536w\" sizes=\"(max-width: 768px) 100vw, 768px\" \/><\/a>\n\t\t\t<\/div>\n\t\t\t\t<figcaption class='wp-caption-text gallery-caption' id='gallery-1-17843'>\n\t\t\t\tMatthew D. Loeb, pr\u00e9sident international de l'IATSE, et Becca Balint, d\u00e9put\u00e9e (D-VT)\n\t\t\t\t<\/figcaption><\/figure><figure class='gallery-item'>\n\t\t\t<div class='gallery-icon landscape'>\n\t\t\t\t<a data-elementor-open-lightbox=\"no\" href='https:\/\/iatse.net\/wp-content\/uploads\/2024\/09\/Rep._Dan_Kildee_D-MI-scaled-e1725999887526.jpg'><img loading=\"lazy\" decoding=\"async\" width=\"768\" height=\"768\" src=\"https:\/\/iatse.net\/wp-content\/uploads\/2024\/09\/Rep._Dan_Kildee_D-MI-scaled-e1725999887526-768x768.jpg\" class=\"attachment-medium_large size-medium_large\" alt=\"\" aria-describedby=\"gallery-1-17842\" srcset=\"https:\/\/iatse.net\/wp-content\/uploads\/2024\/09\/Rep._Dan_Kildee_D-MI-scaled-e1725999887526-768x768.jpg 768w, https:\/\/iatse.net\/wp-content\/uploads\/2024\/09\/Rep._Dan_Kildee_D-MI-scaled-e1725999887526-300x300.jpg 300w, https:\/\/iatse.net\/wp-content\/uploads\/2024\/09\/Rep._Dan_Kildee_D-MI-scaled-e1725999887526-1024x1024.jpg 1024w, https:\/\/iatse.net\/wp-content\/uploads\/2024\/09\/Rep._Dan_Kildee_D-MI-scaled-e1725999887526-150x150.jpg 150w, https:\/\/iatse.net\/wp-content\/uploads\/2024\/09\/Rep._Dan_Kildee_D-MI-scaled-e1725999887526-12x12.jpg 12w, https:\/\/iatse.net\/wp-content\/uploads\/2024\/09\/Rep._Dan_Kildee_D-MI-scaled-e1725999887526.jpg 1095w\" sizes=\"(max-width: 768px) 100vw, 768px\" \/><\/a>\n\t\t\t<\/div>\n\t\t\t\t<figcaption class='wp-caption-text gallery-caption' id='gallery-1-17842'>\n\t\t\t\tMatthew D. Loeb, pr\u00e9sident international de l'IATSE, et Dan Kildee, d\u00e9put\u00e9 (D-MI)\n\t\t\t\t<\/figcaption><\/figure><figure class='gallery-item'>\n\t\t\t<div class='gallery-icon landscape'>\n\t\t\t\t<a data-elementor-open-lightbox=\"no\" href='https:\/\/iatse.net\/wp-content\/uploads\/2024\/09\/Rep._Greg_Casar_D-TX-scaled-e1726000199162.jpg'><img loading=\"lazy\" decoding=\"async\" width=\"768\" height=\"768\" src=\"https:\/\/iatse.net\/wp-content\/uploads\/2024\/09\/Rep._Greg_Casar_D-TX-scaled-e1726000199162-768x768.jpg\" class=\"attachment-medium_large size-medium_large\" alt=\"\" aria-describedby=\"gallery-1-17841\" srcset=\"https:\/\/iatse.net\/wp-content\/uploads\/2024\/09\/Rep._Greg_Casar_D-TX-scaled-e1726000199162-768x768.jpg 768w, https:\/\/iatse.net\/wp-content\/uploads\/2024\/09\/Rep._Greg_Casar_D-TX-scaled-e1726000199162-300x300.jpg 300w, https:\/\/iatse.net\/wp-content\/uploads\/2024\/09\/Rep._Greg_Casar_D-TX-scaled-e1726000199162-1024x1024.jpg 1024w, https:\/\/iatse.net\/wp-content\/uploads\/2024\/09\/Rep._Greg_Casar_D-TX-scaled-e1726000199162-150x150.jpg 150w, https:\/\/iatse.net\/wp-content\/uploads\/2024\/09\/Rep._Greg_Casar_D-TX-scaled-e1726000199162-12x12.jpg 12w, https:\/\/iatse.net\/wp-content\/uploads\/2024\/09\/Rep._Greg_Casar_D-TX-scaled-e1726000199162.jpg 1536w\" sizes=\"(max-width: 768px) 100vw, 768px\" \/><\/a>\n\t\t\t<\/div>\n\t\t\t\t<figcaption class='wp-caption-text gallery-caption' id='gallery-1-17841'>\n\t\t\t\tMatthew D. Loeb, pr\u00e9sident international de l'IATSE, et Greg Casar, d\u00e9put\u00e9 (D-TX)\n\t\t\t\t<\/figcaption><\/figure><figure class='gallery-item'>\n\t\t\t<div class='gallery-icon landscape'>\n\t\t\t\t<a data-elementor-open-lightbox=\"no\" href='https:\/\/iatse.net\/wp-content\/uploads\/2024\/09\/Rep._Ilhan_Omar_D-MN-scaled-e1726000073336.jpg'><img loading=\"lazy\" decoding=\"async\" width=\"768\" height=\"768\" src=\"https:\/\/iatse.net\/wp-content\/uploads\/2024\/09\/Rep._Ilhan_Omar_D-MN-scaled-e1726000073336-768x768.jpg\" class=\"attachment-medium_large size-medium_large\" alt=\"\" aria-describedby=\"gallery-1-17840\" srcset=\"https:\/\/iatse.net\/wp-content\/uploads\/2024\/09\/Rep._Ilhan_Omar_D-MN-scaled-e1726000073336-768x768.jpg 768w, https:\/\/iatse.net\/wp-content\/uploads\/2024\/09\/Rep._Ilhan_Omar_D-MN-scaled-e1726000073336-300x300.jpg 300w, https:\/\/iatse.net\/wp-content\/uploads\/2024\/09\/Rep._Ilhan_Omar_D-MN-scaled-e1726000073336-150x150.jpg 150w, https:\/\/iatse.net\/wp-content\/uploads\/2024\/09\/Rep._Ilhan_Omar_D-MN-scaled-e1726000073336-12x12.jpg 12w, https:\/\/iatse.net\/wp-content\/uploads\/2024\/09\/Rep._Ilhan_Omar_D-MN-scaled-e1726000073336.jpg 931w\" sizes=\"(max-width: 768px) 100vw, 768px\" \/><\/a>\n\t\t\t<\/div>\n\t\t\t\t<figcaption class='wp-caption-text gallery-caption' id='gallery-1-17840'>\n\t\t\t\tMatthew D. Loeb, pr\u00e9sident international de l'IATSE, et Ilhan Omar (D-MN), repr\u00e9sentante de l'Union europ\u00e9enne.\n\t\t\t\t<\/figcaption><\/figure><figure class='gallery-item'>\n\t\t\t<div class='gallery-icon landscape'>\n\t\t\t\t<a data-elementor-open-lightbox=\"no\" href='https:\/\/iatse.net\/wp-content\/uploads\/2024\/09\/House_Minority_Leader_Hakeem_Jeffries_D-NY-scaled-e1725999989784.jpg'><img loading=\"lazy\" decoding=\"async\" width=\"768\" height=\"768\" src=\"https:\/\/iatse.net\/wp-content\/uploads\/2024\/09\/House_Minority_Leader_Hakeem_Jeffries_D-NY-scaled-e1725999989784-768x768.jpg\" class=\"attachment-medium_large size-medium_large\" alt=\"\" aria-describedby=\"gallery-1-17838\" srcset=\"https:\/\/iatse.net\/wp-content\/uploads\/2024\/09\/House_Minority_Leader_Hakeem_Jeffries_D-NY-scaled-e1725999989784-768x768.jpg 768w, https:\/\/iatse.net\/wp-content\/uploads\/2024\/09\/House_Minority_Leader_Hakeem_Jeffries_D-NY-scaled-e1725999989784-300x300.jpg 300w, https:\/\/iatse.net\/wp-content\/uploads\/2024\/09\/House_Minority_Leader_Hakeem_Jeffries_D-NY-scaled-e1725999989784-150x150.jpg 150w, https:\/\/iatse.net\/wp-content\/uploads\/2024\/09\/House_Minority_Leader_Hakeem_Jeffries_D-NY-scaled-e1725999989784-12x12.jpg 12w, https:\/\/iatse.net\/wp-content\/uploads\/2024\/09\/House_Minority_Leader_Hakeem_Jeffries_D-NY-scaled-e1725999989784.jpg 798w\" sizes=\"(max-width: 768px) 100vw, 768px\" \/><\/a>\n\t\t\t<\/div>\n\t\t\t\t<figcaption class='wp-caption-text gallery-caption' id='gallery-1-17838'>\n\t\t\t\tMatthew D. Loeb, pr\u00e9sident international de l'IATSE, et Hakeem Jeffries (D-NY), leader de la minorit\u00e9 \u00e0 la Chambre des repr\u00e9sentants\n\t\t\t\t<\/figcaption><\/figure><figure class='gallery-item'>\n\t\t\t<div class='gallery-icon landscape'>\n\t\t\t\t<a data-elementor-open-lightbox=\"no\" href='https:\/\/iatse.net\/wp-content\/uploads\/2024\/09\/Gov._Phil_Murphy_D-NJ-scaled-e1726000020416.jpg'><img loading=\"lazy\" decoding=\"async\" width=\"768\" height=\"768\" src=\"https:\/\/iatse.net\/wp-content\/uploads\/2024\/09\/Gov._Phil_Murphy_D-NJ-scaled-e1726000020416-768x768.jpg\" class=\"attachment-medium_large size-medium_large\" alt=\"\" aria-describedby=\"gallery-1-17837\" srcset=\"https:\/\/iatse.net\/wp-content\/uploads\/2024\/09\/Gov._Phil_Murphy_D-NJ-scaled-e1726000020416-768x768.jpg 768w, https:\/\/iatse.net\/wp-content\/uploads\/2024\/09\/Gov._Phil_Murphy_D-NJ-scaled-e1726000020416-300x300.jpg 300w, https:\/\/iatse.net\/wp-content\/uploads\/2024\/09\/Gov._Phil_Murphy_D-NJ-scaled-e1726000020416-1024x1024.jpg 1024w, https:\/\/iatse.net\/wp-content\/uploads\/2024\/09\/Gov._Phil_Murphy_D-NJ-scaled-e1726000020416-150x150.jpg 150w, https:\/\/iatse.net\/wp-content\/uploads\/2024\/09\/Gov._Phil_Murphy_D-NJ-scaled-e1726000020416-12x12.jpg 12w, https:\/\/iatse.net\/wp-content\/uploads\/2024\/09\/Gov._Phil_Murphy_D-NJ-scaled-e1726000020416.jpg 1064w\" sizes=\"(max-width: 768px) 100vw, 768px\" \/><\/a>\n\t\t\t<\/div>\n\t\t\t\t<figcaption class='wp-caption-text gallery-caption' id='gallery-1-17837'>\n\t\t\t\tMatthew D. Loeb, pr\u00e9sident international de l'IATSE, et le gouverneur Phil Murphy (D-NJ)\n\t\t\t\t<\/figcaption><\/figure><figure class='gallery-item'>\n\t\t\t<div class='gallery-icon landscape'>\n\t\t\t\t<a data-elementor-open-lightbox=\"no\" href='https:\/\/iatse.net\/wp-content\/uploads\/2024\/09\/Gov._JB_Pritzker_D-IL-scaled.jpg'><img loading=\"lazy\" decoding=\"async\" width=\"768\" height=\"576\" src=\"https:\/\/iatse.net\/wp-content\/uploads\/2024\/09\/Gov._JB_Pritzker_D-IL-768x576.jpg\" class=\"attachment-medium_large size-medium_large\" alt=\"\" aria-describedby=\"gallery-1-17836\" srcset=\"https:\/\/iatse.net\/wp-content\/uploads\/2024\/09\/Gov._JB_Pritzker_D-IL-768x576.jpg 768w, https:\/\/iatse.net\/wp-content\/uploads\/2024\/09\/Gov._JB_Pritzker_D-IL-300x225.jpg 300w, https:\/\/iatse.net\/wp-content\/uploads\/2024\/09\/Gov._JB_Pritzker_D-IL-1024x768.jpg 1024w, https:\/\/iatse.net\/wp-content\/uploads\/2024\/09\/Gov._JB_Pritzker_D-IL-1536x1152.jpg 1536w, https:\/\/iatse.net\/wp-content\/uploads\/2024\/09\/Gov._JB_Pritzker_D-IL-scaled.jpg 2048w, https:\/\/iatse.net\/wp-content\/uploads\/2024\/09\/Gov._JB_Pritzker_D-IL-16x12.jpg 16w\" sizes=\"(max-width: 768px) 100vw, 768px\" \/><\/a>\n\t\t\t<\/div>\n\t\t\t\t<figcaption class='wp-caption-text gallery-caption' id='gallery-1-17836'>\n\t\t\t\tCraig Carlson, vice-pr\u00e9sident international de l'IATSE, le gouverneur JB Pritzker (D-IL) et Matthew D. Loeb, pr\u00e9sident international de l'IATSE.\n\t\t\t\t<\/figcaption><\/figure><figure class='gallery-item'>\n\t\t\t<div class='gallery-icon landscape'>\n\t\t\t\t<a data-elementor-open-lightbox=\"no\" href='https:\/\/iatse.net\/wp-content\/uploads\/2024\/09\/Acting_Secretary_of_Labor_Julie_Su-scaled-e1726000286111.jpg'><img loading=\"lazy\" decoding=\"async\" width=\"768\" height=\"768\" src=\"https:\/\/iatse.net\/wp-content\/uploads\/2024\/09\/Acting_Secretary_of_Labor_Julie_Su-scaled-e1726000286111-768x768.jpg\" class=\"attachment-medium_large size-medium_large\" alt=\"\" aria-describedby=\"gallery-1-17835\" srcset=\"https:\/\/iatse.net\/wp-content\/uploads\/2024\/09\/Acting_Secretary_of_Labor_Julie_Su-scaled-e1726000286111-768x768.jpg 768w, https:\/\/iatse.net\/wp-content\/uploads\/2024\/09\/Acting_Secretary_of_Labor_Julie_Su-scaled-e1726000286111-300x300.jpg 300w, https:\/\/iatse.net\/wp-content\/uploads\/2024\/09\/Acting_Secretary_of_Labor_Julie_Su-scaled-e1726000286111-150x150.jpg 150w, https:\/\/iatse.net\/wp-content\/uploads\/2024\/09\/Acting_Secretary_of_Labor_Julie_Su-scaled-e1726000286111-12x12.jpg 12w, https:\/\/iatse.net\/wp-content\/uploads\/2024\/09\/Acting_Secretary_of_Labor_Julie_Su-scaled-e1726000286111.jpg 904w\" sizes=\"(max-width: 768px) 100vw, 768px\" \/><\/a>\n\t\t\t<\/div>\n\t\t\t\t<figcaption class='wp-caption-text gallery-caption' id='gallery-1-17835'>\n\t\t\t\tMatthew D. Loeb, pr\u00e9sident de l'IATSE International, et Julie Su, secr\u00e9taire d'\u00c9tat au travail par int\u00e9rim\n\t\t\t\t<\/figcaption><\/figure><figure class='gallery-item'>\n\t\t\t<div class='gallery-icon portrait'>\n\t\t\t\t<a data-elementor-open-lightbox=\"no\" href='https:\/\/iatse.net\/wp-content\/uploads\/2024\/09\/MDL__Political_Legislative_Director_Tyler_McIntosh-scaled.jpg'><img loading=\"lazy\" decoding=\"async\" width=\"768\" height=\"1024\" src=\"https:\/\/iatse.net\/wp-content\/uploads\/2024\/09\/MDL__Political_Legislative_Director_Tyler_McIntosh-768x1024.jpg\" class=\"attachment-medium_large size-medium_large\" alt=\"\" aria-describedby=\"gallery-1-17844\" srcset=\"https:\/\/iatse.net\/wp-content\/uploads\/2024\/09\/MDL__Political_Legislative_Director_Tyler_McIntosh-768x1024.jpg 768w, https:\/\/iatse.net\/wp-content\/uploads\/2024\/09\/MDL__Political_Legislative_Director_Tyler_McIntosh-225x300.jpg 225w, https:\/\/iatse.net\/wp-content\/uploads\/2024\/09\/MDL__Political_Legislative_Director_Tyler_McIntosh-1152x1536.jpg 1152w, https:\/\/iatse.net\/wp-content\/uploads\/2024\/09\/MDL__Political_Legislative_Director_Tyler_McIntosh-scaled.jpg 1536w, https:\/\/iatse.net\/wp-content\/uploads\/2024\/09\/MDL__Political_Legislative_Director_Tyler_McIntosh-9x12.jpg 9w\" sizes=\"(max-width: 768px) 100vw, 768px\" \/><\/a>\n\t\t\t<\/div>\n\t\t\t\t<figcaption class='wp-caption-text gallery-caption' id='gallery-1-17844'>\n\t\t\t\tMatthew D. Loeb, pr\u00e9sident international de l'IATSE, et Tyler McIntosh, directeur politique et l\u00e9gislatif\n\t\t\t\t<\/figcaption><\/figure>\n\t\t<\/div>\n\t\t<\/div>\n\t\t\t\t<\/div>\n\t\t\t\t<\/div>\n\t\t\t\t<div class=\"elementor-element elementor-element-4b541091 elementor-widget elementor-widget-text-editor\" data-id=\"4b541091\" data-element_type=\"widget\" data-widget_type=\"text-editor.default\">\n\t\t\t\t<div class=\"elementor-widget-container\">\n\t\t\t\t\t\t\t<!-- wp:paragraph --><!-- \/wp:paragraph --><!-- wp:paragraph --><!-- \/wp:paragraph --><!-- wp:paragraph -->\n<p>Les syndicats \u00e9taient pr\u00e9sents en force \u00e0 la DNC de cette ann\u00e9e. Selon l'AFL-CIO, <a href=\"https:\/\/aflcio.org\/press\/releases\/afl-cio-kamala-harris-accepting-nomination-president-bold-agenda-ushers-new-era\"><strong>le mot \"union\" a \u00e9t\u00e9 le mot cl\u00e9 de la convention<\/strong><\/a>. Du travail syndical \u00e0 la convention aux 20% des d\u00e9l\u00e9gu\u00e9s syndiqu\u00e9s, la force du mouvement ouvrier s'est fait sentir \u00e0 chaque coin de rue. Les membres de l'IATSE se sont joints aux autres syndicats pour c\u00e9l\u00e9brer cette unit\u00e9, soulignant le r\u00f4le essentiel des travailleurs dans le succ\u00e8s du ticket Harris-Walz.<\/p>\n<!-- \/wp:paragraph --><!-- wp:paragraph -->\n<p>Lors de son discours d'ouverture le premier soir de la convention, le pr\u00e9sident de l'United Auto Workers, Sean Fain, portait une chemise portant l'inscription \"Trump is a Scab\" (\"Trump est un briseur de gr\u00e8ve\") - Outre le traitement r\u00e9serv\u00e9 par Trump aux travailleurs de l'UAW en gr\u00e8ve en 2019 lorsqu'il \u00e9tait pr\u00e9sident, l'inscription \"Trump is a scab\" (Trump est un briseur de gr\u00e8ve) fait \u00e9galement r\u00e9f\u00e9rence \u00e0 l'\u00e9poque o\u00f9 les travailleurs de l'UAW \u00e9taient en gr\u00e8ve. <a href=\"https:\/\/aflcio.org\/2016\/9\/16\/open-letter-donald-trump-you-lost-my-vote-when-you-crossed-my-picket-line\"><strong>Donald a franchi un piquet de gr\u00e8ve de l'IATSE<\/strong><\/a> lorsque les travailleurs de sa propre \u00e9mission de t\u00e9l\u00e9r\u00e9alit\u00e9, The Apprentice, se sont battus pour de meilleurs salaires, avantages et conditions en 2004.<\/p>\n<!-- \/wp:paragraph --><!-- wp:paragraph --><!-- \/wp:paragraph -->\t\t\t\t\t\t<\/div>\n\t\t\t\t<\/div>\n\t\t\t\t<div class=\"elementor-element elementor-element-6e1931e elementor-widget elementor-widget-html\" data-id=\"6e1931e\" data-element_type=\"widget\" data-widget_type=\"html.default\">\n\t\t\t\t<div class=\"elementor-widget-container\">\n\t\t\t<blockquote class=\"twitter-tweet\"><p lang=\"en\" dir=\"ltr\">En 2004, Donald Trump a franchi l'un de nos piquets de gr\u00e8ve \u00e0 New York alors que les travailleurs de l'\u00e9mission \"The Apprentice\" r\u00e9clamaient une r\u00e9mun\u00e9ration \u00e9quitable. Il est le pr\u00e9sident le plus hostile aux travailleurs et aux syndicats de l'histoire des \u00c9tats-Unis. <a href=\"https:\/\/t.co\/qH109pzLuM\">pic.twitter.com\/qH109pzLuM<\/a><\/p>- IATSE \/\/ #IASolidarit\u00e9 (@IATSE) <a href=\"https:\/\/twitter.com\/IATSE\/status\/1313497535256952836?ref_src=twsrc%5Etfw\">6 octobre 2020<\/a><\/blockquote> <script async src=\"https:\/\/platform.twitter.com\/widgets.js\" charset=\"utf-8\"><\/script>\t\t<\/div>\n\t\t\t\t<\/div>\n\t\t\t\t<div class=\"elementor-element elementor-element-046bab7 elementor-widget elementor-widget-text-editor\" data-id=\"046bab7\" data-element_type=\"widget\" data-widget_type=\"text-editor.default\">\n\t\t\t\t<div class=\"elementor-widget-container\">\n\t\t\t\t\t\t\t<!-- wp:paragraph --><!-- \/wp:paragraph --><!-- wp:paragraph --><!-- \/wp:paragraph --><!-- wp:paragraph --><!-- \/wp:paragraph --><!-- wp:paragraph -->\n<p>Apr\u00e8s le DNC, l'IATSE a mis en lumi\u00e8re deux ressources pour les \u00e9lections de 2024 pour ses membres :<\/p>\n<!-- \/wp:paragraph --><!-- wp:paragraph -->\n<p>Tout d'abord, l'IATSE a lanc\u00e9 le <a href=\"https:\/\/iatse.net\/fr\/political-legislative\/iatse-for-harris-walz\/\"><strong>Page web \"IATSE for Harris-Walz\" (IATSE pour Harris-Walz)<\/strong><\/a>qui pr\u00e9sente des exemples sp\u00e9cifiques o\u00f9 Kamala Harris s'est tenue aux c\u00f4t\u00e9s des membres de l'IATSE pour faire avancer nos priorit\u00e9s et comment elle a obtenu des r\u00e9sultats pour tous les travailleurs.<\/p>\n<!-- \/wp:paragraph --><!-- wp:paragraph -->\n<p>Il y a aussi une partie de la page web qui se souvient du bilan de l'administration Trump en mati\u00e8re de travail, qui a rendu les lieux de travail plus dangereux, les forces antisyndicales plus redoutables et notre s\u00e9curit\u00e9 en mati\u00e8re de retraite plus incertaine.<\/p>\n<!-- \/wp:paragraph --><!-- wp:paragraph -->\n<p>En outre, \u00e0 chaque cycle \u00e9lectoral, l'IATSE met l'accent sur les <a href=\"https:\/\/iatse.net\/fr\/political-legislative\/iatse-voter-toolkit\/\"><strong>\"Le vote de l'IATSE\"<\/strong><\/a> qui contient des informations sur la mani\u00e8re dont les membres du syndicat peuvent s'inscrire sur les listes \u00e9lectorales, v\u00e9rifier leur statut d'inscription, trouver les r\u00e8gles relatives au vote par correspondance (car de nombreux membres de l'IATSE voyagent pour leur travail, par exemple lorsqu'ils sont en tourn\u00e9e avec une production) et planifier leur vote, pour n'en citer que quelques-unes.<\/p>\n<!-- \/wp:paragraph --><!-- wp:paragraph -->\n<p>Le syndicat reste d\u00e9termin\u00e9 \u00e0 renforcer le pouvoir des travailleurs dans tous les domaines possibles et \u00e0 veiller \u00e0 ce que tous les membres disposent des outils dont ils ont besoin pour voter et rester inform\u00e9s. Comme l'a soulign\u00e9 le pr\u00e9sident Loeb, \"le mouvement syndical est l'\u00e9pine dorsale de notre d\u00e9mocratie, et notre syndicat est fier de soutenir le ticket Harris-Walz dans sa lutte pour un avenir meilleur pour les familles de travailleurs\".<\/p>\n<!-- \/wp:paragraph --><!-- wp:paragraph --><!-- \/wp:paragraph -->\t\t\t\t\t\t<\/div>\n\t\t\t\t<\/div>\n\t\t\t\t\t<\/div>\n\t\t<\/div>\n\t\t\t\t\t<\/div>\n\t\t<\/section>\n\t\t\t\t<\/div>","protected":false},"excerpt":{"rendered":"<p>Chicago, IL - Du 19 au 22 ao\u00fbt, la Convention nationale d\u00e9mocrate 2024 (DNC) au United Center de Chicago a \u00e9t\u00e9 organis\u00e9e par les syndicats, avec des membres de l'IATSE des sections locales One, 2, 22, [...]<\/p>","protected":false},"author":1,"featured_media":17850,"comment_status":"closed","ping_status":"closed","sticky":false,"template":"","format":"standard","meta":{"_acf_changed":false,"_monsterinsights_skip_tracking":false,"_monsterinsights_sitenote_active":false,"_monsterinsights_sitenote_note":"","_monsterinsights_sitenote_category":0,"footnotes":""},"categories":[8],"tags":[23],"yoast_head":"<!-- This site is optimized with the Yoast SEO plugin v23.5 - https:\/\/yoast.com\/wordpress\/plugins\/seo\/ -->\n<title>RECAP: IATSE, Union Members Power Historic 2024 Democratic National Convention - IATSE<\/title>\n<meta name=\"robots\" content=\"index, follow, max-snippet:-1, max-image-preview:large, max-video-preview:-1\" \/>\n<link rel=\"canonical\" href=\"https:\/\/iatse.net\/fr\/recap-iatse-union-members-power-historic-2024-democratic-national-convention\/\" \/>\n<meta property=\"og:locale\" content=\"fr_CA\" \/>\n<meta property=\"og:type\" content=\"article\" \/>\n<meta property=\"og:title\" content=\"RECAP: IATSE, Union Members Power Historic 2024 Democratic National Convention - IATSE\" \/>\n<meta property=\"og:description\" content=\"Chicago, IL \u2013 From August 19 to 22, the 2024 Democratic National Convention (DNC) at the United Center in Chicago was union-made, with IATSE members from Locals One, 2, 22, [&hellip;]\" \/>\n<meta property=\"og:url\" content=\"https:\/\/iatse.net\/fr\/recap-iatse-union-members-power-historic-2024-democratic-national-convention\/\" \/>\n<meta property=\"og:site_name\" content=\"IATSE\" \/>\n<meta property=\"article:published_time\" content=\"2024-09-10T20:53:37+00:00\" \/>\n<meta property=\"article:modified_time\" content=\"2024-09-10T20:55:58+00:00\" \/>\n<meta property=\"og:image\" content=\"https:\/\/iatse.net\/wp-content\/uploads\/2024\/09\/2024-08-22-DNC-Crew-Shot-Group-Photo95-1024x665.png\" \/>\n\t<meta property=\"og:image:width\" content=\"1024\" \/>\n\t<meta property=\"og:image:height\" content=\"665\" \/>\n\t<meta property=\"og:image:type\" content=\"image\/png\" \/>\n<meta name=\"author\" content=\"IATSE Communications\" \/>\n<meta name=\"twitter:card\" content=\"summary_large_image\" \/>\n<meta name=\"twitter:label1\" content=\"\u00c9crit par\" \/>\n\t<meta name=\"twitter:data1\" content=\"IATSE Communications\" \/>\n\t<meta name=\"twitter:label2\" content=\"Estimation du temps de lecture\" \/>\n\t<meta name=\"twitter:data2\" content=\"6 minutes\" \/>\n<script type=\"application\/ld+json\" class=\"yoast-schema-graph\">{\"@context\":\"https:\/\/schema.org\",\"@graph\":[{\"@type\":\"Article\",\"@id\":\"https:\/\/iatse.net\/recap-iatse-union-members-power-historic-2024-democratic-national-convention\/#article\",\"isPartOf\":{\"@id\":\"https:\/\/iatse.net\/recap-iatse-union-members-power-historic-2024-democratic-national-convention\/\"},\"author\":{\"name\":\"IATSE Communications\",\"@id\":\"https:\/\/iatse.net\/#\/schema\/person\/0f70e66471ace00026b129e85eb44df0\"},\"headline\":\"RECAP: IATSE, Union Members Power Historic 2024 Democratic National Convention\",\"datePublished\":\"2024-09-10T20:53:37+00:00\",\"dateModified\":\"2024-09-10T20:55:58+00:00\",\"mainEntityOfPage\":{\"@id\":\"https:\/\/iatse.net\/recap-iatse-union-members-power-historic-2024-democratic-national-convention\/\"},\"wordCount\":687,\"publisher\":{\"@id\":\"https:\/\/iatse.net\/#organization\"},\"image\":{\"@id\":\"https:\/\/iatse.net\/recap-iatse-union-members-power-historic-2024-democratic-national-convention\/#primaryimage\"},\"thumbnailUrl\":\"https:\/\/iatse.net\/wp-content\/uploads\/2024\/09\/2024-08-22-DNC-Crew-Shot-Group-Photo95.png\",\"keywords\":[\"Political and Legislative\"],\"articleSection\":[\"News\"],\"inLanguage\":\"fr-CA\"},{\"@type\":\"WebPage\",\"@id\":\"https:\/\/iatse.net\/recap-iatse-union-members-power-historic-2024-democratic-national-convention\/\",\"url\":\"https:\/\/iatse.net\/recap-iatse-union-members-power-historic-2024-democratic-national-convention\/\",\"name\":\"RECAP: IATSE, Union Members Power Historic 2024 Democratic National Convention - IATSE\",\"isPartOf\":{\"@id\":\"https:\/\/iatse.net\/#website\"},\"primaryImageOfPage\":{\"@id\":\"https:\/\/iatse.net\/recap-iatse-union-members-power-historic-2024-democratic-national-convention\/#primaryimage\"},\"image\":{\"@id\":\"https:\/\/iatse.net\/recap-iatse-union-members-power-historic-2024-democratic-national-convention\/#primaryimage\"},\"thumbnailUrl\":\"https:\/\/iatse.net\/wp-content\/uploads\/2024\/09\/2024-08-22-DNC-Crew-Shot-Group-Photo95.png\",\"datePublished\":\"2024-09-10T20:53:37+00:00\",\"dateModified\":\"2024-09-10T20:55:58+00:00\",\"breadcrumb\":{\"@id\":\"https:\/\/iatse.net\/recap-iatse-union-members-power-historic-2024-democratic-national-convention\/#breadcrumb\"},\"inLanguage\":\"fr-CA\",\"potentialAction\":[{\"@type\":\"ReadAction\",\"target\":[\"https:\/\/iatse.net\/recap-iatse-union-members-power-historic-2024-democratic-national-convention\/\"]}]},{\"@type\":\"ImageObject\",\"inLanguage\":\"fr-CA\",\"@id\":\"https:\/\/iatse.net\/recap-iatse-union-members-power-historic-2024-democratic-national-convention\/#primaryimage\",\"url\":\"https:\/\/iatse.net\/wp-content\/uploads\/2024\/09\/2024-08-22-DNC-Crew-Shot-Group-Photo95.png\",\"contentUrl\":\"https:\/\/iatse.net\/wp-content\/uploads\/2024\/09\/2024-08-22-DNC-Crew-Shot-Group-Photo95.png\",\"width\":1599,\"height\":1038},{\"@type\":\"BreadcrumbList\",\"@id\":\"https:\/\/iatse.net\/recap-iatse-union-members-power-historic-2024-democratic-national-convention\/#breadcrumb\",\"itemListElement\":[{\"@type\":\"ListItem\",\"position\":1,\"name\":\"Home\",\"item\":\"https:\/\/iatse.net\/\"},{\"@type\":\"ListItem\",\"position\":2,\"name\":\"RECAP: IATSE, Union Members Power Historic 2024 Democratic National Convention\"}]},{\"@type\":\"WebSite\",\"@id\":\"https:\/\/iatse.net\/#website\",\"url\":\"https:\/\/iatse.net\/\",\"name\":\"IATSE\",\"description\":\"The Union Behind Entertainment\",\"publisher\":{\"@id\":\"https:\/\/iatse.net\/#organization\"},\"potentialAction\":[{\"@type\":\"SearchAction\",\"target\":{\"@type\":\"EntryPoint\",\"urlTemplate\":\"https:\/\/iatse.net\/?s={search_term_string}\"},\"query-input\":{\"@type\":\"PropertyValueSpecification\",\"valueRequired\":true,\"valueName\":\"search_term_string\"}}],\"inLanguage\":\"fr-CA\"},{\"@type\":\"Organization\",\"@id\":\"https:\/\/iatse.net\/#organization\",\"name\":\"IATSE\",\"url\":\"https:\/\/iatse.net\/\",\"logo\":{\"@type\":\"ImageObject\",\"inLanguage\":\"fr-CA\",\"@id\":\"https:\/\/iatse.net\/#\/schema\/logo\/image\/\",\"url\":\"https:\/\/iatse.net\/wp-content\/uploads\/2021\/03\/IATSE_Logo_White.png\",\"contentUrl\":\"https:\/\/iatse.net\/wp-content\/uploads\/2021\/03\/IATSE_Logo_White.png\",\"width\":2100,\"height\":1987,\"caption\":\"IATSE\"},\"image\":{\"@id\":\"https:\/\/iatse.net\/#\/schema\/logo\/image\/\"}},{\"@type\":\"Person\",\"@id\":\"https:\/\/iatse.net\/#\/schema\/person\/0f70e66471ace00026b129e85eb44df0\",\"name\":\"IATSE Communications\",\"image\":{\"@type\":\"ImageObject\",\"inLanguage\":\"fr-CA\",\"@id\":\"https:\/\/iatse.net\/#\/schema\/person\/image\/\",\"url\":\"https:\/\/secure.gravatar.com\/avatar\/35aecdeea9e9584c91ca1675b0997004?s=96&d=mm&r=g\",\"contentUrl\":\"https:\/\/secure.gravatar.com\/avatar\/35aecdeea9e9584c91ca1675b0997004?s=96&d=mm&r=g\",\"caption\":\"IATSE Communications\"},\"sameAs\":[\"https:\/\/iatse.net\"],\"url\":\"https:\/\/iatse.net\/fr\/author\/communications\/\"}]}<\/script>\n<!-- \/ Yoast SEO plugin. -->","yoast_head_json":{"title":"RECAP: IATSE, Union Members Power Historic 2024 Democratic National Convention - IATSE","robots":{"index":"index","follow":"follow","max-snippet":"max-snippet:-1","max-image-preview":"max-image-preview:large","max-video-preview":"max-video-preview:-1"},"canonical":"https:\/\/iatse.net\/fr\/recap-iatse-union-members-power-historic-2024-democratic-national-convention\/","og_locale":"fr_CA","og_type":"article","og_title":"RECAP: IATSE, Union Members Power Historic 2024 Democratic National Convention - IATSE","og_description":"Chicago, IL \u2013 From August 19 to 22, the 2024 Democratic National Convention (DNC) at the United Center in Chicago was union-made, with IATSE members from Locals One, 2, 22, [&hellip;]","og_url":"https:\/\/iatse.net\/fr\/recap-iatse-union-members-power-historic-2024-democratic-national-convention\/","og_site_name":"IATSE","article_published_time":"2024-09-10T20:53:37+00:00","article_modified_time":"2024-09-10T20:55:58+00:00","og_image":[{"width":1024,"height":665,"url":"https:\/\/iatse.net\/wp-content\/uploads\/2024\/09\/2024-08-22-DNC-Crew-Shot-Group-Photo95-1024x665.png","type":"image\/png"}],"author":"IATSE Communications","twitter_card":"summary_large_image","twitter_misc":{"\u00c9crit par":"IATSE Communications","Estimation du temps de lecture":"6 minutes"},"schema":{"@context":"https:\/\/schema.org","@graph":[{"@type":"Article","@id":"https:\/\/iatse.net\/recap-iatse-union-members-power-historic-2024-democratic-national-convention\/#article","isPartOf":{"@id":"https:\/\/iatse.net\/recap-iatse-union-members-power-historic-2024-democratic-national-convention\/"},"author":{"name":"IATSE Communications","@id":"https:\/\/iatse.net\/#\/schema\/person\/0f70e66471ace00026b129e85eb44df0"},"headline":"RECAP: IATSE, Union Members Power Historic 2024 Democratic National Convention","datePublished":"2024-09-10T20:53:37+00:00","dateModified":"2024-09-10T20:55:58+00:00","mainEntityOfPage":{"@id":"https:\/\/iatse.net\/recap-iatse-union-members-power-historic-2024-democratic-national-convention\/"},"wordCount":687,"publisher":{"@id":"https:\/\/iatse.net\/#organization"},"image":{"@id":"https:\/\/iatse.net\/recap-iatse-union-members-power-historic-2024-democratic-national-convention\/#primaryimage"},"thumbnailUrl":"https:\/\/iatse.net\/wp-content\/uploads\/2024\/09\/2024-08-22-DNC-Crew-Shot-Group-Photo95.png","keywords":["Political and Legislative"],"articleSection":["News"],"inLanguage":"fr-CA"},{"@type":"WebPage","@id":"https:\/\/iatse.net\/recap-iatse-union-members-power-historic-2024-democratic-national-convention\/","url":"https:\/\/iatse.net\/recap-iatse-union-members-power-historic-2024-democratic-national-convention\/","name":"RECAP: IATSE, Union Members Power Historic 2024 Democratic National Convention - IATSE","isPartOf":{"@id":"https:\/\/iatse.net\/#website"},"primaryImageOfPage":{"@id":"https:\/\/iatse.net\/recap-iatse-union-members-power-historic-2024-democratic-national-convention\/#primaryimage"},"image":{"@id":"https:\/\/iatse.net\/recap-iatse-union-members-power-historic-2024-democratic-national-convention\/#primaryimage"},"thumbnailUrl":"https:\/\/iatse.net\/wp-content\/uploads\/2024\/09\/2024-08-22-DNC-Crew-Shot-Group-Photo95.png","datePublished":"2024-09-10T20:53:37+00:00","dateModified":"2024-09-10T20:55:58+00:00","breadcrumb":{"@id":"https:\/\/iatse.net\/recap-iatse-union-members-power-historic-2024-democratic-national-convention\/#breadcrumb"},"inLanguage":"fr-CA","potentialAction":[{"@type":"ReadAction","target":["https:\/\/iatse.net\/recap-iatse-union-members-power-historic-2024-democratic-national-convention\/"]}]},{"@type":"ImageObject","inLanguage":"fr-CA","@id":"https:\/\/iatse.net\/recap-iatse-union-members-power-historic-2024-democratic-national-convention\/#primaryimage","url":"https:\/\/iatse.net\/wp-content\/uploads\/2024\/09\/2024-08-22-DNC-Crew-Shot-Group-Photo95.png","contentUrl":"https:\/\/iatse.net\/wp-content\/uploads\/2024\/09\/2024-08-22-DNC-Crew-Shot-Group-Photo95.png","width":1599,"height":1038},{"@type":"BreadcrumbList","@id":"https:\/\/iatse.net\/recap-iatse-union-members-power-historic-2024-democratic-national-convention\/#breadcrumb","itemListElement":[{"@type":"ListItem","position":1,"name":"Home","item":"https:\/\/iatse.net\/"},{"@type":"ListItem","position":2,"name":"RECAP: IATSE, Union Members Power Historic 2024 Democratic National Convention"}]},{"@type":"WebSite","@id":"https:\/\/iatse.net\/#website","url":"https:\/\/iatse.net\/","name":"IATSE","description":"The Union Behind Entertainment","publisher":{"@id":"https:\/\/iatse.net\/#organization"},"potentialAction":[{"@type":"SearchAction","target":{"@type":"EntryPoint","urlTemplate":"https:\/\/iatse.net\/?s={search_term_string}"},"query-input":{"@type":"PropertyValueSpecification","valueRequired":true,"valueName":"search_term_string"}}],"inLanguage":"fr-CA"},{"@type":"Organization","@id":"https:\/\/iatse.net\/#organization","name":"IATSE","url":"https:\/\/iatse.net\/","logo":{"@type":"ImageObject","inLanguage":"fr-CA","@id":"https:\/\/iatse.net\/#\/schema\/logo\/image\/","url":"https:\/\/iatse.net\/wp-content\/uploads\/2021\/03\/IATSE_Logo_White.png","contentUrl":"https:\/\/iatse.net\/wp-content\/uploads\/2021\/03\/IATSE_Logo_White.png","width":2100,"height":1987,"caption":"IATSE"},"image":{"@id":"https:\/\/iatse.net\/#\/schema\/logo\/image\/"}},{"@type":"Person","@id":"https:\/\/iatse.net\/#\/schema\/person\/0f70e66471ace00026b129e85eb44df0","name":"IATSE Communications","image":{"@type":"ImageObject","inLanguage":"fr-CA","@id":"https:\/\/iatse.net\/#\/schema\/person\/image\/","url":"https:\/\/secure.gravatar.com\/avatar\/35aecdeea9e9584c91ca1675b0997004?s=96&d=mm&r=g","contentUrl":"https:\/\/secure.gravatar.com\/avatar\/35aecdeea9e9584c91ca1675b0997004?s=96&d=mm&r=g","caption":"IATSE Communications"},"sameAs":["https:\/\/iatse.net"],"url":"https:\/\/iatse.net\/fr\/author\/communications\/"}]}},"acf":[],"_links":{"self":[{"href":"https:\/\/iatse.net\/fr\/wp-json\/wp\/v2\/posts\/17830"}],"collection":[{"href":"https:\/\/iatse.net\/fr\/wp-json\/wp\/v2\/posts"}],"about":[{"href":"https:\/\/iatse.net\/fr\/wp-json\/wp\/v2\/types\/post"}],"author":[{"embeddable":true,"href":"https:\/\/iatse.net\/fr\/wp-json\/wp\/v2\/users\/1"}],"replies":[{"embeddable":true,"href":"https:\/\/iatse.net\/fr\/wp-json\/wp\/v2\/comments?post=17830"}],"version-history":[{"count":8,"href":"https:\/\/iatse.net\/fr\/wp-json\/wp\/v2\/posts\/17830\/revisions"}],"predecessor-version":[{"id":17857,"href":"https:\/\/iatse.net\/fr\/wp-json\/wp\/v2\/posts\/17830\/revisions\/17857"}],"wp:featuredmedia":[{"embeddable":true,"href":"https:\/\/iatse.net\/fr\/wp-json\/wp\/v2\/media\/17850"}],"wp:attachment":[{"href":"https:\/\/iatse.net\/fr\/wp-json\/wp\/v2\/media?parent=17830"}],"wp:term":[{"taxonomy":"category","embeddable":true,"href":"https:\/\/iatse.net\/fr\/wp-json\/wp\/v2\/categories?post=17830"},{"taxonomy":"post_tag","embeddable":true,"href":"https:\/\/iatse.net\/fr\/wp-json\/wp\/v2\/tags?post=17830"}],"curies":[{"name":"wp","href":"https:\/\/api.w.org\/{rel}","templated":true}]}}