{"id":1746,"date":"2011-04-28T00:00:00","date_gmt":"2011-04-28T00:00:00","guid":{"rendered":"https:\/\/iatse.net\/2011\/04\/28\/iatse-crew-commended-by-wisconsin-state-afl-cio-for-work-on-video\/"},"modified":"2011-04-28T00:00:00","modified_gmt":"2011-04-28T00:00:00","slug":"iatse-crew-commended-by-wisconsin-state-afl-cio-for-work-on-video","status":"publish","type":"post","link":"https:\/\/iatse.net\/fr\/iatse-crew-commended-by-wisconsin-state-afl-cio-for-work-on-video\/","title":{"rendered":"Une \u00e9quipe de l'IATSE f\u00e9licit\u00e9e par l'AFL-CIO de l'\u00c9tat du Wisconsin pour son travail sur la vid\u00e9o"},"content":{"rendered":"<p>Le 12 mars 2011, les membres d'IA se sont rendus \u00e0 Madison, dans le Wisconsin, o\u00f9 ils ont travaill\u00e9 sur une vid\u00e9o pour l'AFL-CIO de l'\u00c9tat du Wisconsin.  Pendant le tournage, l'\u00e9quipe d'IA a interview\u00e9 un certain nombre de travailleurs qui faisaient partie des milliers de participants \u00e0 une marche et \u00e0 un rassemblement \u00e0 Madison.  Des centaines de milliers de travailleurs ont manifest\u00e9 dans tout le Wisconsin pour soutenir les familles de travailleurs et protester contre les mesures prises par le gouverneur de l'\u00c9tat du Wisconsin, Scott Walker, qui, quelques jours plus t\u00f4t, avait fait adopter son budget par le S\u00e9nat de l'\u00c9tat, ce qui a entra\u00een\u00e9 des poursuites judiciaires et provoqu\u00e9 un toll\u00e9 parmi les travailleurs de l'\u00c9tat.<\/p>\n<p>Le fr\u00e8re Martin Levenstein, membre de la section 700 des r\u00e9dacteurs, a mont\u00e9 la vid\u00e9o et a re\u00e7u la lettre suivante de l'AFL-CIO de l'\u00c9tat.   En plus du confr\u00e8re Levenstein, l'\u00e9quipe de l'AI \u00e9tait compos\u00e9e de Scott Smith, membre de la section 476 de Studio Mechanics (son), et de Ted Lichtenheld, membre de la section 600 de Camera (directeur de la photographie), Alejandro Garcia (1er assistant cam\u00e9ra) et Colleen Lindl (chargeur num\u00e9rique). Justin Conway, agent d'affaires r\u00e9gional central de la section 600, a coordonn\u00e9 le tournage de la vid\u00e9o avec l'AFL-CIO de l'\u00c9tat.<\/p>","protected":false},"excerpt":{"rendered":"<p>Le 12 mars 2011, les membres d'IA se sont rendus \u00e0 Madison, dans le Wisconsin, o\u00f9 ils ont travaill\u00e9 sur une vid\u00e9o pour l'AFL-CIO de l'\u00c9tat du Wisconsin.  Pendant le tournage, l'\u00e9quipe d'IA a interview\u00e9 un certain nombre [...]<\/p>","protected":false},"author":1,"featured_media":1729,"comment_status":"open","ping_status":"open","sticky":false,"template":"","format":"standard","meta":{"_acf_changed":false,"_monsterinsights_skip_tracking":false,"_monsterinsights_sitenote_active":false,"_monsterinsights_sitenote_note":"","_monsterinsights_sitenote_category":0,"footnotes":""},"categories":[8],"tags":[20,23],"yoast_head":"<!-- This site is optimized with the Yoast SEO plugin v23.5 - https:\/\/yoast.com\/wordpress\/plugins\/seo\/ -->\n<title>IATSE Crew Commended by Wisconsin State AFL-CIO for Work on Video - IATSE<\/title>\n<meta name=\"robots\" content=\"index, follow, max-snippet:-1, max-image-preview:large, max-video-preview:-1\" \/>\n<link rel=\"canonical\" href=\"https:\/\/iatse.net\/fr\/iatse-crew-commended-by-wisconsin-state-afl-cio-for-work-on-video\/\" \/>\n<meta property=\"og:locale\" content=\"fr_CA\" \/>\n<meta property=\"og:type\" content=\"article\" \/>\n<meta property=\"og:title\" content=\"IATSE Crew Commended by Wisconsin State AFL-CIO for Work on Video - IATSE\" \/>\n<meta property=\"og:description\" content=\"On March 12, 2011, IA members traveled to Madison, Wisconsin where they worked on a video for the Wisconsin State AFL-CIO.\u00a0 During the shoot, the IA crew interviewed a number [&hellip;]\" \/>\n<meta property=\"og:url\" content=\"https:\/\/iatse.net\/fr\/iatse-crew-commended-by-wisconsin-state-afl-cio-for-work-on-video\/\" \/>\n<meta property=\"og:site_name\" content=\"IATSE\" \/>\n<meta property=\"article:published_time\" content=\"2011-04-28T00:00:00+00:00\" \/>\n<meta property=\"og:image\" content=\"https:\/\/iatse.net\/wp-content\/uploads\/2021\/06\/2020-09-29-CleDebate-Union-And-Constitution-Forever-1.jpg\" \/>\n\t<meta property=\"og:image:width\" content=\"787\" \/>\n\t<meta property=\"og:image:height\" content=\"549\" \/>\n\t<meta property=\"og:image:type\" content=\"image\/jpeg\" \/>\n<meta name=\"author\" content=\"IATSE Communications\" \/>\n<meta name=\"twitter:card\" content=\"summary_large_image\" \/>\n<meta name=\"twitter:label1\" content=\"\u00c9crit par\" \/>\n\t<meta name=\"twitter:data1\" content=\"IATSE Communications\" \/>\n\t<meta name=\"twitter:label2\" content=\"Estimation du temps de lecture\" \/>\n\t<meta name=\"twitter:data2\" content=\"1 minute\" \/>\n<script type=\"application\/ld+json\" class=\"yoast-schema-graph\">{\"@context\":\"https:\/\/schema.org\",\"@graph\":[{\"@type\":\"Article\",\"@id\":\"https:\/\/iatse.net\/iatse-crew-commended-by-wisconsin-state-afl-cio-for-work-on-video\/#article\",\"isPartOf\":{\"@id\":\"https:\/\/iatse.net\/iatse-crew-commended-by-wisconsin-state-afl-cio-for-work-on-video\/\"},\"author\":{\"name\":\"IATSE Communications\",\"@id\":\"https:\/\/iatse.net\/#\/schema\/person\/0f70e66471ace00026b129e85eb44df0\"},\"headline\":\"IATSE Crew Commended by Wisconsin State AFL-CIO for Work on Video\",\"datePublished\":\"2011-04-28T00:00:00+00:00\",\"dateModified\":\"2011-04-28T00:00:00+00:00\",\"mainEntityOfPage\":{\"@id\":\"https:\/\/iatse.net\/iatse-crew-commended-by-wisconsin-state-afl-cio-for-work-on-video\/\"},\"wordCount\":177,\"commentCount\":0,\"publisher\":{\"@id\":\"https:\/\/iatse.net\/#organization\"},\"image\":{\"@id\":\"https:\/\/iatse.net\/iatse-crew-commended-by-wisconsin-state-afl-cio-for-work-on-video\/#primaryimage\"},\"thumbnailUrl\":\"https:\/\/iatse.net\/wp-content\/uploads\/2021\/06\/2020-09-29-CleDebate-Union-And-Constitution-Forever-1.jpg\",\"keywords\":[\"Motion Picture and Television\",\"Political and Legislative\"],\"articleSection\":[\"News\"],\"inLanguage\":\"fr-CA\"},{\"@type\":\"WebPage\",\"@id\":\"https:\/\/iatse.net\/iatse-crew-commended-by-wisconsin-state-afl-cio-for-work-on-video\/\",\"url\":\"https:\/\/iatse.net\/iatse-crew-commended-by-wisconsin-state-afl-cio-for-work-on-video\/\",\"name\":\"IATSE Crew Commended by Wisconsin State AFL-CIO for Work on Video - IATSE\",\"isPartOf\":{\"@id\":\"https:\/\/iatse.net\/#website\"},\"primaryImageOfPage\":{\"@id\":\"https:\/\/iatse.net\/iatse-crew-commended-by-wisconsin-state-afl-cio-for-work-on-video\/#primaryimage\"},\"image\":{\"@id\":\"https:\/\/iatse.net\/iatse-crew-commended-by-wisconsin-state-afl-cio-for-work-on-video\/#primaryimage\"},\"thumbnailUrl\":\"https:\/\/iatse.net\/wp-content\/uploads\/2021\/06\/2020-09-29-CleDebate-Union-And-Constitution-Forever-1.jpg\",\"datePublished\":\"2011-04-28T00:00:00+00:00\",\"dateModified\":\"2011-04-28T00:00:00+00:00\",\"breadcrumb\":{\"@id\":\"https:\/\/iatse.net\/iatse-crew-commended-by-wisconsin-state-afl-cio-for-work-on-video\/#breadcrumb\"},\"inLanguage\":\"fr-CA\",\"potentialAction\":[{\"@type\":\"ReadAction\",\"target\":[\"https:\/\/iatse.net\/iatse-crew-commended-by-wisconsin-state-afl-cio-for-work-on-video\/\"]}]},{\"@type\":\"ImageObject\",\"inLanguage\":\"fr-CA\",\"@id\":\"https:\/\/iatse.net\/iatse-crew-commended-by-wisconsin-state-afl-cio-for-work-on-video\/#primaryimage\",\"url\":\"https:\/\/iatse.net\/wp-content\/uploads\/2021\/06\/2020-09-29-CleDebate-Union-And-Constitution-Forever-1.jpg\",\"contentUrl\":\"https:\/\/iatse.net\/wp-content\/uploads\/2021\/06\/2020-09-29-CleDebate-Union-And-Constitution-Forever-1.jpg\",\"width\":787,\"height\":549,\"caption\":\"IATSE General Board Endorses Obama 2nd Term\"},{\"@type\":\"BreadcrumbList\",\"@id\":\"https:\/\/iatse.net\/iatse-crew-commended-by-wisconsin-state-afl-cio-for-work-on-video\/#breadcrumb\",\"itemListElement\":[{\"@type\":\"ListItem\",\"position\":1,\"name\":\"Home\",\"item\":\"https:\/\/iatse.net\/\"},{\"@type\":\"ListItem\",\"position\":2,\"name\":\"IATSE Crew Commended by Wisconsin State AFL-CIO for Work on Video\"}]},{\"@type\":\"WebSite\",\"@id\":\"https:\/\/iatse.net\/#website\",\"url\":\"https:\/\/iatse.net\/\",\"name\":\"IATSE\",\"description\":\"The Union Behind Entertainment\",\"publisher\":{\"@id\":\"https:\/\/iatse.net\/#organization\"},\"potentialAction\":[{\"@type\":\"SearchAction\",\"target\":{\"@type\":\"EntryPoint\",\"urlTemplate\":\"https:\/\/iatse.net\/?s={search_term_string}\"},\"query-input\":{\"@type\":\"PropertyValueSpecification\",\"valueRequired\":true,\"valueName\":\"search_term_string\"}}],\"inLanguage\":\"fr-CA\"},{\"@type\":\"Organization\",\"@id\":\"https:\/\/iatse.net\/#organization\",\"name\":\"IATSE\",\"url\":\"https:\/\/iatse.net\/\",\"logo\":{\"@type\":\"ImageObject\",\"inLanguage\":\"fr-CA\",\"@id\":\"https:\/\/iatse.net\/#\/schema\/logo\/image\/\",\"url\":\"https:\/\/iatse.net\/wp-content\/uploads\/2021\/03\/IATSE_Logo_White.png\",\"contentUrl\":\"https:\/\/iatse.net\/wp-content\/uploads\/2021\/03\/IATSE_Logo_White.png\",\"width\":2100,\"height\":1987,\"caption\":\"IATSE\"},\"image\":{\"@id\":\"https:\/\/iatse.net\/#\/schema\/logo\/image\/\"}},{\"@type\":\"Person\",\"@id\":\"https:\/\/iatse.net\/#\/schema\/person\/0f70e66471ace00026b129e85eb44df0\",\"name\":\"IATSE Communications\",\"image\":{\"@type\":\"ImageObject\",\"inLanguage\":\"fr-CA\",\"@id\":\"https:\/\/iatse.net\/#\/schema\/person\/image\/\",\"url\":\"https:\/\/secure.gravatar.com\/avatar\/35aecdeea9e9584c91ca1675b0997004?s=96&d=mm&r=g\",\"contentUrl\":\"https:\/\/secure.gravatar.com\/avatar\/35aecdeea9e9584c91ca1675b0997004?s=96&d=mm&r=g\",\"caption\":\"IATSE Communications\"},\"sameAs\":[\"https:\/\/iatse.net\"],\"url\":\"https:\/\/iatse.net\/fr\/author\/communications\/\"}]}<\/script>\n<!-- \/ Yoast SEO plugin. -->","yoast_head_json":{"title":"IATSE Crew Commended by Wisconsin State AFL-CIO for Work on Video - IATSE","robots":{"index":"index","follow":"follow","max-snippet":"max-snippet:-1","max-image-preview":"max-image-preview:large","max-video-preview":"max-video-preview:-1"},"canonical":"https:\/\/iatse.net\/fr\/iatse-crew-commended-by-wisconsin-state-afl-cio-for-work-on-video\/","og_locale":"fr_CA","og_type":"article","og_title":"IATSE Crew Commended by Wisconsin State AFL-CIO for Work on Video - IATSE","og_description":"On March 12, 2011, IA members traveled to Madison, Wisconsin where they worked on a video for the Wisconsin State AFL-CIO.\u00a0 During the shoot, the IA crew interviewed a number [&hellip;]","og_url":"https:\/\/iatse.net\/fr\/iatse-crew-commended-by-wisconsin-state-afl-cio-for-work-on-video\/","og_site_name":"IATSE","article_published_time":"2011-04-28T00:00:00+00:00","og_image":[{"width":787,"height":549,"url":"https:\/\/iatse.net\/wp-content\/uploads\/2021\/06\/2020-09-29-CleDebate-Union-And-Constitution-Forever-1.jpg","type":"image\/jpeg"}],"author":"IATSE Communications","twitter_card":"summary_large_image","twitter_misc":{"\u00c9crit par":"IATSE Communications","Estimation du temps de lecture":"1 minute"},"schema":{"@context":"https:\/\/schema.org","@graph":[{"@type":"Article","@id":"https:\/\/iatse.net\/iatse-crew-commended-by-wisconsin-state-afl-cio-for-work-on-video\/#article","isPartOf":{"@id":"https:\/\/iatse.net\/iatse-crew-commended-by-wisconsin-state-afl-cio-for-work-on-video\/"},"author":{"name":"IATSE Communications","@id":"https:\/\/iatse.net\/#\/schema\/person\/0f70e66471ace00026b129e85eb44df0"},"headline":"IATSE Crew Commended by Wisconsin State AFL-CIO for Work on Video","datePublished":"2011-04-28T00:00:00+00:00","dateModified":"2011-04-28T00:00:00+00:00","mainEntityOfPage":{"@id":"https:\/\/iatse.net\/iatse-crew-commended-by-wisconsin-state-afl-cio-for-work-on-video\/"},"wordCount":177,"commentCount":0,"publisher":{"@id":"https:\/\/iatse.net\/#organization"},"image":{"@id":"https:\/\/iatse.net\/iatse-crew-commended-by-wisconsin-state-afl-cio-for-work-on-video\/#primaryimage"},"thumbnailUrl":"https:\/\/iatse.net\/wp-content\/uploads\/2021\/06\/2020-09-29-CleDebate-Union-And-Constitution-Forever-1.jpg","keywords":["Motion Picture and Television","Political and Legislative"],"articleSection":["News"],"inLanguage":"fr-CA"},{"@type":"WebPage","@id":"https:\/\/iatse.net\/iatse-crew-commended-by-wisconsin-state-afl-cio-for-work-on-video\/","url":"https:\/\/iatse.net\/iatse-crew-commended-by-wisconsin-state-afl-cio-for-work-on-video\/","name":"IATSE Crew Commended by Wisconsin State AFL-CIO for Work on Video - IATSE","isPartOf":{"@id":"https:\/\/iatse.net\/#website"},"primaryImageOfPage":{"@id":"https:\/\/iatse.net\/iatse-crew-commended-by-wisconsin-state-afl-cio-for-work-on-video\/#primaryimage"},"image":{"@id":"https:\/\/iatse.net\/iatse-crew-commended-by-wisconsin-state-afl-cio-for-work-on-video\/#primaryimage"},"thumbnailUrl":"https:\/\/iatse.net\/wp-content\/uploads\/2021\/06\/2020-09-29-CleDebate-Union-And-Constitution-Forever-1.jpg","datePublished":"2011-04-28T00:00:00+00:00","dateModified":"2011-04-28T00:00:00+00:00","breadcrumb":{"@id":"https:\/\/iatse.net\/iatse-crew-commended-by-wisconsin-state-afl-cio-for-work-on-video\/#breadcrumb"},"inLanguage":"fr-CA","potentialAction":[{"@type":"ReadAction","target":["https:\/\/iatse.net\/iatse-crew-commended-by-wisconsin-state-afl-cio-for-work-on-video\/"]}]},{"@type":"ImageObject","inLanguage":"fr-CA","@id":"https:\/\/iatse.net\/iatse-crew-commended-by-wisconsin-state-afl-cio-for-work-on-video\/#primaryimage","url":"https:\/\/iatse.net\/wp-content\/uploads\/2021\/06\/2020-09-29-CleDebate-Union-And-Constitution-Forever-1.jpg","contentUrl":"https:\/\/iatse.net\/wp-content\/uploads\/2021\/06\/2020-09-29-CleDebate-Union-And-Constitution-Forever-1.jpg","width":787,"height":549,"caption":"IATSE General Board Endorses Obama 2nd Term"},{"@type":"BreadcrumbList","@id":"https:\/\/iatse.net\/iatse-crew-commended-by-wisconsin-state-afl-cio-for-work-on-video\/#breadcrumb","itemListElement":[{"@type":"ListItem","position":1,"name":"Home","item":"https:\/\/iatse.net\/"},{"@type":"ListItem","position":2,"name":"IATSE Crew Commended by Wisconsin State AFL-CIO for Work on Video"}]},{"@type":"WebSite","@id":"https:\/\/iatse.net\/#website","url":"https:\/\/iatse.net\/","name":"IATSE","description":"The Union Behind Entertainment","publisher":{"@id":"https:\/\/iatse.net\/#organization"},"potentialAction":[{"@type":"SearchAction","target":{"@type":"EntryPoint","urlTemplate":"https:\/\/iatse.net\/?s={search_term_string}"},"query-input":{"@type":"PropertyValueSpecification","valueRequired":true,"valueName":"search_term_string"}}],"inLanguage":"fr-CA"},{"@type":"Organization","@id":"https:\/\/iatse.net\/#organization","name":"IATSE","url":"https:\/\/iatse.net\/","logo":{"@type":"ImageObject","inLanguage":"fr-CA","@id":"https:\/\/iatse.net\/#\/schema\/logo\/image\/","url":"https:\/\/iatse.net\/wp-content\/uploads\/2021\/03\/IATSE_Logo_White.png","contentUrl":"https:\/\/iatse.net\/wp-content\/uploads\/2021\/03\/IATSE_Logo_White.png","width":2100,"height":1987,"caption":"IATSE"},"image":{"@id":"https:\/\/iatse.net\/#\/schema\/logo\/image\/"}},{"@type":"Person","@id":"https:\/\/iatse.net\/#\/schema\/person\/0f70e66471ace00026b129e85eb44df0","name":"IATSE Communications","image":{"@type":"ImageObject","inLanguage":"fr-CA","@id":"https:\/\/iatse.net\/#\/schema\/person\/image\/","url":"https:\/\/secure.gravatar.com\/avatar\/35aecdeea9e9584c91ca1675b0997004?s=96&d=mm&r=g","contentUrl":"https:\/\/secure.gravatar.com\/avatar\/35aecdeea9e9584c91ca1675b0997004?s=96&d=mm&r=g","caption":"IATSE Communications"},"sameAs":["https:\/\/iatse.net"],"url":"https:\/\/iatse.net\/fr\/author\/communications\/"}]}},"acf":[],"_links":{"self":[{"href":"https:\/\/iatse.net\/fr\/wp-json\/wp\/v2\/posts\/1746"}],"collection":[{"href":"https:\/\/iatse.net\/fr\/wp-json\/wp\/v2\/posts"}],"about":[{"href":"https:\/\/iatse.net\/fr\/wp-json\/wp\/v2\/types\/post"}],"author":[{"embeddable":true,"href":"https:\/\/iatse.net\/fr\/wp-json\/wp\/v2\/users\/1"}],"replies":[{"embeddable":true,"href":"https:\/\/iatse.net\/fr\/wp-json\/wp\/v2\/comments?post=1746"}],"version-history":[{"count":0,"href":"https:\/\/iatse.net\/fr\/wp-json\/wp\/v2\/posts\/1746\/revisions"}],"wp:featuredmedia":[{"embeddable":true,"href":"https:\/\/iatse.net\/fr\/wp-json\/wp\/v2\/media\/1729"}],"wp:attachment":[{"href":"https:\/\/iatse.net\/fr\/wp-json\/wp\/v2\/media?parent=1746"}],"wp:term":[{"taxonomy":"category","embeddable":true,"href":"https:\/\/iatse.net\/fr\/wp-json\/wp\/v2\/categories?post=1746"},{"taxonomy":"post_tag","embeddable":true,"href":"https:\/\/iatse.net\/fr\/wp-json\/wp\/v2\/tags?post=1746"}],"curies":[{"name":"wp","href":"https:\/\/api.w.org\/{rel}","templated":true}]}}