{"id":1733,"date":"2012-01-13T00:00:00","date_gmt":"2012-01-13T00:00:00","guid":{"rendered":"https:\/\/iatse.net\/2012\/01\/13\/jewish-labor-committee-honors-president-loeb\/"},"modified":"2021-06-11T18:42:59","modified_gmt":"2021-06-11T18:42:59","slug":"jewish-labor-committee-honors-president-loeb","status":"publish","type":"post","link":"https:\/\/iatse.net\/fr\/jewish-labor-committee-honors-president-loeb\/","title":{"rendered":"Le Comit\u00e9 du travail juif rend hommage au pr\u00e9sident Loeb"},"content":{"rendered":"<p>New York - Le pr\u00e9sident international Matthew D. Loeb a \u00e9t\u00e9 honor\u00e9 hier soir par le Jewish Labor Committee lors de son 41e d\u00eener de remise des prix des droits de l'homme qui s'est tenu \u00e0 l'h\u00f4tel Hilton de New York.  Ont \u00e9galement \u00e9t\u00e9 honor\u00e9s \u00e0 cette occasion George Gresham, pr\u00e9sident de l'United Healthcare Workers East, et Steven M. Safyer, M.D., pr\u00e9sident et directeur g\u00e9n\u00e9ral du Montefiore Medical Center.  Une pr\u00e9sentation sp\u00e9ciale a \u00e9t\u00e9 faite \u00e0 Denis M. Hughes, qui a officiellement annonc\u00e9 sa retraite le mois dernier en tant que pr\u00e9sident de l'AFL-CIO de l'\u00c9tat de New York.<\/p>\n<p>Le pr\u00e9sident national de l'AFL-CIO, Richard Trumka, copr\u00e9sident honoraire du comit\u00e9 du d\u00eener, a remis le prix au pr\u00e9sident Loeb.  En pr\u00e9sentant Loeb, le pr\u00e9sident Trumka a d\u00e9clar\u00e9 :  \"Votre syndicat construit le pouvoir des travailleurs partout dans le monde et, gr\u00e2ce \u00e0 la solidarit\u00e9, les travailleurs syndiqu\u00e9s de l'industrie du divertissement, qui travaillent dur, s'aident mutuellement \u00e0 vivre des carri\u00e8res \u00e9panouissantes avec un salaire d\u00e9cent, une bonne assurance maladie et l'espoir d'une retraite s\u00fbre.\"  En remettant le prix, il a d\u00e9clar\u00e9 : \"Matthew Loeb, j'ai le plaisir de vous remettre le prix des droits de l'homme du Comit\u00e9 juif du travail pour votre important travail de r\u00e9affirmation de la relation entre la communaut\u00e9 juive et le mouvement ouvrier am\u00e9ricain et pour vos efforts visant \u00e0 \u00e9tendre la d\u00e9fense et l'\u00e9ducation des droits des travailleurs ici en Am\u00e9rique et dans le monde.\"<\/p>\n<p>Le Jewish Labor Committee a \u00e9t\u00e9 fond\u00e9 en 1934 afin de mobiliser les syndicats, les organisations juives am\u00e9ricaines et les soci\u00e9t\u00e9s fraternelles pour aider \u00e0 combattre le nazisme en Allemagne.  Aujourd'hui, il s'agit d'une organisation ind\u00e9pendante et la\u00efque qui permet \u00e0 la communaut\u00e9 juive et au mouvement syndical de travailler ensemble sur des questions importantes d'int\u00e9r\u00eat et de pr\u00e9occupation communs, dans la poursuite de leur engagement commun en faveur de la justice \u00e9conomique et sociale.  Actuellement, le JLC se joint \u00e0 d'autres organisations syndicales pour faire pression en faveur d'une l\u00e9gislation sur le salaire de subsistance.<\/p>\n<p>Le pr\u00e9sident Loeb a d\u00e9clar\u00e9 : \"Je suis honor\u00e9 d'\u00eatre reconnu par le Comit\u00e9 du travail juif et je sais combien ils se battent inlassablement pour le mouvement ouvrier et la dignit\u00e9 de toutes les familles qui travaillent.\"<\/p>","protected":false},"excerpt":{"rendered":"<p>New York - Le pr\u00e9sident international Matthew D. Loeb a \u00e9t\u00e9 honor\u00e9 hier soir par le Jewish Labor Committee lors de son 41e d\u00eener de remise des prix des droits de l'homme qui s'est tenu au Hilton New York [...].<\/p>","protected":false},"author":1,"featured_media":1734,"comment_status":"open","ping_status":"open","sticky":false,"template":"","format":"standard","meta":{"_acf_changed":false,"_monsterinsights_skip_tracking":false,"_monsterinsights_sitenote_active":false,"_monsterinsights_sitenote_note":"","_monsterinsights_sitenote_category":0,"footnotes":""},"categories":[8],"tags":[],"yoast_head":"<!-- This site is optimized with the Yoast SEO plugin v23.5 - https:\/\/yoast.com\/wordpress\/plugins\/seo\/ -->\n<title>Jewish Labor Committee Honors President Loeb - IATSE<\/title>\n<meta name=\"robots\" content=\"index, follow, max-snippet:-1, max-image-preview:large, max-video-preview:-1\" \/>\n<link rel=\"canonical\" href=\"https:\/\/iatse.net\/fr\/jewish-labor-committee-honors-president-loeb\/\" \/>\n<meta property=\"og:locale\" content=\"fr_CA\" \/>\n<meta property=\"og:type\" content=\"article\" \/>\n<meta property=\"og:title\" content=\"Jewish Labor Committee Honors President Loeb - IATSE\" \/>\n<meta property=\"og:description\" content=\"New York \u2013 International President Matthew D. Loeb was honored last night by the Jewish Labor Committee at their 41st Human Rights Awards Dinner held at the Hilton New York [&hellip;]\" \/>\n<meta property=\"og:url\" content=\"https:\/\/iatse.net\/fr\/jewish-labor-committee-honors-president-loeb\/\" \/>\n<meta property=\"og:site_name\" content=\"IATSE\" \/>\n<meta property=\"article:published_time\" content=\"2012-01-13T00:00:00+00:00\" \/>\n<meta property=\"article:modified_time\" content=\"2021-06-11T18:42:59+00:00\" \/>\n<meta property=\"og:image\" content=\"https:\/\/iatse.net\/wp-content\/uploads\/2021\/06\/Untitled-design-1.jpg\" \/>\n\t<meta property=\"og:image:width\" content=\"1920\" \/>\n\t<meta property=\"og:image:height\" content=\"1080\" \/>\n\t<meta property=\"og:image:type\" content=\"image\/jpeg\" \/>\n<meta name=\"author\" content=\"IATSE Communications\" \/>\n<meta name=\"twitter:card\" content=\"summary_large_image\" \/>\n<meta name=\"twitter:label1\" content=\"\u00c9crit par\" \/>\n\t<meta name=\"twitter:data1\" content=\"IATSE Communications\" \/>\n\t<meta name=\"twitter:label2\" content=\"Estimation du temps de lecture\" \/>\n\t<meta name=\"twitter:data2\" content=\"2 minutes\" \/>\n<script type=\"application\/ld+json\" class=\"yoast-schema-graph\">{\"@context\":\"https:\/\/schema.org\",\"@graph\":[{\"@type\":\"Article\",\"@id\":\"https:\/\/iatse.net\/jewish-labor-committee-honors-president-loeb\/#article\",\"isPartOf\":{\"@id\":\"https:\/\/iatse.net\/jewish-labor-committee-honors-president-loeb\/\"},\"author\":{\"name\":\"IATSE Communications\",\"@id\":\"https:\/\/iatse.net\/#\/schema\/person\/0f70e66471ace00026b129e85eb44df0\"},\"headline\":\"Jewish Labor Committee Honors President Loeb\",\"datePublished\":\"2012-01-13T00:00:00+00:00\",\"dateModified\":\"2021-06-11T18:42:59+00:00\",\"mainEntityOfPage\":{\"@id\":\"https:\/\/iatse.net\/jewish-labor-committee-honors-president-loeb\/\"},\"wordCount\":319,\"commentCount\":0,\"publisher\":{\"@id\":\"https:\/\/iatse.net\/#organization\"},\"image\":{\"@id\":\"https:\/\/iatse.net\/jewish-labor-committee-honors-president-loeb\/#primaryimage\"},\"thumbnailUrl\":\"https:\/\/iatse.net\/wp-content\/uploads\/2021\/06\/Untitled-design-1.jpg\",\"articleSection\":[\"News\"],\"inLanguage\":\"fr-CA\"},{\"@type\":\"WebPage\",\"@id\":\"https:\/\/iatse.net\/jewish-labor-committee-honors-president-loeb\/\",\"url\":\"https:\/\/iatse.net\/jewish-labor-committee-honors-president-loeb\/\",\"name\":\"Jewish Labor Committee Honors President Loeb - IATSE\",\"isPartOf\":{\"@id\":\"https:\/\/iatse.net\/#website\"},\"primaryImageOfPage\":{\"@id\":\"https:\/\/iatse.net\/jewish-labor-committee-honors-president-loeb\/#primaryimage\"},\"image\":{\"@id\":\"https:\/\/iatse.net\/jewish-labor-committee-honors-president-loeb\/#primaryimage\"},\"thumbnailUrl\":\"https:\/\/iatse.net\/wp-content\/uploads\/2021\/06\/Untitled-design-1.jpg\",\"datePublished\":\"2012-01-13T00:00:00+00:00\",\"dateModified\":\"2021-06-11T18:42:59+00:00\",\"breadcrumb\":{\"@id\":\"https:\/\/iatse.net\/jewish-labor-committee-honors-president-loeb\/#breadcrumb\"},\"inLanguage\":\"fr-CA\",\"potentialAction\":[{\"@type\":\"ReadAction\",\"target\":[\"https:\/\/iatse.net\/jewish-labor-committee-honors-president-loeb\/\"]}]},{\"@type\":\"ImageObject\",\"inLanguage\":\"fr-CA\",\"@id\":\"https:\/\/iatse.net\/jewish-labor-committee-honors-president-loeb\/#primaryimage\",\"url\":\"https:\/\/iatse.net\/wp-content\/uploads\/2021\/06\/Untitled-design-1.jpg\",\"contentUrl\":\"https:\/\/iatse.net\/wp-content\/uploads\/2021\/06\/Untitled-design-1.jpg\",\"width\":1920,\"height\":1080,\"caption\":\"Jewish Labor Committee Honors Loeb\"},{\"@type\":\"BreadcrumbList\",\"@id\":\"https:\/\/iatse.net\/jewish-labor-committee-honors-president-loeb\/#breadcrumb\",\"itemListElement\":[{\"@type\":\"ListItem\",\"position\":1,\"name\":\"Home\",\"item\":\"https:\/\/iatse.net\/\"},{\"@type\":\"ListItem\",\"position\":2,\"name\":\"Jewish Labor Committee Honors President Loeb\"}]},{\"@type\":\"WebSite\",\"@id\":\"https:\/\/iatse.net\/#website\",\"url\":\"https:\/\/iatse.net\/\",\"name\":\"IATSE\",\"description\":\"The Union Behind Entertainment\",\"publisher\":{\"@id\":\"https:\/\/iatse.net\/#organization\"},\"potentialAction\":[{\"@type\":\"SearchAction\",\"target\":{\"@type\":\"EntryPoint\",\"urlTemplate\":\"https:\/\/iatse.net\/?s={search_term_string}\"},\"query-input\":{\"@type\":\"PropertyValueSpecification\",\"valueRequired\":true,\"valueName\":\"search_term_string\"}}],\"inLanguage\":\"fr-CA\"},{\"@type\":\"Organization\",\"@id\":\"https:\/\/iatse.net\/#organization\",\"name\":\"IATSE\",\"url\":\"https:\/\/iatse.net\/\",\"logo\":{\"@type\":\"ImageObject\",\"inLanguage\":\"fr-CA\",\"@id\":\"https:\/\/iatse.net\/#\/schema\/logo\/image\/\",\"url\":\"https:\/\/iatse.net\/wp-content\/uploads\/2021\/03\/IATSE_Logo_White.png\",\"contentUrl\":\"https:\/\/iatse.net\/wp-content\/uploads\/2021\/03\/IATSE_Logo_White.png\",\"width\":2100,\"height\":1987,\"caption\":\"IATSE\"},\"image\":{\"@id\":\"https:\/\/iatse.net\/#\/schema\/logo\/image\/\"}},{\"@type\":\"Person\",\"@id\":\"https:\/\/iatse.net\/#\/schema\/person\/0f70e66471ace00026b129e85eb44df0\",\"name\":\"IATSE Communications\",\"image\":{\"@type\":\"ImageObject\",\"inLanguage\":\"fr-CA\",\"@id\":\"https:\/\/iatse.net\/#\/schema\/person\/image\/\",\"url\":\"https:\/\/secure.gravatar.com\/avatar\/35aecdeea9e9584c91ca1675b0997004?s=96&d=mm&r=g\",\"contentUrl\":\"https:\/\/secure.gravatar.com\/avatar\/35aecdeea9e9584c91ca1675b0997004?s=96&d=mm&r=g\",\"caption\":\"IATSE Communications\"},\"sameAs\":[\"https:\/\/iatse.net\"],\"url\":\"https:\/\/iatse.net\/fr\/author\/communications\/\"}]}<\/script>\n<!-- \/ Yoast SEO plugin. -->","yoast_head_json":{"title":"Jewish Labor Committee Honors President Loeb - IATSE","robots":{"index":"index","follow":"follow","max-snippet":"max-snippet:-1","max-image-preview":"max-image-preview:large","max-video-preview":"max-video-preview:-1"},"canonical":"https:\/\/iatse.net\/fr\/jewish-labor-committee-honors-president-loeb\/","og_locale":"fr_CA","og_type":"article","og_title":"Jewish Labor Committee Honors President Loeb - IATSE","og_description":"New York \u2013 International President Matthew D. Loeb was honored last night by the Jewish Labor Committee at their 41st Human Rights Awards Dinner held at the Hilton New York [&hellip;]","og_url":"https:\/\/iatse.net\/fr\/jewish-labor-committee-honors-president-loeb\/","og_site_name":"IATSE","article_published_time":"2012-01-13T00:00:00+00:00","article_modified_time":"2021-06-11T18:42:59+00:00","og_image":[{"width":1920,"height":1080,"url":"https:\/\/iatse.net\/wp-content\/uploads\/2021\/06\/Untitled-design-1.jpg","type":"image\/jpeg"}],"author":"IATSE Communications","twitter_card":"summary_large_image","twitter_misc":{"\u00c9crit par":"IATSE Communications","Estimation du temps de lecture":"2 minutes"},"schema":{"@context":"https:\/\/schema.org","@graph":[{"@type":"Article","@id":"https:\/\/iatse.net\/jewish-labor-committee-honors-president-loeb\/#article","isPartOf":{"@id":"https:\/\/iatse.net\/jewish-labor-committee-honors-president-loeb\/"},"author":{"name":"IATSE Communications","@id":"https:\/\/iatse.net\/#\/schema\/person\/0f70e66471ace00026b129e85eb44df0"},"headline":"Jewish Labor Committee Honors President Loeb","datePublished":"2012-01-13T00:00:00+00:00","dateModified":"2021-06-11T18:42:59+00:00","mainEntityOfPage":{"@id":"https:\/\/iatse.net\/jewish-labor-committee-honors-president-loeb\/"},"wordCount":319,"commentCount":0,"publisher":{"@id":"https:\/\/iatse.net\/#organization"},"image":{"@id":"https:\/\/iatse.net\/jewish-labor-committee-honors-president-loeb\/#primaryimage"},"thumbnailUrl":"https:\/\/iatse.net\/wp-content\/uploads\/2021\/06\/Untitled-design-1.jpg","articleSection":["News"],"inLanguage":"fr-CA"},{"@type":"WebPage","@id":"https:\/\/iatse.net\/jewish-labor-committee-honors-president-loeb\/","url":"https:\/\/iatse.net\/jewish-labor-committee-honors-president-loeb\/","name":"Jewish Labor Committee Honors President Loeb - IATSE","isPartOf":{"@id":"https:\/\/iatse.net\/#website"},"primaryImageOfPage":{"@id":"https:\/\/iatse.net\/jewish-labor-committee-honors-president-loeb\/#primaryimage"},"image":{"@id":"https:\/\/iatse.net\/jewish-labor-committee-honors-president-loeb\/#primaryimage"},"thumbnailUrl":"https:\/\/iatse.net\/wp-content\/uploads\/2021\/06\/Untitled-design-1.jpg","datePublished":"2012-01-13T00:00:00+00:00","dateModified":"2021-06-11T18:42:59+00:00","breadcrumb":{"@id":"https:\/\/iatse.net\/jewish-labor-committee-honors-president-loeb\/#breadcrumb"},"inLanguage":"fr-CA","potentialAction":[{"@type":"ReadAction","target":["https:\/\/iatse.net\/jewish-labor-committee-honors-president-loeb\/"]}]},{"@type":"ImageObject","inLanguage":"fr-CA","@id":"https:\/\/iatse.net\/jewish-labor-committee-honors-president-loeb\/#primaryimage","url":"https:\/\/iatse.net\/wp-content\/uploads\/2021\/06\/Untitled-design-1.jpg","contentUrl":"https:\/\/iatse.net\/wp-content\/uploads\/2021\/06\/Untitled-design-1.jpg","width":1920,"height":1080,"caption":"Jewish Labor Committee Honors Loeb"},{"@type":"BreadcrumbList","@id":"https:\/\/iatse.net\/jewish-labor-committee-honors-president-loeb\/#breadcrumb","itemListElement":[{"@type":"ListItem","position":1,"name":"Home","item":"https:\/\/iatse.net\/"},{"@type":"ListItem","position":2,"name":"Jewish Labor Committee Honors President Loeb"}]},{"@type":"WebSite","@id":"https:\/\/iatse.net\/#website","url":"https:\/\/iatse.net\/","name":"IATSE","description":"The Union Behind Entertainment","publisher":{"@id":"https:\/\/iatse.net\/#organization"},"potentialAction":[{"@type":"SearchAction","target":{"@type":"EntryPoint","urlTemplate":"https:\/\/iatse.net\/?s={search_term_string}"},"query-input":{"@type":"PropertyValueSpecification","valueRequired":true,"valueName":"search_term_string"}}],"inLanguage":"fr-CA"},{"@type":"Organization","@id":"https:\/\/iatse.net\/#organization","name":"IATSE","url":"https:\/\/iatse.net\/","logo":{"@type":"ImageObject","inLanguage":"fr-CA","@id":"https:\/\/iatse.net\/#\/schema\/logo\/image\/","url":"https:\/\/iatse.net\/wp-content\/uploads\/2021\/03\/IATSE_Logo_White.png","contentUrl":"https:\/\/iatse.net\/wp-content\/uploads\/2021\/03\/IATSE_Logo_White.png","width":2100,"height":1987,"caption":"IATSE"},"image":{"@id":"https:\/\/iatse.net\/#\/schema\/logo\/image\/"}},{"@type":"Person","@id":"https:\/\/iatse.net\/#\/schema\/person\/0f70e66471ace00026b129e85eb44df0","name":"IATSE Communications","image":{"@type":"ImageObject","inLanguage":"fr-CA","@id":"https:\/\/iatse.net\/#\/schema\/person\/image\/","url":"https:\/\/secure.gravatar.com\/avatar\/35aecdeea9e9584c91ca1675b0997004?s=96&d=mm&r=g","contentUrl":"https:\/\/secure.gravatar.com\/avatar\/35aecdeea9e9584c91ca1675b0997004?s=96&d=mm&r=g","caption":"IATSE Communications"},"sameAs":["https:\/\/iatse.net"],"url":"https:\/\/iatse.net\/fr\/author\/communications\/"}]}},"acf":[],"_links":{"self":[{"href":"https:\/\/iatse.net\/fr\/wp-json\/wp\/v2\/posts\/1733"}],"collection":[{"href":"https:\/\/iatse.net\/fr\/wp-json\/wp\/v2\/posts"}],"about":[{"href":"https:\/\/iatse.net\/fr\/wp-json\/wp\/v2\/types\/post"}],"author":[{"embeddable":true,"href":"https:\/\/iatse.net\/fr\/wp-json\/wp\/v2\/users\/1"}],"replies":[{"embeddable":true,"href":"https:\/\/iatse.net\/fr\/wp-json\/wp\/v2\/comments?post=1733"}],"version-history":[{"count":1,"href":"https:\/\/iatse.net\/fr\/wp-json\/wp\/v2\/posts\/1733\/revisions"}],"predecessor-version":[{"id":2590,"href":"https:\/\/iatse.net\/fr\/wp-json\/wp\/v2\/posts\/1733\/revisions\/2590"}],"wp:featuredmedia":[{"embeddable":true,"href":"https:\/\/iatse.net\/fr\/wp-json\/wp\/v2\/media\/1734"}],"wp:attachment":[{"href":"https:\/\/iatse.net\/fr\/wp-json\/wp\/v2\/media?parent=1733"}],"wp:term":[{"taxonomy":"category","embeddable":true,"href":"https:\/\/iatse.net\/fr\/wp-json\/wp\/v2\/categories?post=1733"},{"taxonomy":"post_tag","embeddable":true,"href":"https:\/\/iatse.net\/fr\/wp-json\/wp\/v2\/tags?post=1733"}],"curies":[{"name":"wp","href":"https:\/\/api.w.org\/{rel}","templated":true}]}}