{"id":1657,"date":"2015-10-21T00:00:00","date_gmt":"2015-10-21T00:00:00","guid":{"rendered":"https:\/\/iatse.net\/2015\/10\/21\/stephen-harper-ousted-canada-elects-majority-liberal-government\/"},"modified":"2015-10-21T00:00:00","modified_gmt":"2015-10-21T00:00:00","slug":"stephen-harper-ousted-canada-elects-majority-liberal-government","status":"publish","type":"post","link":"https:\/\/iatse.net\/fr\/stephen-harper-ousted-canada-elects-majority-liberal-government\/","title":{"rendered":"Stephen Harper \u00e9vinc\u00e9, le Canada \u00e9lit un gouvernement majoritairement lib\u00e9ral"},"content":{"rendered":"<p>TORONTO, ON - Le 19 octobre, une page d'histoire a \u00e9t\u00e9 \u00e9crite lorsque le premier ministre Stephen Harper a \u00e9t\u00e9 chass\u00e9 du pouvoir lors d'une \u00e9lection f\u00e9d\u00e9rale qui n'a laiss\u00e9 aucun doute sur le fait que les Canadiens \u00e9taient pr\u00eats pour le changement. Justin Trudeau et le Parti lib\u00e9ral ont remport\u00e9 la victoire avec un gouvernement majoritaire.<\/p>\n<p>L'IATSE, qui avait encourag\u00e9 ses membres \u00e0 voter pour le candidat le plus susceptible de battre le candidat conservateur dans leurs propres circonscriptions, est satisfaite des r\u00e9sultats. Les membres sont venus en force frapper aux portes, r\u00e9pondre au t\u00e9l\u00e9phone et, surtout, voter pour le changement. Avec les lib\u00e9raux au pouvoir, l'IATSE a atteint son objectif : d\u00e9loger les conservateurs. \u00a0<\/p>\n<p>Le pr\u00e9sident international Matthew D. Loeb a d\u00e9clar\u00e9 : \"Nous avons h\u00e2te de travailler avec les lib\u00e9raux ; un gouvernement progressiste au Canada qui accorde une grande importance aux travailleurs, aux femmes, \u00e0 la communaut\u00e9 LGBT, aux peuples autochtones et, bien s\u00fbr, aux arts. Et nous avons certainement h\u00e2te de voir la fin du projet de loi C-377. \"\u00a0<\/p>","protected":false},"excerpt":{"rendered":"<p>TORONTO, ON - Le 19 octobre, l'histoire s'est \u00e9crite lorsque le premier ministre Stephen Harper a \u00e9t\u00e9 chass\u00e9 du pouvoir lors d'une \u00e9lection f\u00e9d\u00e9rale qui n'a laiss\u00e9 aucun doute sur le fait que les Canadiens \u00e9taient pr\u00eats [...].<\/p>","protected":false},"author":1,"featured_media":1488,"comment_status":"open","ping_status":"open","sticky":false,"template":"","format":"standard","meta":{"_acf_changed":false,"_monsterinsights_skip_tracking":false,"_monsterinsights_sitenote_active":false,"_monsterinsights_sitenote_note":"","_monsterinsights_sitenote_category":0,"footnotes":""},"categories":[8],"tags":[19],"yoast_head":"<!-- This site is optimized with the Yoast SEO plugin v23.5 - https:\/\/yoast.com\/wordpress\/plugins\/seo\/ -->\n<title>Stephen Harper Ousted, Canada Elects Majority Liberal Government - IATSE<\/title>\n<meta name=\"robots\" content=\"index, follow, max-snippet:-1, max-image-preview:large, max-video-preview:-1\" \/>\n<link rel=\"canonical\" href=\"https:\/\/iatse.net\/fr\/stephen-harper-ousted-canada-elects-majority-liberal-government\/\" \/>\n<meta property=\"og:locale\" content=\"fr_CA\" \/>\n<meta property=\"og:type\" content=\"article\" \/>\n<meta property=\"og:title\" content=\"Stephen Harper Ousted, Canada Elects Majority Liberal Government - IATSE\" \/>\n<meta property=\"og:description\" content=\"TORONTO, ON \u2013 On October 19, history was made as Prime Minister Stephen Harper was ousted from office in a federal election that left no question that Canadians were ready [&hellip;]\" \/>\n<meta property=\"og:url\" content=\"https:\/\/iatse.net\/fr\/stephen-harper-ousted-canada-elects-majority-liberal-government\/\" \/>\n<meta property=\"og:site_name\" content=\"IATSE\" \/>\n<meta property=\"article:published_time\" content=\"2015-10-21T00:00:00+00:00\" \/>\n<meta property=\"og:image\" content=\"https:\/\/iatse.net\/wp-content\/uploads\/2021\/06\/2-1.jpg\" \/>\n\t<meta property=\"og:image:width\" content=\"1920\" \/>\n\t<meta property=\"og:image:height\" content=\"1080\" \/>\n\t<meta property=\"og:image:type\" content=\"image\/jpeg\" \/>\n<meta name=\"author\" content=\"IATSE Communications\" \/>\n<meta name=\"twitter:card\" content=\"summary_large_image\" \/>\n<meta name=\"twitter:label1\" content=\"\u00c9crit par\" \/>\n\t<meta name=\"twitter:data1\" content=\"IATSE Communications\" \/>\n\t<meta name=\"twitter:label2\" content=\"Estimation du temps de lecture\" \/>\n\t<meta name=\"twitter:data2\" content=\"1 minute\" \/>\n<script type=\"application\/ld+json\" class=\"yoast-schema-graph\">{\"@context\":\"https:\/\/schema.org\",\"@graph\":[{\"@type\":\"Article\",\"@id\":\"https:\/\/iatse.net\/stephen-harper-ousted-canada-elects-majority-liberal-government\/#article\",\"isPartOf\":{\"@id\":\"https:\/\/iatse.net\/stephen-harper-ousted-canada-elects-majority-liberal-government\/\"},\"author\":{\"name\":\"IATSE Communications\",\"@id\":\"https:\/\/iatse.net\/#\/schema\/person\/0f70e66471ace00026b129e85eb44df0\"},\"headline\":\"Stephen Harper Ousted, Canada Elects Majority Liberal Government\",\"datePublished\":\"2015-10-21T00:00:00+00:00\",\"dateModified\":\"2015-10-21T00:00:00+00:00\",\"mainEntityOfPage\":{\"@id\":\"https:\/\/iatse.net\/stephen-harper-ousted-canada-elects-majority-liberal-government\/\"},\"wordCount\":164,\"commentCount\":0,\"publisher\":{\"@id\":\"https:\/\/iatse.net\/#organization\"},\"image\":{\"@id\":\"https:\/\/iatse.net\/stephen-harper-ousted-canada-elects-majority-liberal-government\/#primaryimage\"},\"thumbnailUrl\":\"https:\/\/iatse.net\/wp-content\/uploads\/2021\/06\/2-1.jpg\",\"keywords\":[\"Canada\"],\"articleSection\":[\"News\"],\"inLanguage\":\"fr-CA\"},{\"@type\":\"WebPage\",\"@id\":\"https:\/\/iatse.net\/stephen-harper-ousted-canada-elects-majority-liberal-government\/\",\"url\":\"https:\/\/iatse.net\/stephen-harper-ousted-canada-elects-majority-liberal-government\/\",\"name\":\"Stephen Harper Ousted, Canada Elects Majority Liberal Government - IATSE\",\"isPartOf\":{\"@id\":\"https:\/\/iatse.net\/#website\"},\"primaryImageOfPage\":{\"@id\":\"https:\/\/iatse.net\/stephen-harper-ousted-canada-elects-majority-liberal-government\/#primaryimage\"},\"image\":{\"@id\":\"https:\/\/iatse.net\/stephen-harper-ousted-canada-elects-majority-liberal-government\/#primaryimage\"},\"thumbnailUrl\":\"https:\/\/iatse.net\/wp-content\/uploads\/2021\/06\/2-1.jpg\",\"datePublished\":\"2015-10-21T00:00:00+00:00\",\"dateModified\":\"2015-10-21T00:00:00+00:00\",\"breadcrumb\":{\"@id\":\"https:\/\/iatse.net\/stephen-harper-ousted-canada-elects-majority-liberal-government\/#breadcrumb\"},\"inLanguage\":\"fr-CA\",\"potentialAction\":[{\"@type\":\"ReadAction\",\"target\":[\"https:\/\/iatse.net\/stephen-harper-ousted-canada-elects-majority-liberal-government\/\"]}]},{\"@type\":\"ImageObject\",\"inLanguage\":\"fr-CA\",\"@id\":\"https:\/\/iatse.net\/stephen-harper-ousted-canada-elects-majority-liberal-government\/#primaryimage\",\"url\":\"https:\/\/iatse.net\/wp-content\/uploads\/2021\/06\/2-1.jpg\",\"contentUrl\":\"https:\/\/iatse.net\/wp-content\/uploads\/2021\/06\/2-1.jpg\",\"width\":1920,\"height\":1080,\"caption\":\"IATSE Canada logo\"},{\"@type\":\"BreadcrumbList\",\"@id\":\"https:\/\/iatse.net\/stephen-harper-ousted-canada-elects-majority-liberal-government\/#breadcrumb\",\"itemListElement\":[{\"@type\":\"ListItem\",\"position\":1,\"name\":\"Home\",\"item\":\"https:\/\/iatse.net\/\"},{\"@type\":\"ListItem\",\"position\":2,\"name\":\"Stephen Harper Ousted, Canada Elects Majority Liberal Government\"}]},{\"@type\":\"WebSite\",\"@id\":\"https:\/\/iatse.net\/#website\",\"url\":\"https:\/\/iatse.net\/\",\"name\":\"IATSE\",\"description\":\"The Union Behind Entertainment\",\"publisher\":{\"@id\":\"https:\/\/iatse.net\/#organization\"},\"potentialAction\":[{\"@type\":\"SearchAction\",\"target\":{\"@type\":\"EntryPoint\",\"urlTemplate\":\"https:\/\/iatse.net\/?s={search_term_string}\"},\"query-input\":{\"@type\":\"PropertyValueSpecification\",\"valueRequired\":true,\"valueName\":\"search_term_string\"}}],\"inLanguage\":\"fr-CA\"},{\"@type\":\"Organization\",\"@id\":\"https:\/\/iatse.net\/#organization\",\"name\":\"IATSE\",\"url\":\"https:\/\/iatse.net\/\",\"logo\":{\"@type\":\"ImageObject\",\"inLanguage\":\"fr-CA\",\"@id\":\"https:\/\/iatse.net\/#\/schema\/logo\/image\/\",\"url\":\"https:\/\/iatse.net\/wp-content\/uploads\/2021\/03\/IATSE_Logo_White.png\",\"contentUrl\":\"https:\/\/iatse.net\/wp-content\/uploads\/2021\/03\/IATSE_Logo_White.png\",\"width\":2100,\"height\":1987,\"caption\":\"IATSE\"},\"image\":{\"@id\":\"https:\/\/iatse.net\/#\/schema\/logo\/image\/\"}},{\"@type\":\"Person\",\"@id\":\"https:\/\/iatse.net\/#\/schema\/person\/0f70e66471ace00026b129e85eb44df0\",\"name\":\"IATSE Communications\",\"image\":{\"@type\":\"ImageObject\",\"inLanguage\":\"fr-CA\",\"@id\":\"https:\/\/iatse.net\/#\/schema\/person\/image\/\",\"url\":\"https:\/\/secure.gravatar.com\/avatar\/35aecdeea9e9584c91ca1675b0997004?s=96&d=mm&r=g\",\"contentUrl\":\"https:\/\/secure.gravatar.com\/avatar\/35aecdeea9e9584c91ca1675b0997004?s=96&d=mm&r=g\",\"caption\":\"IATSE Communications\"},\"sameAs\":[\"https:\/\/iatse.net\"],\"url\":\"https:\/\/iatse.net\/fr\/author\/communications\/\"}]}<\/script>\n<!-- \/ Yoast SEO plugin. -->","yoast_head_json":{"title":"Stephen Harper Ousted, Canada Elects Majority Liberal Government - IATSE","robots":{"index":"index","follow":"follow","max-snippet":"max-snippet:-1","max-image-preview":"max-image-preview:large","max-video-preview":"max-video-preview:-1"},"canonical":"https:\/\/iatse.net\/fr\/stephen-harper-ousted-canada-elects-majority-liberal-government\/","og_locale":"fr_CA","og_type":"article","og_title":"Stephen Harper Ousted, Canada Elects Majority Liberal Government - IATSE","og_description":"TORONTO, ON \u2013 On October 19, history was made as Prime Minister Stephen Harper was ousted from office in a federal election that left no question that Canadians were ready [&hellip;]","og_url":"https:\/\/iatse.net\/fr\/stephen-harper-ousted-canada-elects-majority-liberal-government\/","og_site_name":"IATSE","article_published_time":"2015-10-21T00:00:00+00:00","og_image":[{"width":1920,"height":1080,"url":"https:\/\/iatse.net\/wp-content\/uploads\/2021\/06\/2-1.jpg","type":"image\/jpeg"}],"author":"IATSE Communications","twitter_card":"summary_large_image","twitter_misc":{"\u00c9crit par":"IATSE Communications","Estimation du temps de lecture":"1 minute"},"schema":{"@context":"https:\/\/schema.org","@graph":[{"@type":"Article","@id":"https:\/\/iatse.net\/stephen-harper-ousted-canada-elects-majority-liberal-government\/#article","isPartOf":{"@id":"https:\/\/iatse.net\/stephen-harper-ousted-canada-elects-majority-liberal-government\/"},"author":{"name":"IATSE Communications","@id":"https:\/\/iatse.net\/#\/schema\/person\/0f70e66471ace00026b129e85eb44df0"},"headline":"Stephen Harper Ousted, Canada Elects Majority Liberal Government","datePublished":"2015-10-21T00:00:00+00:00","dateModified":"2015-10-21T00:00:00+00:00","mainEntityOfPage":{"@id":"https:\/\/iatse.net\/stephen-harper-ousted-canada-elects-majority-liberal-government\/"},"wordCount":164,"commentCount":0,"publisher":{"@id":"https:\/\/iatse.net\/#organization"},"image":{"@id":"https:\/\/iatse.net\/stephen-harper-ousted-canada-elects-majority-liberal-government\/#primaryimage"},"thumbnailUrl":"https:\/\/iatse.net\/wp-content\/uploads\/2021\/06\/2-1.jpg","keywords":["Canada"],"articleSection":["News"],"inLanguage":"fr-CA"},{"@type":"WebPage","@id":"https:\/\/iatse.net\/stephen-harper-ousted-canada-elects-majority-liberal-government\/","url":"https:\/\/iatse.net\/stephen-harper-ousted-canada-elects-majority-liberal-government\/","name":"Stephen Harper Ousted, Canada Elects Majority Liberal Government - IATSE","isPartOf":{"@id":"https:\/\/iatse.net\/#website"},"primaryImageOfPage":{"@id":"https:\/\/iatse.net\/stephen-harper-ousted-canada-elects-majority-liberal-government\/#primaryimage"},"image":{"@id":"https:\/\/iatse.net\/stephen-harper-ousted-canada-elects-majority-liberal-government\/#primaryimage"},"thumbnailUrl":"https:\/\/iatse.net\/wp-content\/uploads\/2021\/06\/2-1.jpg","datePublished":"2015-10-21T00:00:00+00:00","dateModified":"2015-10-21T00:00:00+00:00","breadcrumb":{"@id":"https:\/\/iatse.net\/stephen-harper-ousted-canada-elects-majority-liberal-government\/#breadcrumb"},"inLanguage":"fr-CA","potentialAction":[{"@type":"ReadAction","target":["https:\/\/iatse.net\/stephen-harper-ousted-canada-elects-majority-liberal-government\/"]}]},{"@type":"ImageObject","inLanguage":"fr-CA","@id":"https:\/\/iatse.net\/stephen-harper-ousted-canada-elects-majority-liberal-government\/#primaryimage","url":"https:\/\/iatse.net\/wp-content\/uploads\/2021\/06\/2-1.jpg","contentUrl":"https:\/\/iatse.net\/wp-content\/uploads\/2021\/06\/2-1.jpg","width":1920,"height":1080,"caption":"IATSE Canada logo"},{"@type":"BreadcrumbList","@id":"https:\/\/iatse.net\/stephen-harper-ousted-canada-elects-majority-liberal-government\/#breadcrumb","itemListElement":[{"@type":"ListItem","position":1,"name":"Home","item":"https:\/\/iatse.net\/"},{"@type":"ListItem","position":2,"name":"Stephen Harper Ousted, Canada Elects Majority Liberal Government"}]},{"@type":"WebSite","@id":"https:\/\/iatse.net\/#website","url":"https:\/\/iatse.net\/","name":"IATSE","description":"The Union Behind Entertainment","publisher":{"@id":"https:\/\/iatse.net\/#organization"},"potentialAction":[{"@type":"SearchAction","target":{"@type":"EntryPoint","urlTemplate":"https:\/\/iatse.net\/?s={search_term_string}"},"query-input":{"@type":"PropertyValueSpecification","valueRequired":true,"valueName":"search_term_string"}}],"inLanguage":"fr-CA"},{"@type":"Organization","@id":"https:\/\/iatse.net\/#organization","name":"IATSE","url":"https:\/\/iatse.net\/","logo":{"@type":"ImageObject","inLanguage":"fr-CA","@id":"https:\/\/iatse.net\/#\/schema\/logo\/image\/","url":"https:\/\/iatse.net\/wp-content\/uploads\/2021\/03\/IATSE_Logo_White.png","contentUrl":"https:\/\/iatse.net\/wp-content\/uploads\/2021\/03\/IATSE_Logo_White.png","width":2100,"height":1987,"caption":"IATSE"},"image":{"@id":"https:\/\/iatse.net\/#\/schema\/logo\/image\/"}},{"@type":"Person","@id":"https:\/\/iatse.net\/#\/schema\/person\/0f70e66471ace00026b129e85eb44df0","name":"IATSE Communications","image":{"@type":"ImageObject","inLanguage":"fr-CA","@id":"https:\/\/iatse.net\/#\/schema\/person\/image\/","url":"https:\/\/secure.gravatar.com\/avatar\/35aecdeea9e9584c91ca1675b0997004?s=96&d=mm&r=g","contentUrl":"https:\/\/secure.gravatar.com\/avatar\/35aecdeea9e9584c91ca1675b0997004?s=96&d=mm&r=g","caption":"IATSE Communications"},"sameAs":["https:\/\/iatse.net"],"url":"https:\/\/iatse.net\/fr\/author\/communications\/"}]}},"acf":[],"_links":{"self":[{"href":"https:\/\/iatse.net\/fr\/wp-json\/wp\/v2\/posts\/1657"}],"collection":[{"href":"https:\/\/iatse.net\/fr\/wp-json\/wp\/v2\/posts"}],"about":[{"href":"https:\/\/iatse.net\/fr\/wp-json\/wp\/v2\/types\/post"}],"author":[{"embeddable":true,"href":"https:\/\/iatse.net\/fr\/wp-json\/wp\/v2\/users\/1"}],"replies":[{"embeddable":true,"href":"https:\/\/iatse.net\/fr\/wp-json\/wp\/v2\/comments?post=1657"}],"version-history":[{"count":0,"href":"https:\/\/iatse.net\/fr\/wp-json\/wp\/v2\/posts\/1657\/revisions"}],"wp:featuredmedia":[{"embeddable":true,"href":"https:\/\/iatse.net\/fr\/wp-json\/wp\/v2\/media\/1488"}],"wp:attachment":[{"href":"https:\/\/iatse.net\/fr\/wp-json\/wp\/v2\/media?parent=1657"}],"wp:term":[{"taxonomy":"category","embeddable":true,"href":"https:\/\/iatse.net\/fr\/wp-json\/wp\/v2\/categories?post=1657"},{"taxonomy":"post_tag","embeddable":true,"href":"https:\/\/iatse.net\/fr\/wp-json\/wp\/v2\/tags?post=1657"}],"curies":[{"name":"wp","href":"https:\/\/api.w.org\/{rel}","templated":true}]}}