{"id":1543,"date":"2011-12-06T00:00:00","date_gmt":"2011-12-06T00:00:00","guid":{"rendered":"https:\/\/iatse.net\/2011\/12\/06\/national-day-of-remembrance-and-action-on-violence-against-women\/"},"modified":"2021-06-11T18:44:37","modified_gmt":"2021-06-11T18:44:37","slug":"national-day-of-remembrance-and-action-on-violence-against-women","status":"publish","type":"post","link":"https:\/\/iatse.net\/fr\/national-day-of-remembrance-and-action-on-violence-against-women\/","title":{"rendered":"Journ\u00e9e nationale de comm\u00e9moration et d'action contre la violence \u00e0 l'\u00e9gard des femmes"},"content":{"rendered":"<p>Le 6 d\u00e9cembre, nous comm\u00e9morons la vie des 14 femmes tu\u00e9es \u00e0 Montr\u00e9al en 1989. En ce jour, nous nous souvenons de toutes les femmes et les filles qui sont assassin\u00e9es ou victimes de violence de la part de leurs partenaires, de membres de leur famille ou d'\u00e9trangers dans tout le pays. En ce jour, nous nous engageons \u00e0 nouveau \u00e0 prendre des mesures contre toutes les formes de violence \u00e0 l'\u00e9gard des femmes et des filles dans notre soci\u00e9t\u00e9.<\/p>\n<p>http:\/\/www.canadianlabour.ca\/news-room\/statements\/national-day-remembrance-and-action-violence-against-women-0<\/p>","protected":false},"excerpt":{"rendered":"<p>Le 6 d\u00e9cembre, nous comm\u00e9morons la vie des 14 femmes tu\u00e9es \u00e0 Montr\u00e9al en 1989. En ce jour, nous nous souvenons de toutes les femmes et les filles qui sont assassin\u00e9es ou [...]<\/p>","protected":false},"author":1,"featured_media":1488,"comment_status":"open","ping_status":"open","sticky":false,"template":"","format":"standard","meta":{"_acf_changed":false,"_monsterinsights_skip_tracking":false,"_monsterinsights_sitenote_active":false,"_monsterinsights_sitenote_note":"","_monsterinsights_sitenote_category":0,"footnotes":""},"categories":[8],"tags":[19],"yoast_head":"<!-- This site is optimized with the Yoast SEO plugin v23.5 - https:\/\/yoast.com\/wordpress\/plugins\/seo\/ -->\n<title>National Day of Remembrance and Action on Violence against Women - IATSE<\/title>\n<meta name=\"robots\" content=\"index, follow, max-snippet:-1, max-image-preview:large, max-video-preview:-1\" \/>\n<link rel=\"canonical\" href=\"https:\/\/iatse.net\/fr\/national-day-of-remembrance-and-action-on-violence-against-women\/\" \/>\n<meta property=\"og:locale\" content=\"fr_CA\" \/>\n<meta property=\"og:type\" content=\"article\" \/>\n<meta property=\"og:title\" content=\"National Day of Remembrance and Action on Violence against Women - IATSE\" \/>\n<meta property=\"og:description\" content=\"On December 6th, we commemorate the lives of the 14 women killed in Montr\u00e9al in 1989. On this day, we remember all women and girls who are murdered or experience [&hellip;]\" \/>\n<meta property=\"og:url\" content=\"https:\/\/iatse.net\/fr\/national-day-of-remembrance-and-action-on-violence-against-women\/\" \/>\n<meta property=\"og:site_name\" content=\"IATSE\" \/>\n<meta property=\"article:published_time\" content=\"2011-12-06T00:00:00+00:00\" \/>\n<meta property=\"article:modified_time\" content=\"2021-06-11T18:44:37+00:00\" \/>\n<meta property=\"og:image\" content=\"https:\/\/iatse.net\/wp-content\/uploads\/2021\/06\/2-1.jpg\" \/>\n\t<meta property=\"og:image:width\" content=\"1920\" \/>\n\t<meta property=\"og:image:height\" content=\"1080\" \/>\n\t<meta property=\"og:image:type\" content=\"image\/jpeg\" \/>\n<meta name=\"author\" content=\"IATSE Communications\" \/>\n<meta name=\"twitter:card\" content=\"summary_large_image\" \/>\n<meta name=\"twitter:label1\" content=\"\u00c9crit par\" \/>\n\t<meta name=\"twitter:data1\" content=\"IATSE Communications\" \/>\n\t<meta name=\"twitter:label2\" content=\"Estimation du temps de lecture\" \/>\n\t<meta name=\"twitter:data2\" content=\"1 minute\" \/>\n<script type=\"application\/ld+json\" class=\"yoast-schema-graph\">{\"@context\":\"https:\/\/schema.org\",\"@graph\":[{\"@type\":\"Article\",\"@id\":\"https:\/\/iatse.net\/fr\/national-day-of-remembrance-and-action-on-violence-against-women\/#article\",\"isPartOf\":{\"@id\":\"https:\/\/iatse.net\/fr\/national-day-of-remembrance-and-action-on-violence-against-women\/\"},\"author\":{\"name\":\"IATSE Communications\",\"@id\":\"https:\/\/iatse.net\/#\/schema\/person\/0f70e66471ace00026b129e85eb44df0\"},\"headline\":\"National Day of Remembrance and Action on Violence against Women\",\"datePublished\":\"2011-12-06T00:00:00+00:00\",\"dateModified\":\"2021-06-11T18:44:37+00:00\",\"mainEntityOfPage\":{\"@id\":\"https:\/\/iatse.net\/fr\/national-day-of-remembrance-and-action-on-violence-against-women\/\"},\"wordCount\":76,\"commentCount\":0,\"publisher\":{\"@id\":\"https:\/\/iatse.net\/#organization\"},\"image\":{\"@id\":\"https:\/\/iatse.net\/fr\/national-day-of-remembrance-and-action-on-violence-against-women\/#primaryimage\"},\"thumbnailUrl\":\"https:\/\/iatse.net\/wp-content\/uploads\/2021\/06\/2-1.jpg\",\"keywords\":[\"Canada\"],\"articleSection\":[\"News\"],\"inLanguage\":\"fr-CA\"},{\"@type\":\"WebPage\",\"@id\":\"https:\/\/iatse.net\/fr\/national-day-of-remembrance-and-action-on-violence-against-women\/\",\"url\":\"https:\/\/iatse.net\/fr\/national-day-of-remembrance-and-action-on-violence-against-women\/\",\"name\":\"National Day of Remembrance and Action on Violence against Women - IATSE\",\"isPartOf\":{\"@id\":\"https:\/\/iatse.net\/#website\"},\"primaryImageOfPage\":{\"@id\":\"https:\/\/iatse.net\/fr\/national-day-of-remembrance-and-action-on-violence-against-women\/#primaryimage\"},\"image\":{\"@id\":\"https:\/\/iatse.net\/fr\/national-day-of-remembrance-and-action-on-violence-against-women\/#primaryimage\"},\"thumbnailUrl\":\"https:\/\/iatse.net\/wp-content\/uploads\/2021\/06\/2-1.jpg\",\"datePublished\":\"2011-12-06T00:00:00+00:00\",\"dateModified\":\"2021-06-11T18:44:37+00:00\",\"breadcrumb\":{\"@id\":\"https:\/\/iatse.net\/fr\/national-day-of-remembrance-and-action-on-violence-against-women\/#breadcrumb\"},\"inLanguage\":\"fr-CA\",\"potentialAction\":[{\"@type\":\"ReadAction\",\"target\":[\"https:\/\/iatse.net\/fr\/national-day-of-remembrance-and-action-on-violence-against-women\/\"]}]},{\"@type\":\"ImageObject\",\"inLanguage\":\"fr-CA\",\"@id\":\"https:\/\/iatse.net\/fr\/national-day-of-remembrance-and-action-on-violence-against-women\/#primaryimage\",\"url\":\"https:\/\/iatse.net\/wp-content\/uploads\/2021\/06\/2-1.jpg\",\"contentUrl\":\"https:\/\/iatse.net\/wp-content\/uploads\/2021\/06\/2-1.jpg\",\"width\":1920,\"height\":1080,\"caption\":\"IATSE Canada logo\"},{\"@type\":\"BreadcrumbList\",\"@id\":\"https:\/\/iatse.net\/fr\/national-day-of-remembrance-and-action-on-violence-against-women\/#breadcrumb\",\"itemListElement\":[{\"@type\":\"ListItem\",\"position\":1,\"name\":\"Home\",\"item\":\"https:\/\/iatse.net\/\"},{\"@type\":\"ListItem\",\"position\":2,\"name\":\"National Day of Remembrance and Action on Violence against Women\"}]},{\"@type\":\"WebSite\",\"@id\":\"https:\/\/iatse.net\/#website\",\"url\":\"https:\/\/iatse.net\/\",\"name\":\"IATSE\",\"description\":\"The Union Behind Entertainment\",\"publisher\":{\"@id\":\"https:\/\/iatse.net\/#organization\"},\"potentialAction\":[{\"@type\":\"SearchAction\",\"target\":{\"@type\":\"EntryPoint\",\"urlTemplate\":\"https:\/\/iatse.net\/?s={search_term_string}\"},\"query-input\":{\"@type\":\"PropertyValueSpecification\",\"valueRequired\":true,\"valueName\":\"search_term_string\"}}],\"inLanguage\":\"fr-CA\"},{\"@type\":\"Organization\",\"@id\":\"https:\/\/iatse.net\/#organization\",\"name\":\"IATSE\",\"url\":\"https:\/\/iatse.net\/\",\"logo\":{\"@type\":\"ImageObject\",\"inLanguage\":\"fr-CA\",\"@id\":\"https:\/\/iatse.net\/#\/schema\/logo\/image\/\",\"url\":\"https:\/\/iatse.net\/wp-content\/uploads\/2021\/03\/IATSE_Logo_White.png\",\"contentUrl\":\"https:\/\/iatse.net\/wp-content\/uploads\/2021\/03\/IATSE_Logo_White.png\",\"width\":2100,\"height\":1987,\"caption\":\"IATSE\"},\"image\":{\"@id\":\"https:\/\/iatse.net\/#\/schema\/logo\/image\/\"}},{\"@type\":\"Person\",\"@id\":\"https:\/\/iatse.net\/#\/schema\/person\/0f70e66471ace00026b129e85eb44df0\",\"name\":\"IATSE Communications\",\"image\":{\"@type\":\"ImageObject\",\"inLanguage\":\"fr-CA\",\"@id\":\"https:\/\/iatse.net\/#\/schema\/person\/image\/\",\"url\":\"https:\/\/secure.gravatar.com\/avatar\/35aecdeea9e9584c91ca1675b0997004?s=96&d=mm&r=g\",\"contentUrl\":\"https:\/\/secure.gravatar.com\/avatar\/35aecdeea9e9584c91ca1675b0997004?s=96&d=mm&r=g\",\"caption\":\"IATSE Communications\"},\"sameAs\":[\"https:\/\/iatse.net\"],\"url\":\"https:\/\/iatse.net\/fr\/author\/communications\/\"}]}<\/script>\n<!-- \/ Yoast SEO plugin. -->","yoast_head_json":{"title":"National Day of Remembrance and Action on Violence against Women - IATSE","robots":{"index":"index","follow":"follow","max-snippet":"max-snippet:-1","max-image-preview":"max-image-preview:large","max-video-preview":"max-video-preview:-1"},"canonical":"https:\/\/iatse.net\/fr\/national-day-of-remembrance-and-action-on-violence-against-women\/","og_locale":"fr_CA","og_type":"article","og_title":"National Day of Remembrance and Action on Violence against Women - IATSE","og_description":"On December 6th, we commemorate the lives of the 14 women killed in Montr\u00e9al in 1989. On this day, we remember all women and girls who are murdered or experience [&hellip;]","og_url":"https:\/\/iatse.net\/fr\/national-day-of-remembrance-and-action-on-violence-against-women\/","og_site_name":"IATSE","article_published_time":"2011-12-06T00:00:00+00:00","article_modified_time":"2021-06-11T18:44:37+00:00","og_image":[{"width":1920,"height":1080,"url":"https:\/\/iatse.net\/wp-content\/uploads\/2021\/06\/2-1.jpg","type":"image\/jpeg"}],"author":"IATSE Communications","twitter_card":"summary_large_image","twitter_misc":{"\u00c9crit par":"IATSE Communications","Estimation du temps de lecture":"1 minute"},"schema":{"@context":"https:\/\/schema.org","@graph":[{"@type":"Article","@id":"https:\/\/iatse.net\/fr\/national-day-of-remembrance-and-action-on-violence-against-women\/#article","isPartOf":{"@id":"https:\/\/iatse.net\/fr\/national-day-of-remembrance-and-action-on-violence-against-women\/"},"author":{"name":"IATSE Communications","@id":"https:\/\/iatse.net\/#\/schema\/person\/0f70e66471ace00026b129e85eb44df0"},"headline":"National Day of Remembrance and Action on Violence against Women","datePublished":"2011-12-06T00:00:00+00:00","dateModified":"2021-06-11T18:44:37+00:00","mainEntityOfPage":{"@id":"https:\/\/iatse.net\/fr\/national-day-of-remembrance-and-action-on-violence-against-women\/"},"wordCount":76,"commentCount":0,"publisher":{"@id":"https:\/\/iatse.net\/#organization"},"image":{"@id":"https:\/\/iatse.net\/fr\/national-day-of-remembrance-and-action-on-violence-against-women\/#primaryimage"},"thumbnailUrl":"https:\/\/iatse.net\/wp-content\/uploads\/2021\/06\/2-1.jpg","keywords":["Canada"],"articleSection":["News"],"inLanguage":"fr-CA"},{"@type":"WebPage","@id":"https:\/\/iatse.net\/fr\/national-day-of-remembrance-and-action-on-violence-against-women\/","url":"https:\/\/iatse.net\/fr\/national-day-of-remembrance-and-action-on-violence-against-women\/","name":"National Day of Remembrance and Action on Violence against Women - IATSE","isPartOf":{"@id":"https:\/\/iatse.net\/#website"},"primaryImageOfPage":{"@id":"https:\/\/iatse.net\/fr\/national-day-of-remembrance-and-action-on-violence-against-women\/#primaryimage"},"image":{"@id":"https:\/\/iatse.net\/fr\/national-day-of-remembrance-and-action-on-violence-against-women\/#primaryimage"},"thumbnailUrl":"https:\/\/iatse.net\/wp-content\/uploads\/2021\/06\/2-1.jpg","datePublished":"2011-12-06T00:00:00+00:00","dateModified":"2021-06-11T18:44:37+00:00","breadcrumb":{"@id":"https:\/\/iatse.net\/fr\/national-day-of-remembrance-and-action-on-violence-against-women\/#breadcrumb"},"inLanguage":"fr-CA","potentialAction":[{"@type":"ReadAction","target":["https:\/\/iatse.net\/fr\/national-day-of-remembrance-and-action-on-violence-against-women\/"]}]},{"@type":"ImageObject","inLanguage":"fr-CA","@id":"https:\/\/iatse.net\/fr\/national-day-of-remembrance-and-action-on-violence-against-women\/#primaryimage","url":"https:\/\/iatse.net\/wp-content\/uploads\/2021\/06\/2-1.jpg","contentUrl":"https:\/\/iatse.net\/wp-content\/uploads\/2021\/06\/2-1.jpg","width":1920,"height":1080,"caption":"IATSE Canada logo"},{"@type":"BreadcrumbList","@id":"https:\/\/iatse.net\/fr\/national-day-of-remembrance-and-action-on-violence-against-women\/#breadcrumb","itemListElement":[{"@type":"ListItem","position":1,"name":"Home","item":"https:\/\/iatse.net\/"},{"@type":"ListItem","position":2,"name":"National Day of Remembrance and Action on Violence against Women"}]},{"@type":"WebSite","@id":"https:\/\/iatse.net\/#website","url":"https:\/\/iatse.net\/","name":"IATSE","description":"The Union Behind Entertainment","publisher":{"@id":"https:\/\/iatse.net\/#organization"},"potentialAction":[{"@type":"SearchAction","target":{"@type":"EntryPoint","urlTemplate":"https:\/\/iatse.net\/?s={search_term_string}"},"query-input":{"@type":"PropertyValueSpecification","valueRequired":true,"valueName":"search_term_string"}}],"inLanguage":"fr-CA"},{"@type":"Organization","@id":"https:\/\/iatse.net\/#organization","name":"IATSE","url":"https:\/\/iatse.net\/","logo":{"@type":"ImageObject","inLanguage":"fr-CA","@id":"https:\/\/iatse.net\/#\/schema\/logo\/image\/","url":"https:\/\/iatse.net\/wp-content\/uploads\/2021\/03\/IATSE_Logo_White.png","contentUrl":"https:\/\/iatse.net\/wp-content\/uploads\/2021\/03\/IATSE_Logo_White.png","width":2100,"height":1987,"caption":"IATSE"},"image":{"@id":"https:\/\/iatse.net\/#\/schema\/logo\/image\/"}},{"@type":"Person","@id":"https:\/\/iatse.net\/#\/schema\/person\/0f70e66471ace00026b129e85eb44df0","name":"IATSE Communications","image":{"@type":"ImageObject","inLanguage":"fr-CA","@id":"https:\/\/iatse.net\/#\/schema\/person\/image\/","url":"https:\/\/secure.gravatar.com\/avatar\/35aecdeea9e9584c91ca1675b0997004?s=96&d=mm&r=g","contentUrl":"https:\/\/secure.gravatar.com\/avatar\/35aecdeea9e9584c91ca1675b0997004?s=96&d=mm&r=g","caption":"IATSE Communications"},"sameAs":["https:\/\/iatse.net"],"url":"https:\/\/iatse.net\/fr\/author\/communications\/"}]}},"acf":[],"_links":{"self":[{"href":"https:\/\/iatse.net\/fr\/wp-json\/wp\/v2\/posts\/1543"}],"collection":[{"href":"https:\/\/iatse.net\/fr\/wp-json\/wp\/v2\/posts"}],"about":[{"href":"https:\/\/iatse.net\/fr\/wp-json\/wp\/v2\/types\/post"}],"author":[{"embeddable":true,"href":"https:\/\/iatse.net\/fr\/wp-json\/wp\/v2\/users\/1"}],"replies":[{"embeddable":true,"href":"https:\/\/iatse.net\/fr\/wp-json\/wp\/v2\/comments?post=1543"}],"version-history":[{"count":1,"href":"https:\/\/iatse.net\/fr\/wp-json\/wp\/v2\/posts\/1543\/revisions"}],"predecessor-version":[{"id":2592,"href":"https:\/\/iatse.net\/fr\/wp-json\/wp\/v2\/posts\/1543\/revisions\/2592"}],"wp:featuredmedia":[{"embeddable":true,"href":"https:\/\/iatse.net\/fr\/wp-json\/wp\/v2\/media\/1488"}],"wp:attachment":[{"href":"https:\/\/iatse.net\/fr\/wp-json\/wp\/v2\/media?parent=1543"}],"wp:term":[{"taxonomy":"category","embeddable":true,"href":"https:\/\/iatse.net\/fr\/wp-json\/wp\/v2\/categories?post=1543"},{"taxonomy":"post_tag","embeddable":true,"href":"https:\/\/iatse.net\/fr\/wp-json\/wp\/v2\/tags?post=1543"}],"curies":[{"name":"wp","href":"https:\/\/api.w.org\/{rel}","templated":true}]}}